{"id":134585,"date":"2026-01-11T12:34:09","date_gmt":"2026-01-11T12:34:09","guid":{"rendered":"https:\/\/www.europesays.com\/no\/134585\/"},"modified":"2026-01-11T12:34:09","modified_gmt":"2026-01-11T12:34:09","slug":"na-snur-det-lenge-til-vi-ser-tort-vaer-igjen-agderposten-no","status":"publish","type":"post","link":"https:\/\/www.europesays.com\/no\/134585\/","title":{"rendered":"N\u00e5 snur det: \u2013 Lenge til vi ser t\u00f8rt v\u00e6r igjen &#8211; agderposten.no"},"content":{"rendered":"<ol>\n<li><a href=\"https:\/\/news.google.com\/rss\/articles\/CBMilAFBVV95cUxOeGpVeHZDeDJCV0VUU05xSExwWHZBQm1NXzFUYmZOcHBoR19zSFFjWTZoVjY2ajFWdllyT0ZPVGhmVmRRVlo5cEZIaUw2aUYxT2JCcFpuWTd0X2QwYk8wVGROOFBkUUpSWm80Y2ROc3RWeU0wYWlHNW5NcFkxaTN3TklBU1BfMkluNHJ0Qk1kbWo5S0Na?oc=5\" target=\"_blank\" rel=\"nofollow noopener\">N\u00e5 snur det: \u2013 Lenge til vi ser t\u00f8rt v\u00e6r igjen<\/a>&nbsp;&nbsp;agderposten.no<\/li>\n<li><a href=\"https:\/\/news.google.com\/rss\/articles\/CBMie0FVX3lxTFB3cGdIM2FTdWw5WkZrbmlfS1A5eEhIZ1I0MlJtaFYwaHR2WVl4b1F1MVJOU2c4OE40RndmTFVGbEZnQ0Mxdl9LYWNLeDM0VkNackdSUjN1U09PclE3RGg4WjZYaG9tbUZvT0dFZW5rMWFoNWE0RzVLTUlTVQ?oc=5\" target=\"_blank\" rel=\"nofollow noopener\">V\u00e6r, Larvik | \u00c5rets kaldeste dag \u2013 men n\u00e5 skal det snu<\/a>&nbsp;&nbsp;\u00d8stlands-Posten<\/li>\n<li><a href=\"https:\/\/news.google.com\/rss\/articles\/CBMibEFVX3lxTE9iczR4VDdWV3VBMDROempHdEhDU3JOTHphd2MzeGdmaTBwUWo0dTJLTzF4SFZZX3lKc19PUC00cEV2VHFERU1GSk5uT2VUQkkzUEJxMEo4dGNrV0xaMFhTU1NKSGlvOWpyV3ZkWQ?oc=5\" target=\"_blank\" rel=\"nofollow noopener\">No kjem mildv\u00earet<\/a>&nbsp;&nbsp;vikebladet.no<\/li>\n<li><a href=\"https:\/\/news.google.com\/rss\/articles\/CBMiqgFBVV95cUxQYVV6dUNudjMxcmY3Z2xZbWxSNTQ0REV3NUVfMGhyOVBHdWljTjJlWUUxOUNkS0IxQ2RlMVVYbU9VcEJrYnB3SlhGbHNySG43TWhKbUpibzNnOVlKOWZOV2tWd1FqaEJoT3ZIeTdFS2pMVHRmZndvbEZ3SU1sdV96SGdIX2FyazVfaWQyV2tFc1Q2NlNFb2ZqLXJUQ2F3ZkR2WDRqNm9KRktIZw?oc=5\" target=\"_blank\" rel=\"nofollow noopener\">V\u00e6ret, Namdalen | Kulda slipper taket, men&#8230;: \u2013 Dere kan f\u00e5 liten storm utsatte steder<\/a>&nbsp;&nbsp;Namdalsavisa<\/li>\n<li><a href=\"https:\/\/news.google.com\/rss\/articles\/CBMidkFVX3lxTE56Z3BZZnZUU2NYWnpRaHJzWXVUOVIzZWxQdzRHdmtOQWFaUmx0dWM0d0NKd0VPeklrNjRROWZjRWZ6aS1ZYVJZVFczdHpCeEJtaTlTdHpkdGp3VjYtdklrZ2xSN3dzSFVMN3EtRnNkZWt4OFZ1WkE?oc=5\" target=\"_blank\" rel=\"nofollow noopener\">V\u00e6r, Kulde | Vinterens kaldeste \u2013 men n\u00e5 snur det<\/a>&nbsp;&nbsp;Sandefjords Blad<\/li>\n<\/ol>\n","protected":false},"excerpt":{"rendered":"N\u00e5 snur det: \u2013 Lenge til vi ser t\u00f8rt v\u00e6r igjen&nbsp;&nbsp;agderposten.no V\u00e6r, Larvik | \u00c5rets kaldeste dag \u2013&hellip;\n","protected":false},"author":2,"featured_media":134586,"comment_status":"","ping_status":"","sticky":false,"template":"","format":"standard","meta":{"footnotes":""},"categories":[10],"tags":[20,21,24,25,15,22,23,13,30,28,29,14,16,26,27],"class_list":{"0":"post-134585","1":"post","2":"type-post","3":"status-publish","4":"format-standard","5":"has-post-thumbnail","7":"category-norge","8":"tag-breaking-news","9":"tag-breakingnews","10":"tag-featured-news","11":"tag-featurednews","12":"tag-headlines","13":"tag-latest-news","14":"tag-latestnews","15":"tag-news","16":"tag-no","17":"tag-norge","18":"tag-norway","19":"tag-nyheter","20":"tag-overskrifter","21":"tag-top-stories","22":"tag-topstories"},"share_on_mastodon":{"url":"https:\/\/pubeurope.com\/@no\/115876493047906411","error":""},"_links":{"self":[{"href":"https:\/\/www.europesays.com\/no\/wp-json\/wp\/v2\/posts\/134585","targetHints":{"allow":["GET"]}}],"collection":[{"href":"https:\/\/www.europesays.com\/no\/wp-json\/wp\/v2\/posts"}],"about":[{"href":"https:\/\/www.europesays.com\/no\/wp-json\/wp\/v2\/types\/post"}],"author":[{"embeddable":true,"href":"https:\/\/www.europesays.com\/no\/wp-json\/wp\/v2\/users\/2"}],"replies":[{"embeddable":true,"href":"https:\/\/www.europesays.com\/no\/wp-json\/wp\/v2\/comments?post=134585"}],"version-history":[{"count":0,"href":"https:\/\/www.europesays.com\/no\/wp-json\/wp\/v2\/posts\/134585\/revisions"}],"wp:featuredmedia":[{"embeddable":true,"href":"https:\/\/www.europesays.com\/no\/wp-json\/wp\/v2\/media\/134586"}],"wp:attachment":[{"href":"https:\/\/www.europesays.com\/no\/wp-json\/wp\/v2\/media?parent=134585"}],"wp:term":[{"taxonomy":"category","embeddable":true,"href":"https:\/\/www.europesays.com\/no\/wp-json\/wp\/v2\/categories?post=134585"},{"taxonomy":"post_tag","embeddable":true,"href":"https:\/\/www.europesays.com\/no\/wp-json\/wp\/v2\/tags?post=134585"}],"curies":[{"name":"wp","href":"https:\/\/api.w.org\/{rel}","templated":true}]}}