{"id":134594,"date":"2026-01-11T12:45:11","date_gmt":"2026-01-11T12:45:11","guid":{"rendered":"https:\/\/www.europesays.com\/no\/134594\/"},"modified":"2026-01-11T12:45:11","modified_gmt":"2026-01-11T12:45:11","slug":"reagerer-pa-minnemarkering-det-foltes-feil","status":"publish","type":"post","link":"https:\/\/www.europesays.com\/no\/134594\/","title":{"rendered":"Reagerer p\u00e5 minnemarkering: \u2013 Det f\u00f8ltes feil"},"content":{"rendered":"\n<p class=\"_lead_o9xde_2 _lead_xtcu6_50 layout-component text-serif-m layout-normal text-serif-l layout-component layout-wide layout-padded _wide_17hqh_1 layout-padded\">Ga minnemarkeringen etter \u00c5ge Hareide og Sivert Guttorm Bakken p\u00e5 Idrettsgallaen nok tid til ettertanke?<\/p>\n<p><img alt=\" Foto: Bj\u00f8rn S. Delebekk \/ VG\" class=\"_image_qp4xg_65 layout-component layout-wide\" data-fullscreen- data-track-element-type=\"Article image fullscreen\" data-track-name=\"ImageFullscreen\" fetchpriority=\"high\" decoding=\"sync\" loading=\"eager\" height=\"5504\" itemprop=\"image\"  src=\"https:\/\/www.europesays.com\/no\/wp-content\/uploads\/2026\/01\/46cf1869-255e-4b35-8f10-25e19633fb85.jpeg\"  style=\"object-position:0% 0%\" width=\"8256\"\/> Foto: Bj\u00f8rn S. Delebekk \/ VGRapporterer fra Hamar Oppdatert s\u00f8ndag 11. januar kl. 12:29     <\/p>\n<p class=\"_paragraph_o9xde_4 _paragraph_xtcu6_10 layout-component text-serif-m layout-normal text-serif-m layout-padded\">Nei, mener TV 2s sportskommentator Mina Finstad Berg.<\/p>\n<p class=\"_paragraph_o9xde_4 _paragraph_xtcu6_10 layout-component text-serif-m layout-normal text-serif-m layout-padded\">\u00ab<a href=\"https:\/\/www.tv2.no\/mening-og-analyse\/var-det-alt\/18451730\/\" class=\"_link_o9xde_39\" rel=\"nofollow noopener\" target=\"_blank\">Var dette alt?<\/a>\u00bb sp\u00f8r hun i en kommentar p\u00e5 TV2.no etter Idrettsgallaen p\u00e5 Hamar l\u00f8rdag kveld.<\/p>\n<p class=\"_paragraph_o9xde_4 _paragraph_xtcu6_10 layout-component text-serif-m layout-normal text-serif-m layout-padded\">\u2013 Jeg ble litt tatt p\u00e5 sengen av at det var s\u00e5 fort over. Overgangen rett over til neste kategori ble veldig br\u00e5. Det er det jeg reagerte mest p\u00e5, utdyper Finstad Berg.<\/p>\n<p><img decoding=\"async\" alt=\"Bilde av Mina Finstad Berg\" class=\"_image_ygndg_42\" height=\"27\" itemprop=\"image\" loading=\"lazy\"  src=\"https:\/\/www.europesays.com\/no\/wp-content\/uploads\/2026\/01\/249584ad-904b-46b5-878e-b931296d7ca1.jpeg\"  width=\"40\"\/><strong class=\"_name_ygndg_51 title-serif-xs\">Mina Finstad Berg<\/strong><\/p>\n<p class=\"_paragraph_o9xde_4 text-sans-m _description_ygndg_56\">Sportskommentator i TV 2<\/p>\n<p class=\"_paragraph_o9xde_4 _paragraph_xtcu6_10 layout-component text-serif-m layout-normal text-serif-m layout-padded\">Markeringen besto av en sekvens med stillbilder og musikk, etterfulgt av applaus.<\/p>\n<p class=\"_paragraph_o9xde_4 _paragraph_xtcu6_10 layout-component text-serif-m layout-normal text-serif-m layout-padded\">Mens publikum i salen fortsatt klappet, ble vignetten og de nominerte for \u00ab\u00c5rets navn\u00bb avspilt.<\/p>\n<p class=\"_paragraph_o9xde_4 _paragraph_xtcu6_10 layout-component text-serif-m layout-normal text-serif-m layout-padded\">Slik var markeringen for Bakken i Tyskland denne uken:<\/p>\n<p class=\"_paragraph_o9xde_4 _paragraph_xtcu6_10 layout-component text-serif-m layout-normal text-serif-m layout-padded\">\u2013 Jeg har forst\u00e5else for at det er krevende \u00f8velse \u00e5 arrangere minnemarkering i en festaften. Det virker som at familien har \u00f8nsket at det ikke skal v\u00e6re for mye, og det skal vi ha respekt for, sier Finstad Berg.<\/p>\n<p class=\"_paragraph_o9xde_4 _paragraph_xtcu6_10 layout-component text-serif-m layout-normal text-serif-m layout-padded\">Men:<\/p>\n<p class=\"_paragraph_o9xde_4 _paragraph_xtcu6_10 layout-component text-serif-m layout-normal text-serif-m layout-padded\">\u2013 Man kunne kostet p\u00e5 seg litt st\u00f8rre rom for ettertanke. Det hadde vi t\u00e5lt selv p\u00e5 en festaften, uten at det hadde \u00f8delagt festen. Man kunne hatt en mer verdig overgang, som var mindre p\u00e5trengende og br\u00e5. Vi ble avbrutt midt i markeringen, og det f\u00f8ltes feil, sier Finstad Berg.<\/p>\n<p class=\"_paragraph_o9xde_4 _paragraph_xtcu6_10 layout-component text-serif-m layout-normal text-serif-m layout-padded\">Hareide gikk bort 19. desember og bisatt denne uken. Han fikk diagnosen hjernekreft i juli.<\/p>\n<p class=\"_paragraph_o9xde_4 _paragraph_xtcu6_10 layout-component text-serif-m layout-normal text-serif-m layout-padded\">Skiskytter Sivert Guttorm Bakken ble funnet d\u00f8d p\u00e5 sitt hotellrom i italienske Lavaz\u00e8 lille julaften.<\/p>\n<p class=\"_paragraph_o9xde_4 _paragraph_xtcu6_10 layout-component text-serif-m layout-normal text-serif-m layout-padded\">Han ble bare 27 \u00e5r gammel. Hans d\u00f8dsfall har etterlatt skiskyttersporten i stor sorg.<\/p>\n<p class=\"_paragraph_o9xde_4 _paragraph_xtcu6_10 layout-component text-serif-m layout-normal text-serif-m layout-padded\">Slik ble Bakken hedret da skiskytterne var tilbake i konkurranse denne uken:<\/p>\n<p class=\"_root_1xq52_1\" lang=\"en\" dir=\"auto\">Hvil i fred, Sivert. \ud83e\udd0d<\/p>\n<p>The start gate remains empty at the beginning of today&#8217;s men sprint &#8211; and Bakken&#8217;s teammates and friends hold bib 1 dedicated to him. \ud83d\ude14 <\/p>\n<p class=\"_paragraph_o9xde_4 _paragraph_xtcu6_10 layout-component text-serif-m layout-normal text-serif-m layout-padded\">\u2013 Hadde det v\u00e6rt bedre \u00e5 ikke ha denne markeringen i det hele tatt?<\/p>\n<p class=\"_paragraph_o9xde_4 _paragraph_xtcu6_10 layout-component text-serif-m layout-normal text-serif-m layout-padded\">\u2013 Det hadde f\u00f8ltes veldig, veldig rart om ikke gallaen skulle nevne eller markere disse to d\u00f8dsfallene. Det ville ogs\u00e5 skapt reaksjoner, sier Finstad Berg.<\/p>\n<p class=\"_paragraph_o9xde_4 _paragraph_xtcu6_10 layout-component text-serif-m layout-normal text-serif-m layout-padded\">\u2013 De kunne tatt noen ganske sm\u00e5, enkle grep for \u00e5 f\u00e5 dette til \u00e5 bli en annen type markering. <\/p>\n<p class=\"_paragraph_o9xde_4 _paragraph_xtcu6_10 layout-component text-serif-m layout-normal text-serif-m layout-padded\">Stian Malme er prosjektleder for Idrettsgallaen i NRK.<\/p>\n<p class=\"_paragraph_o9xde_4 _paragraph_xtcu6_10 layout-component text-serif-m layout-normal text-serif-m layout-padded\">Han sier denne typen markeringer ikke er vanlig for gallaen, som f\u00f8rst og fremst skal feire prestasjonene i norsk idrett.<\/p>\n<p class=\"_paragraph_o9xde_4 _paragraph_xtcu6_10 layout-component text-serif-m layout-normal text-serif-m layout-padded\">Selve markeringen var avstemt med b\u00e5de styret i gallaen og familiene til de avd\u00f8de, sier Malme.<\/p>\n<p class=\"_paragraph_o9xde_4 _paragraph_xtcu6_10 layout-component text-serif-m layout-normal text-serif-m layout-padded\">Han har lest kommentaren til Finstad Berg, og blir av VG forelagt kritikken om at det var for lite tid til ettertanke.<\/p>\n<p class=\"_paragraph_o9xde_4 _paragraph_xtcu6_10 layout-component text-serif-m layout-normal text-serif-m layout-padded\">\u2013 Jeg synes det er leit, sier Malme om akkurat dette.<\/p>\n<p class=\"_paragraph_o9xde_4 _paragraph_xtcu6_10 layout-component text-serif-m layout-normal text-serif-m layout-padded\">\u2013 Jeg tror folk reagerer litt ulikt. Noen trenger nok enda mer tid til ettertanke, mens andre tenker det var helt riktig. Alle disse tankene er like mye verdt. Dette er en dypt tragisk situasjon, som vi valgte \u00e5 markere i en galla som ikke har for vane \u00e5 gj\u00f8re, sier Malme.<\/p>\n<p><img decoding=\"async\" alt=\"Bilde av Stian Malme (arkivfoto fra 2013)\" class=\"_image_ygndg_42\" height=\"60\" itemprop=\"image\" loading=\"lazy\"  src=\"https:\/\/www.europesays.com\/no\/wp-content\/uploads\/2026\/01\/f9ea56fb-7eb7-466d-9403-0c6ef13c8814.jpeg\"  width=\"40\"\/><strong class=\"_name_ygndg_51 title-serif-xs\">Stian Malme (arkivfoto fra 2013)<\/strong><\/p>\n<p class=\"_paragraph_o9xde_4 text-sans-m _description_ygndg_56\">Prosjektleder i NRK<\/p>\n<p class=\"_paragraph_o9xde_4 _paragraph_xtcu6_10 layout-component text-serif-m layout-normal text-serif-m layout-padded\">Han sier det ikke var meningen \u00e5 haste seg videre s\u00e5 raskt som mulig. Det er en to timer og 40 minutter lang sending, og mye som skal med.<\/p>\n<p class=\"_paragraph_o9xde_4 _paragraph_xtcu6_10 layout-component text-serif-m layout-normal text-serif-m layout-padded\">\u2013 Vi h\u00e5per likevel de aller fleste fikk tid til \u00e5 minnes Hareide og Bakken, og tenke p\u00e5 minnene de har med dem, sier Malme.<\/p>\n<p class=\"_paragraph_o9xde_4 _paragraph_xtcu6_10 layout-component text-serif-m layout-normal text-serif-m layout-padded\">\u2013 Vurderte dere \u00e5 gj\u00f8re det til noe st\u00f8rre?<\/p>\n<p class=\"_paragraph_o9xde_4 _paragraph_xtcu6_10 layout-component text-serif-m layout-normal text-serif-m layout-padded\">\u2013 Idrettsgallaen har handlet om idrettsprestasjoner. Men s\u00e5 er dette mennesker som har hatt litt spesielle d\u00f8dsfall, derfor ble det markert. Vi har gjort det tidligere ogs\u00e5 p\u00e5 Idrettsgallaen, men det har ikke v\u00e6rt veldig ofte. For Idrettsgallaen handler om noe annet.<\/p>\n<p class=\"_paragraph_o9xde_4 _paragraph_xtcu6_10 layout-component text-serif-m layout-normal text-serif-m layout-padded\">\u2013 Er det et bevisst valg at dere ikke kj\u00f8rte levende bilder av Bakken og Hareide?<\/p>\n<p class=\"_paragraph_o9xde_4 _paragraph_xtcu6_10 layout-component text-serif-m layout-normal text-serif-m layout-padded\">\u2013 Ja, det var det s\u00e5 absolutt.<\/p>\n<p class=\"_paragraph_o9xde_4 _paragraph_xtcu6_10 layout-component text-serif-m layout-normal text-serif-m layout-padded\">\u2013 Det vurderte ikke \u00e5 ta med flere?<\/p>\n<p class=\"_paragraph_o9xde_4 _paragraph_xtcu6_10 layout-component text-serif-m layout-normal text-serif-m layout-padded\">\u2013 Vi har vurdert masse, men vi landet slik.<\/p>\n<p>\u00c5rets kvinnelige ut\u00f8ver<\/p>\n<ul class=\"_list_o9xde_3 _list_xtcu6_9 _list_16v91_9 _unordered_o9xde_106 layout-component text-serif-m layout-normal text-sans-m layout-padded\" itemprop=\"text\">\n<li class=\"_item_o9xde_30\">Grace Bullen, bryting<\/li>\n<li class=\"_item_o9xde_30\">Kari Brattset Dale, h\u00e5ndball<\/li>\n<li class=\"_item_o9xde_30\"><strong class=\"_strong_o9xde_25\">Jeanette Hegg Duestad, skyting (vinner)<\/strong><\/li>\n<li class=\"_item_o9xde_30\">Marte Elverum, styrkel\u00f8ft<\/li>\n<li class=\"_item_o9xde_30\">Caroline Graham Hansen, fotball<\/li>\n<li class=\"_item_o9xde_30\">Gyda Westvold Hansen, kombinert<\/li>\n<li class=\"_item_o9xde_30\">Therese Johaug, langrenn<\/li>\n<li class=\"_item_o9xde_30\">Henriette J\u00e6ger, friidrett<\/li>\n<li class=\"_item_o9xde_30\">Solfrid Koanda, vektl\u00f8fting<\/li>\n<li class=\"_item_o9xde_30\">Solveig L\u00f8vseth, triatlon<\/li>\n<li class=\"_item_o9xde_30\">Henny Reistad, h\u00e5ndball<\/li>\n<li class=\"_item_o9xde_30\">Ragne Wiklund, sk\u00f8yter<\/li>\n<\/ul>\n<p>\u00c5rets mannlige ut\u00f8ver<\/p>\n<ul class=\"_list_o9xde_3 _list_xtcu6_9 _list_16v91_9 _unordered_o9xde_106 layout-component text-serif-m layout-normal text-sans-m layout-padded\" itemprop=\"text\">\n<li class=\"_item_o9xde_30\">Johannes Thingnes B\u00f8, skiskyting<\/li>\n<li class=\"_item_o9xde_30\">Sander Eitrem, sk\u00f8yter<\/li>\n<li class=\"_item_o9xde_30\">Kasper Harlem Fosser, orientering<\/li>\n<li class=\"_item_o9xde_30\"><strong class=\"_strong_o9xde_25\">Erling Braut Haaland, fotball (vinner)<\/strong><\/li>\n<li class=\"_item_o9xde_30\">Jakob Ingebrigtsen, friidrett<\/li>\n<li class=\"_item_o9xde_30\">Johannes H\u00f8sflot Kl\u00e6bo, langrenn<\/li>\n<li class=\"_item_o9xde_30\">Peder Kongshaug, sk\u00f8yter<\/li>\n<li class=\"_item_o9xde_30\">Sturla Holm L\u00e6greid, skiskyting<\/li>\n<li class=\"_item_o9xde_30\">Kristoffer Reitan, golf<\/li>\n<li class=\"_item_o9xde_30\">Jarl Magnus Riiber, kombinert<\/li>\n<li class=\"_item_o9xde_30\">Birk Ruud, freeski<\/li>\n<li class=\"_item_o9xde_30\">Sander Aae Skotheim, friidrett<\/li>\n<li class=\"_item_o9xde_30\">Casper Stornes, triatlon<\/li>\n<li class=\"_item_o9xde_30\">Martin \u00d8degaard, fotball<\/li>\n<\/ul>\n<p>\u00c5rets lag<\/p>\n<ul class=\"_list_o9xde_3 _list_xtcu6_9 _list_16v91_9 _unordered_o9xde_106 layout-component text-serif-m layout-normal text-sans-m layout-padded\" itemprop=\"text\">\n<li class=\"_item_o9xde_30\">Beachvolleygutta, sandvolleyball<\/li>\n<li class=\"_item_o9xde_30\">Bod\u00f8\/Glimt, fotball<\/li>\n<li class=\"_item_o9xde_30\"><strong class=\"_strong_o9xde_25\">Fotballandslaget, herrer, fotball (vinner)<\/strong><\/li>\n<li class=\"_item_o9xde_30\">H\u00e5ndballjentene, h\u00e5ndball<\/li>\n<li class=\"_item_o9xde_30\">Uno-X, sykkellag, sykkel<\/li>\n<\/ul>\n<p>\u00c5rets gjennombrudd<\/p>\n<ul class=\"_list_o9xde_3 _list_xtcu6_9 _list_16v91_9 _unordered_o9xde_106 layout-component text-serif-m layout-normal text-sans-m layout-padded\" itemprop=\"text\">\n<li class=\"_item_o9xde_30\">H\u00e5kon Moe Berg, friidrett<\/li>\n<li class=\"_item_o9xde_30\">Einar Hedegart, langrenn<\/li>\n<li class=\"_item_o9xde_30\">Maren Hjelmeset Kirkeeide, skiskyting<\/li>\n<li class=\"_item_o9xde_30\">Nicolai Budkov Kj\u00e6r, tennis<\/li>\n<li class=\"_item_o9xde_30\"><strong class=\"_strong_o9xde_25\">Kristoffer Reitan, golf (vinner)<\/strong><\/li>\n<li class=\"_item_o9xde_30\">Ulrik Samn\u00f8y, freeski<\/li>\n<li class=\"_item_o9xde_30\">Pia Young Vik, orientering<\/li>\n<\/ul>\n<p>\u00c5rets kvinnelige paraut\u00f8ver<\/p>\n<ul class=\"_list_o9xde_3 _list_xtcu6_9 _list_16v91_9 _unordered_o9xde_106 layout-component text-serif-m layout-normal text-sans-m layout-padded\" itemprop=\"text\">\n<li class=\"_item_o9xde_30\">Vilde Nilsen, langrenn<\/li>\n<li class=\"_item_o9xde_30\"><strong class=\"_strong_o9xde_25\">Helle Sofie Sag\u00f8y, badminton (vinner)<\/strong><\/li>\n<li class=\"_item_o9xde_30\">Lena Schr\u00f8der, ishockey<\/li>\n<li class=\"_item_o9xde_30\">Suzanna Tangen, sykkel<\/li>\n<\/ul>\n<p>\u00c5rets mannlige paraut\u00f8ver<\/p>\n<ul class=\"_list_o9xde_3 _list_xtcu6_9 _list_16v91_9 _unordered_o9xde_106 layout-component text-serif-m layout-normal text-sans-m layout-padded\" itemprop=\"text\">\n<li class=\"_item_o9xde_30\"><strong class=\"_strong_o9xde_25\">Salum Kashafali, friidrett (vinner)<\/strong><\/li>\n<li class=\"_item_o9xde_30\">Thomas Karb\u00f8l Oxaal, langrenn<\/li>\n<li class=\"_item_o9xde_30\">Jesper Saltvik Pedersen, alpint<\/li>\n<li class=\"_item_o9xde_30\">Kim Rishaug, klatring<\/li>\n<li class=\"_item_o9xde_30\">Fredrik Solberg, sv\u00f8mming<\/li>\n<li class=\"_item_o9xde_30\">Vegard Sverd, friidrett<\/li>\n<\/ul>\n<p>\u00c5rets trener<\/p>\n<ul class=\"_list_o9xde_3 _list_xtcu6_9 _list_16v91_9 _unordered_o9xde_106 layout-component text-serif-m layout-normal text-sans-m layout-padded\" itemprop=\"text\">\n<li class=\"_item_o9xde_30\">Ole Gustav Gjekstad, h\u00e5ndball<\/li>\n<li class=\"_item_o9xde_30\">Unn Merete Lie J\u00e6ger, friidrett<\/li>\n<li class=\"_item_o9xde_30\">Kjetil Knutsen, fotball<\/li>\n<li class=\"_item_o9xde_30\">Siegfried Mazet\/Egil Kristiansen, skiskyting<\/li>\n<li class=\"_item_o9xde_30\">Arild Monsen og Eirik Myhr Nossum, langrenn<\/li>\n<li class=\"_item_o9xde_30\">Bjarne Rykkje, sk\u00f8yter<\/li>\n<li class=\"_item_o9xde_30\">Janne Salmi, orientering<\/li>\n<li class=\"_item_o9xde_30\"><strong class=\"_strong_o9xde_25\">St\u00e5le Solbakken, fotball (vinner)<\/strong><\/li>\n<\/ul>\n<p>\u00c5rets navn (folkejury)<\/p>\n<ul class=\"_list_o9xde_3 _list_xtcu6_9 _list_16v91_9 _unordered_o9xde_106 layout-component text-serif-m layout-normal text-sans-m layout-padded\" itemprop=\"text\">\n<li class=\"_item_o9xde_30\">Bod\u00f8\/Glimt, fotball<\/li>\n<li class=\"_item_o9xde_30\">Johannes Thingnes B\u00f8, skiskyting<\/li>\n<li class=\"_item_o9xde_30\">Jeanette Hegg Duestad, skyting<\/li>\n<li class=\"_item_o9xde_30\">Fotballandslaget, herrer, fotball<\/li>\n<li class=\"_item_o9xde_30\">Erling Braut Haaland, fotball<\/li>\n<li class=\"_item_o9xde_30\">H\u00e5ndballjentene, h\u00e5ndball<\/li>\n<li class=\"_item_o9xde_30\">Jakob Ingebrigtsen, friidrett<\/li>\n<li class=\"_item_o9xde_30\">Therese Johaug, langrenn<\/li>\n<li class=\"_item_o9xde_30\">Salum Kashafali, friidrett<\/li>\n<li class=\"_item_o9xde_30\">Johannes H\u00f8sflot Kl\u00e6bo, langrenn<\/li>\n<li class=\"_item_o9xde_30\">Solfrid Koanda, vektl\u00f8fting<\/li>\n<li class=\"_item_o9xde_30\"><strong class=\"_strong_o9xde_25\">Katrine Lunde, h\u00e5ndball \u2013 vinner<\/strong><\/li>\n<li class=\"_item_o9xde_30\">Solveig L\u00f8vseth, triatlon<\/li>\n<li class=\"_item_o9xde_30\">Frida Maanum, fotball<\/li>\n<li class=\"_item_o9xde_30\">Vilde Nilsen, langrenn<\/li>\n<li class=\"_item_o9xde_30\">Jarl Magnus Riiber, kombinert<\/li>\n<li class=\"_item_o9xde_30\">Magnus Carlsen, sjakk<\/li>\n<\/ul>\n<p class=\"_paragraph_o9xde_4 _paragraph_xtcu6_10 _paragraph_16v91_10 layout-component text-serif-m layout-normal text-sans-m layout-padded\" itemprop=\"text\">Folket hadde stemt ut seks nominerte det til slutt sto mellom: Bod\u00f8\/Glimt, Fotball-landslaget, Johannes H\u00f8sflot Kl\u00e6bo, Magnus Carlsen, Katrine Lunde og Solfrid Koanda.<\/p>\n","protected":false},"excerpt":{"rendered":"Ga minnemarkeringen etter \u00c5ge Hareide og Sivert Guttorm Bakken p\u00e5 Idrettsgallaen nok tid til ettertanke? Foto: Bj\u00f8rn S.&hellip;\n","protected":false},"author":2,"featured_media":134595,"comment_status":"","ping_status":"","sticky":false,"template":"","format":"standard","meta":{"footnotes":""},"categories":[5],"tags":[11648,20,21,24,25,15,19,13569,15454,22,23,17,18,13,30,28,29,14,16,13042,26,27],"class_list":{"0":"post-134594","1":"post","2":"type-post","3":"status-publish","4":"format-standard","5":"has-post-thumbnail","7":"category-overskrifter","8":"tag-age-hareide","9":"tag-breaking-news","10":"tag-breakingnews","11":"tag-featured-news","12":"tag-featurednews","13":"tag-headlines","14":"tag-hovedoppslag","15":"tag-idrettsgallaen","16":"tag-idrettsgallaen-2026","17":"tag-latest-news","18":"tag-latestnews","19":"tag-main-news","20":"tag-mainnews","21":"tag-news","22":"tag-no","23":"tag-norge","24":"tag-norway","25":"tag-nyheter","26":"tag-overskrifter","27":"tag-sivert-guttorm-bakken","28":"tag-top-stories","29":"tag-topstories"},"share_on_mastodon":{"url":"https:\/\/pubeurope.com\/@no\/115876536226696724","error":""},"_links":{"self":[{"href":"https:\/\/www.europesays.com\/no\/wp-json\/wp\/v2\/posts\/134594","targetHints":{"allow":["GET"]}}],"collection":[{"href":"https:\/\/www.europesays.com\/no\/wp-json\/wp\/v2\/posts"}],"about":[{"href":"https:\/\/www.europesays.com\/no\/wp-json\/wp\/v2\/types\/post"}],"author":[{"embeddable":true,"href":"https:\/\/www.europesays.com\/no\/wp-json\/wp\/v2\/users\/2"}],"replies":[{"embeddable":true,"href":"https:\/\/www.europesays.com\/no\/wp-json\/wp\/v2\/comments?post=134594"}],"version-history":[{"count":0,"href":"https:\/\/www.europesays.com\/no\/wp-json\/wp\/v2\/posts\/134594\/revisions"}],"wp:featuredmedia":[{"embeddable":true,"href":"https:\/\/www.europesays.com\/no\/wp-json\/wp\/v2\/media\/134595"}],"wp:attachment":[{"href":"https:\/\/www.europesays.com\/no\/wp-json\/wp\/v2\/media?parent=134594"}],"wp:term":[{"taxonomy":"category","embeddable":true,"href":"https:\/\/www.europesays.com\/no\/wp-json\/wp\/v2\/categories?post=134594"},{"taxonomy":"post_tag","embeddable":true,"href":"https:\/\/www.europesays.com\/no\/wp-json\/wp\/v2\/tags?post=134594"}],"curies":[{"name":"wp","href":"https:\/\/api.w.org\/{rel}","templated":true}]}}