{"id":134600,"date":"2026-01-11T12:51:11","date_gmt":"2026-01-11T12:51:11","guid":{"rendered":"https:\/\/www.europesays.com\/no\/134600\/"},"modified":"2026-01-11T12:51:11","modified_gmt":"2026-01-11T12:51:11","slug":"konkurrerte-om-a-bli-best-nisse-ol-for-nisser","status":"publish","type":"post","link":"https:\/\/www.europesays.com\/no\/134600\/","title":{"rendered":"Konkurrerte om \u00e5 bli best nisse \u00abOL\u00bb for nisser"},"content":{"rendered":"\n<p class=\"_paragraph_o9xde_4 _paragraph_xtcu6_10 layout-component text-serif-m layout-normal text-serif-m layout-padded\">\u2013 Du skj\u00f8nner det at vi er s\u00e5 slitne etter \u00e5 ha jobbet hele desember, s\u00e5 n\u00e5 har vi julenisser tatt litt ferie for \u00e5 slappe av og ha det g\u00f8y, sier Robert Hercz til barna som har flokket seg rundt han.<\/p>\n<p class=\"_paragraph_o9xde_4 _paragraph_xtcu6_10 layout-component text-serif-m layout-normal text-serif-m layout-padded\">Han er ikledd en m\u00f8rk r\u00f8d pelsdrakt med gullknapper og et tykt belte rundt livet. Det hvite skjegget er s\u00e5 ekte som det g\u00e5r an.<\/p>\n<p><img alt=\"\" class=\"_image_qp4xg_65 layout-component layout-left\" data-fullscreen- data-track-element-type=\"Article image fullscreen\" data-track-name=\"ImageFullscreen\" decoding=\"async\" loading=\"lazy\" height=\"3594\" itemprop=\"image\"  src=\"https:\/\/www.europesays.com\/no\/wp-content\/uploads\/2026\/01\/f870fb9f-5ec8-4e3c-8b39-62a6ad2f5be7.png\"  style=\"object-position:0% 0%\" width=\"4792\"\/><img alt=\"\" class=\"_image_qp4xg_65 layout-component layout-right\" data-fullscreen- data-track-element-type=\"Article image fullscreen\" data-track-name=\"ImageFullscreen\" decoding=\"async\" loading=\"lazy\" height=\"3926\" itemprop=\"image\"  src=\"https:\/\/www.europesays.com\/no\/wp-content\/uploads\/2026\/01\/4a3a2ad1-436a-4625-9373-f5a2f1318dec.jpeg\"  style=\"object-position:0% 0%\" width=\"5234\"\/><img alt=\"Julenisse Robert Pedersen Sundby, Robert Hercz og Richard von L\u00f8wensprung.\" class=\"_image_qp4xg_65 layout-component layout-left\" data-fullscreen- data-track-element-type=\"Article image fullscreen\" data-track-name=\"ImageFullscreen\" decoding=\"async\" loading=\"lazy\" height=\"3908\" itemprop=\"image\"  src=\"https:\/\/www.europesays.com\/no\/wp-content\/uploads\/2026\/01\/630fd67a-eb08-45d3-afc8-13b681281700.png\"  style=\"object-position:0% 0%\" width=\"5210\"\/>Julenisse Robert Pedersen Sundby, Robert Hercz og Richard von L\u00f8wensprung.<\/p>\n<p class=\"_paragraph_o9xde_4 _paragraph_xtcu6_10 layout-component text-serif-m layout-normal text-serif-m layout-padded\">\u2013 Januar er det virkelig en god anledning for oss julenisser til \u00e5 ta ferie, sier julenisse Richard von L\u00f8wensprung.<\/p>\n<p class=\"_paragraph_o9xde_4 _paragraph_xtcu6_10 layout-component text-serif-m layout-normal text-serif-m layout-padded\">Han er leder i Julenisselauget, en interesseorganisasjon og fagforening for alle nisser i Norge. Denne helgen arrangerer han leker hvor nisser fra hele Norge konkurrerer i alt fra hurtigpakking av gaver til gr\u00f8tsleivkast.<\/p>\n<p class=\"_paragraph_o9xde_4 _paragraph_xtcu6_10 layout-component text-serif-m layout-normal text-serif-m layout-padded\">\u2013 Hvis du bommer blir det strafferunde rundt juletreet, ler L\u00f8wensprung.<\/p>\n<p class=\"_paragraph_o9xde_4 _paragraph_xtcu6_10 layout-component text-serif-m layout-normal text-serif-m layout-padded\">Nisse-OL, Nisse-VM, Santalympics, Julenisselekene. Helgens arrangement p\u00e5 Savalen h\u00f8yfjellshotell har blitt beskrevet p\u00e5 mange m\u00e5ter opp gjennom \u00e5rene.<\/p>\n<p class=\"_paragraph_o9xde_4 _paragraph_xtcu6_10 layout-component text-serif-m layout-normal text-serif-m layout-padded\">\u2013 N\u00e5 har det f\u00e5tt navnet Santa Claus Winter Games, sier L\u00f8wensprung. <\/p>\n<p><img alt=\"\" class=\"_image_qp4xg_65 layout-component layout-left\" data-fullscreen- data-track-element-type=\"Article image fullscreen\" data-track-name=\"ImageFullscreen\" decoding=\"async\" loading=\"lazy\" height=\"3766\" itemprop=\"image\"  src=\"https:\/\/www.europesays.com\/no\/wp-content\/uploads\/2026\/01\/18663613-5bc6-4d08-875d-791d13f90848.jpeg\"  style=\"object-position:0% 0%\" width=\"5021\"\/><img alt=\"\" class=\"_image_qp4xg_65 layout-component layout-right\" data-fullscreen- data-track-element-type=\"Article image fullscreen\" data-track-name=\"ImageFullscreen\" decoding=\"async\" loading=\"lazy\" height=\"3719\" itemprop=\"image\"  src=\"https:\/\/www.europesays.com\/no\/wp-content\/uploads\/2026\/01\/c211ed0d-81b6-4666-9814-8aba2de4650c.png\"  style=\"object-position:0% 0%\" width=\"4958\"\/><\/p>\n<p class=\"_paragraph_o9xde_4 _paragraph_xtcu6_10 layout-component text-serif-m layout-normal text-serif-m layout-padded\">F\u00f8rst konkurrerer nissene i hvem som kan kj\u00f8re raskest med spark. Videre er det hinderl\u00f8ype. Runden avsluttes med et man klatrer opp i en pipe.<\/p>\n<p class=\"_paragraph_o9xde_4 _paragraph_xtcu6_10 layout-component text-serif-m layout-normal text-serif-m layout-padded\">\u2013 Du m\u00e5 f\u00e5 deg bedre skjeggvekst, roper \u00e9n nisse til en annen.<\/p>\n<p class=\"_paragraph_o9xde_4 _paragraph_xtcu6_10 layout-component text-serif-m layout-normal text-serif-m layout-padded\">\u2013 Jeg kalles fjompenisse fordi jeg ikke har skjegget p\u00e5 meg. Jeg har det med \u2013 men det kl\u00f8r jo s\u00e5 f\u00e6lt, smiler Nils Erik Gr\u00f8terud (67).<\/p>\n<p class=\"_paragraph_o9xde_4 _paragraph_xtcu6_10 layout-component text-serif-m layout-normal text-serif-m layout-padded\">\u2013 Du er julenisse og heter Gr\u00f8terud til etternavn?<\/p>\n<p class=\"_paragraph_o9xde_4 _paragraph_xtcu6_10 layout-component text-serif-m layout-normal text-serif-m layout-padded\">Fjompenissen ler godt.<\/p>\n<p class=\"_paragraph_o9xde_4 _paragraph_xtcu6_10 layout-component text-serif-m layout-normal text-serif-m layout-padded\">\u2013 Det er ikke s\u00e5 mange som legger merke til det. Men det er absolutt g\u00f8y \u00e5 hete noe med \u00abgr\u00f8t\u00bb n\u00e5r man er nisse, svarer Gr\u00f8terud, og forteller at han har tatt navnet til kona.<\/p>\n<p><img alt=\"Nils Erik Gr\u00f8terud deltar p\u00e5 Santa Claus Winter Games for tredje gang.\" class=\"_image_qp4xg_65 layout-component layout-left\" data-fullscreen- data-track-element-type=\"Article image fullscreen\" data-track-name=\"ImageFullscreen\" decoding=\"async\" loading=\"lazy\" height=\"5205\" itemprop=\"image\"  src=\"https:\/\/www.europesays.com\/no\/wp-content\/uploads\/2026\/01\/2ee02e44-a6fd-4892-93a0-a44d4c2c79a4.jpeg\"  style=\"object-position:0% 0%\" width=\"3904\"\/>Nils Erik Gr\u00f8terud deltar p\u00e5 Santa Claus Winter Games for tredje gang.<img alt=\"\" class=\"_image_qp4xg_65 layout-component layout-right\" data-fullscreen- data-track-element-type=\"Article image fullscreen\" data-track-name=\"ImageFullscreen\" decoding=\"async\" loading=\"lazy\" height=\"3900\" itemprop=\"image\"  src=\"https:\/\/www.europesays.com\/no\/wp-content\/uploads\/2026\/01\/9b2e1477-e320-4a12-be21-e0d61d9ff98b.jpeg\"  style=\"object-position:0% 0%\" width=\"5200\"\/><\/p>\n<p class=\"_paragraph_o9xde_4 _paragraph_xtcu6_10 layout-component text-serif-m layout-normal text-serif-m layout-padded\">Barna p\u00e5 Savalen f\u00e5r store \u00f8yne n\u00e5r de ser alle julenissene og nissekonene.<\/p>\n<p class=\"_paragraph_o9xde_4 _paragraph_xtcu6_10 layout-component text-serif-m layout-normal text-serif-m layout-padded\">\u2013 Vil dere v\u00e6re med \u00e5 kappl\u00f8pe med spark? <\/p>\n<p class=\"_paragraph_o9xde_4 _paragraph_xtcu6_10 layout-component text-serif-m layout-normal text-serif-m layout-padded\">Vegard (1), Iver (5) og Imre (1) f\u00e5r alle sitte p\u00e5, mens nissene gir fart.<\/p>\n<p class=\"_paragraph_o9xde_4 _paragraph_xtcu6_10 layout-component text-serif-m layout-normal text-serif-m layout-padded\">Lekene har v\u00e6rt en tradisjon i mange \u00e5r, og ble for f\u00f8rste gang arrangert i 2003.<\/p>\n<p class=\"_paragraph_o9xde_4 _paragraph_xtcu6_10 layout-component text-serif-m layout-normal text-serif-m layout-padded\">\u2013 Hva er det morsomste med \u00e5 v\u00e6re nisse?<\/p>\n<p class=\"_paragraph_o9xde_4 _paragraph_xtcu6_10 layout-component text-serif-m layout-normal text-serif-m layout-padded\">\u2013 \u00c5 m\u00f8te barn, og se gleden og spenningen i dem. Det er hele drivkraften, sier L\u00f8wensprung<\/p>\n<p><img alt=\"\" class=\"_image_qp4xg_65 layout-component layout-left\" data-fullscreen- data-track-element-type=\"Article image fullscreen\" data-track-name=\"ImageFullscreen\" decoding=\"async\" loading=\"lazy\" height=\"3921\" itemprop=\"image\"  src=\"https:\/\/www.europesays.com\/no\/wp-content\/uploads\/2026\/01\/24e18a07-99b2-4288-acb3-b357b57b75e8.png\"  style=\"object-position:0% 0%\" width=\"5228\"\/><img alt=\"\" class=\"_image_qp4xg_65 layout-component layout-right\" data-fullscreen- data-track-element-type=\"Article image fullscreen\" data-track-name=\"ImageFullscreen\" decoding=\"async\" loading=\"lazy\" height=\"3807\" itemprop=\"image\"  src=\"https:\/\/www.europesays.com\/no\/wp-content\/uploads\/2026\/01\/a75f4bc2-e54f-4d4c-9d84-b4a23f39c60a.jpeg\"  style=\"object-position:0% 0%\" width=\"5076\"\/><img alt=\"\" class=\"_image_qp4xg_65 layout-component layout-left\" data-fullscreen- data-track-element-type=\"Article image fullscreen\" data-track-name=\"ImageFullscreen\" decoding=\"async\" loading=\"lazy\" height=\"3780\" itemprop=\"image\"  src=\"https:\/\/www.europesays.com\/no\/wp-content\/uploads\/2026\/01\/6d5bba43-30d3-4e39-ac32-de64ee767f65.jpeg\"  style=\"object-position:0% 0%\" width=\"5040\"\/><\/p>\n<p class=\"_paragraph_o9xde_4 _paragraph_xtcu6_10 layout-component text-serif-m layout-normal text-serif-m layout-padded\">\u2013 B\u00f8! <\/p>\n<p class=\"_paragraph_o9xde_4 _paragraph_xtcu6_10 layout-component text-serif-m layout-normal text-serif-m layout-padded\">Pernille (8) roper mens hun hopper foran to nisser etter \u00e5 ha klatret opp pipa.<\/p>\n<p class=\"_paragraph_o9xde_4 _paragraph_xtcu6_10 layout-component text-serif-m layout-normal text-serif-m layout-padded\">\u2013 Julenissen jukset, roper hun, mens hun peker mot Robert Hercz.<\/p>\n<p class=\"_paragraph_o9xde_4 _paragraph_xtcu6_10 layout-component text-serif-m layout-normal text-serif-m layout-padded\">\u2013 Nei-ei, roper Hercz tilbake.<\/p>\n<p class=\"_paragraph_o9xde_4 _paragraph_xtcu6_10 layout-component text-serif-m layout-normal text-serif-m layout-padded\">\u2013 Jo-o! Han dyttet meg n\u00e5r jeg sprang rundt juletreet, ler Pernille.<\/p>\n<p><img alt=\"\" class=\"_image_qp4xg_65 layout-component layout-left\" data-fullscreen- data-track-element-type=\"Article image fullscreen\" data-track-name=\"ImageFullscreen\" decoding=\"async\" loading=\"lazy\" height=\"3746\" itemprop=\"image\"  src=\"https:\/\/www.europesays.com\/no\/wp-content\/uploads\/2026\/01\/b3f52fa7-3e51-46dd-be96-8543a2963c16.png\"  style=\"object-position:0% 0%\" width=\"4994\"\/><img alt=\"\" class=\"_image_qp4xg_65 layout-component layout-right\" data-fullscreen- data-track-element-type=\"Article image fullscreen\" data-track-name=\"ImageFullscreen\" decoding=\"async\" loading=\"lazy\" height=\"3758\" itemprop=\"image\"  src=\"https:\/\/www.europesays.com\/no\/wp-content\/uploads\/2026\/01\/ba0f1db4-8d83-4523-8931-4e97521c0ad4.png\"  style=\"object-position:0% 0%\" width=\"5010\"\/><\/p>\n<p class=\"_paragraph_o9xde_4 _paragraph_xtcu6_10 layout-component text-serif-m layout-normal text-serif-m layout-padded\">Hennie Falkmo (8) kaster lasso mot reisdrygeviret. Hun bes\u00f8ker Savalen med hele 17 andre familiemedlemmer.<\/p>\n<p class=\"_paragraph_o9xde_4 _paragraph_xtcu6_10 layout-component text-serif-m layout-normal text-serif-m layout-padded\">\u2013 Det var en julegave fra besteforeldrene, men vi visste ikke at det kom til \u00e5 v\u00e6re s\u00e5 mange nisser her, ler mamma Kristine Falchnymo.<\/p>\n<p><img alt=\"\" class=\"_image_qp4xg_65 layout-component layout-right\" data-fullscreen- data-track-element-type=\"Article image fullscreen\" data-track-name=\"ImageFullscreen\" decoding=\"async\" loading=\"lazy\" height=\"3924\" itemprop=\"image\"  src=\"https:\/\/www.europesays.com\/no\/wp-content\/uploads\/2026\/01\/a3e0f3bf-b888-416b-8856-585761685a72.jpeg\"  style=\"object-position:0% 0%\" width=\"5232\"\/><img alt=\"\" class=\"_image_qp4xg_65 layout-component layout-left\" data-fullscreen- data-track-element-type=\"Article image fullscreen\" data-track-name=\"ImageFullscreen\" decoding=\"async\" loading=\"lazy\" height=\"3655\" itemprop=\"image\"  src=\"https:\/\/www.europesays.com\/no\/wp-content\/uploads\/2026\/01\/9ecb8a11-7c25-46fd-93db-07e5f68de8f9.jpeg\"  style=\"object-position:0% 0%\" width=\"4873\"\/><\/p>\n<p class=\"_paragraph_o9xde_4 _paragraph_xtcu6_10 layout-component text-serif-m layout-normal text-serif-m layout-padded\">Nisselekene har overlevd i en \u00e5rrekke og h\u00e5per L\u00f8wensprung h\u00e5per p\u00e5 mange deltagere under 25-\u00e5rsjubileet neste \u00e5r.<\/p>\n<p class=\"_paragraph_o9xde_4 _paragraph_xtcu6_10 layout-component text-serif-m layout-normal text-serif-m layout-padded\">\u2013 I \u00e5r er vi vel rundt 20, men noen \u00e5r noen har vi v\u00e6rt nesten 200. Folk har reist fra Japan, USA og Russland, forteller han.<\/p>\n<p class=\"_paragraph_o9xde_4 _paragraph_xtcu6_10 layout-component text-serif-m layout-normal text-serif-m layout-padded\">Julenisse Robert Pedersen Sundby (33) har reist fra \u00c5lesund for \u00e5 delta.<\/p>\n<p><img alt=\"Robert Pedersen Sundby elsker \u00e5 jobbe som julenisse.\" class=\"_image_qp4xg_65 layout-component layout-normal\" data-fullscreen- data-track-element-type=\"Article image fullscreen\" data-track-name=\"ImageFullscreen\" decoding=\"async\" loading=\"lazy\" height=\"4892\" itemprop=\"image\"  src=\"https:\/\/www.europesays.com\/no\/wp-content\/uploads\/2026\/01\/c6863cfd-26fd-49f0-8889-650fc32812e1.jpeg\"  style=\"object-position:0% 0%\" width=\"3669\"\/>Robert Pedersen Sundby elsker \u00e5 jobbe som julenisse.<\/p>\n<p class=\"_paragraph_o9xde_4 _paragraph_xtcu6_10 layout-component text-serif-m layout-normal text-serif-m layout-padded\">\u2013 Jeg er her fordi dette er en fantastisk plass for oss julenisser. Her l\u00e6rer jeg \u00e5 kjenne nye folk og  nissehistorier.<\/p>\n<p class=\"_paragraph_o9xde_4 _paragraph_xtcu6_10 layout-component text-serif-m layout-normal text-serif-m layout-padded\">\u2013 S\u00e5 har vi et felles m\u00e5l: \u00c5 spre glede. <\/p>\n<p class=\"_paragraph_o9xde_4 _paragraph_xtcu6_10 layout-component text-serif-m layout-normal text-serif-m layout-padded\">Selv har han spredd glede siden ungdomsskolen da han for f\u00f8rste gang kledde seg ut som nisse i et revynummer. Men det er de siste \u00e5rene han har g\u00e5tt inn i rollen for fullt. <\/p>\n<p class=\"_paragraph_o9xde_4 _paragraph_xtcu6_10 layout-component text-serif-m layout-normal text-serif-m layout-padded\">\u2013 For to \u00e5r siden var jeg aspirant her p\u00e5 nisselekene \u2013 n\u00e5 er jeg sertifisert som proffnisse, smiler han.<\/p>\n<p><img alt=\"Ole Bele konkurrerer om \u00e5 kaste nissesekken lengst.\" class=\"_image_qp4xg_65 layout-component layout-left\" data-fullscreen- data-track-element-type=\"Article image fullscreen\" data-track-name=\"ImageFullscreen\" decoding=\"async\" loading=\"lazy\" height=\"3931\" itemprop=\"image\"  src=\"https:\/\/www.europesays.com\/no\/wp-content\/uploads\/2026\/01\/5d328387-29a3-4bc6-ac0c-85a416037c29.png\"  style=\"object-position:0% 0%\" width=\"5241\"\/>Ole Bele konkurrerer om \u00e5 kaste nissesekken lengst.<img alt=\"\" class=\"_image_qp4xg_65 layout-component layout-right\" data-fullscreen- data-track-element-type=\"Article image fullscreen\" data-track-name=\"ImageFullscreen\" decoding=\"async\" loading=\"lazy\" height=\"3694\" itemprop=\"image\"  src=\"https:\/\/www.europesays.com\/no\/wp-content\/uploads\/2026\/01\/5afa8a43-e7de-4feb-b796-cf514ea54c5c.png\"  style=\"object-position:0% 0%\" width=\"4925\"\/><img alt=\"Vegard Vatn (t.v) ble kveldens store nissevinner.\" class=\"_image_qp4xg_65 layout-component layout-left\" data-fullscreen- data-track-element-type=\"Article image fullscreen\" data-track-name=\"ImageFullscreen\" decoding=\"async\" loading=\"lazy\" height=\"3851\" itemprop=\"image\"  src=\"https:\/\/www.europesays.com\/no\/wp-content\/uploads\/2026\/01\/a30a91af-103d-4d53-a930-755b244f9d12.jpeg\"  style=\"object-position:0% 0%\" width=\"5135\"\/>Vegard Vatn (t.v) ble kveldens store nissevinner.    <\/p>\n","protected":false},"excerpt":{"rendered":"\u2013 Du skj\u00f8nner det at vi er s\u00e5 slitne etter \u00e5 ha jobbet hele desember, s\u00e5 n\u00e5 har&hellip;\n","protected":false},"author":2,"featured_media":134601,"comment_status":"","ping_status":"","sticky":false,"template":"","format":"standard","meta":{"footnotes":""},"categories":[10],"tags":[20,21,24,25,15485,15,5593,22,23,13,30,28,29,14,16,26,27],"class_list":{"0":"post-134600","1":"post","2":"type-post","3":"status-publish","4":"format-standard","5":"has-post-thumbnail","7":"category-norge","8":"tag-breaking-news","9":"tag-breakingnews","10":"tag-featured-news","11":"tag-featurednews","12":"tag-foto","13":"tag-headlines","14":"tag-jul","15":"tag-latest-news","16":"tag-latestnews","17":"tag-news","18":"tag-no","19":"tag-norge","20":"tag-norway","21":"tag-nyheter","22":"tag-overskrifter","23":"tag-top-stories","24":"tag-topstories"},"share_on_mastodon":{"url":"https:\/\/pubeurope.com\/@no\/115876559956574449","error":""},"_links":{"self":[{"href":"https:\/\/www.europesays.com\/no\/wp-json\/wp\/v2\/posts\/134600","targetHints":{"allow":["GET"]}}],"collection":[{"href":"https:\/\/www.europesays.com\/no\/wp-json\/wp\/v2\/posts"}],"about":[{"href":"https:\/\/www.europesays.com\/no\/wp-json\/wp\/v2\/types\/post"}],"author":[{"embeddable":true,"href":"https:\/\/www.europesays.com\/no\/wp-json\/wp\/v2\/users\/2"}],"replies":[{"embeddable":true,"href":"https:\/\/www.europesays.com\/no\/wp-json\/wp\/v2\/comments?post=134600"}],"version-history":[{"count":0,"href":"https:\/\/www.europesays.com\/no\/wp-json\/wp\/v2\/posts\/134600\/revisions"}],"wp:featuredmedia":[{"embeddable":true,"href":"https:\/\/www.europesays.com\/no\/wp-json\/wp\/v2\/media\/134601"}],"wp:attachment":[{"href":"https:\/\/www.europesays.com\/no\/wp-json\/wp\/v2\/media?parent=134600"}],"wp:term":[{"taxonomy":"category","embeddable":true,"href":"https:\/\/www.europesays.com\/no\/wp-json\/wp\/v2\/categories?post=134600"},{"taxonomy":"post_tag","embeddable":true,"href":"https:\/\/www.europesays.com\/no\/wp-json\/wp\/v2\/tags?post=134600"}],"curies":[{"name":"wp","href":"https:\/\/api.w.org\/{rel}","templated":true}]}}