{"id":134606,"date":"2026-01-11T13:00:27","date_gmt":"2026-01-11T13:00:27","guid":{"rendered":"https:\/\/www.europesays.com\/no\/134606\/"},"modified":"2026-01-11T13:00:27","modified_gmt":"2026-01-11T13:00:27","slug":"skandale-i-tysk-eliteavdeling-nazihilsener-trusler-og-narkotika","status":"publish","type":"post","link":"https:\/\/www.europesays.com\/no\/134606\/","title":{"rendered":"Skandale i tysk eliteavdeling: Nazihilsener, trusler og narkotika"},"content":{"rendered":"<p>De tyske v\u00e6pnede styrkene er rammet av en skandale om seksuell trakassering, ytre h\u00f8yre-ekstremisme og narkotikabruk i eliteavdelingen det 26. fallskjermjegerregiment, melder\u00a0<a href=\"https:\/\/www.ft.com\/content\/9d20eec7-aa95-4731-b863-2acbb65c652c\" rel=\"nofollow noopener\" target=\"_blank\">Financial Times.<\/a><\/p>\n<p>P\u00e5talemyndigheten etterforsker mer enn et dusin anklager mot soldater i regimentet. Etterforskningen omfatter blant annet p\u00e5stander om nazihilsener, bruk av forbudte ekstremistsymboler, narkotika og at soldater skal ha brukt nazi-inspirerte uniformer.<\/p>\n<p><img decoding=\"async\" class=\"lazyload \" src=\"https:\/\/www.europesays.com\/no\/wp-content\/uploads\/2026\/01\/1768136427_478_pipe.jpeg\"  data- alt=\"\"\/><\/p>\n<p>SJOKKERT: Tysklands forsvarsminister Boris Pistorius. <strong>Foto: Bloomberg<\/strong><\/p>\n<p class=\"subhead\" data-element-type=\"subhead\" data-element-label=\"Mellomtittel\">Sjokkert\u00a0Pistorius<\/p>\n<p><b>Forsvarsminister Boris Pistorius sier han er \u00absjokkert\u00bb over avsl\u00f8ringene og at de st\u00e5r \u00abi skarp kontrast til Bundeswehrs grunnleggende verdier\u00bb.\u00a0<\/b><\/p>\n<p>Saken kommer samtidig som Tyskland lanserer en ny ordning for frivillig milit\u00e6rtjeneste for 18-\u00e5ringer, og fors\u00f8ker \u00e5 styrke forsvaret og rekrutteringen i lys av det russiske trusselbildet.<\/p>\n<p>Agnieszka Brugger, som sitter i Forbundsdagens forsvarskomit\u00e9 for De Gr\u00f8nne, advarer om at anklagene sverter \u00abden viktige tjenesten s\u00e5 mange soldater utf\u00f8rer\u00bb, og kaller det et alvorlig problem i en periode der Bundeswehr trenger \u00e5 tiltrekke seg de mest kompetente kandidatene, if\u00f8lge FT.<\/p>\n<p class=\"subhead\" data-element-type=\"subhead\" data-element-label=\"Mellomtittel\">Sl\u00e5tt av instrukt\u00f8r<\/p>\n<p>Regimentet best\u00e5r av rundt 1.700 soldater og har v\u00e6rt brukt i utenlandsoppdrag og evakueringer i blant annet Afghanistan, Mali og Sudan.\u00a0<\/p>\n<p>Saken ble kjent etter et anonymt tips til en lokalavis. H\u00e6ren har senere bekreftet at den hadde startet unders\u00f8kelser etter klager fra kvinnelige fallskjermjegere, if\u00f8lge FT.<\/p>\n<p>Enhetens sjef, oberst Oliver Henkel, er fjernet fra stillingen, men har avvist at det har sammenheng med anklagene.<\/p>\n<p><b>If\u00f8lge opplysninger gjengitt i tyske medier skal kvinner ogs\u00e5 ha blitt utsatt for grov sjargong, pornografiske vitser og voldtektstrusler, samt mannlige kolleger som blottet kj\u00f8nnsorganene.\u00a0<\/b><\/p>\n<p>Torsdag meldte Der Spiegel om flere anklager, blant annet om en kompanisjef rettet en delvis ladd pistol mot ansiktene til to soldater og at soldater ble utsatt for vold fra instrukt\u00f8rer.<\/p>\n<p data-is-last-node=\"\" data-is-only-node=\"\">Bundeswehr opplyser at 55 personer er unders\u00f8kt, tre soldater er avskjediget og 19 risikerer avskjed. Seksten saker er sendt til p\u00e5talemyndigheten, hovedsakelig knyttet til narkotika, men ogs\u00e5 hat og bruk av forbudte symboler.<\/p>\n<p class=\"subhead\" data-element-type=\"subhead\" data-element-label=\"Mellomtittel\">La ned avdeling<\/p>\n<p>I 2020 ble en avdeling i den tyske spesialstyrken Kommando Spezialkr\u00e4fte (KSK) offisielt lagt ned etter anklager om h\u00f8yreekstremisme i egne rekker, if\u00f8lge <a href=\"https:\/\/www.forsvaretsforum.no\/ekstremisme-tyskland-utenriks\/har-offisielt-lagt-ned-en-avdeling-i-den-tyske-elitestyrken\/131192\" rel=\"nofollow noopener\" target=\"_blank\">Forsvarets Forum<\/a>. Nedleggelsen inngikk i et bredere fors\u00f8k p\u00e5 \u00e5 bekjempe ekstremisme i Bundeswehr.<\/p>\n<p><b>KSK hadde v\u00e6rt i hardt v\u00e6r etter flere hendelser, blant annet en fest i 2017 der soldater skal ha lekt med grisehoder mens de h\u00f8rte p\u00e5 nynazistisk rock og viste nazihilsen. Tidligere samme \u00e5r beslagla tysk politi v\u00e5pen og eksplosiver hjemme hos en sersjantmajor i den samme avdelingen.<\/b><\/p>\n<p data-is-last-node=\"\" data-is-only-node=\"\">Den dav\u00e6rende tyske forsvarsministeren Annegret Kramp-Karrenbauer advarte om at hele KSK kunne bli lagt ned dersom utfordringene fortsatte, og beskrev \u00abusunn elitisme\u00bb og \u00abgiftig lederskap\u00bb.\u00a0Noen soldater ble flyttet til andre avdelinger, mens resten m\u00e5tte gjennomg\u00e5 praksis for rekruttering, oppl\u00e6ring og ledelse f\u00f8r de kunne delta p\u00e5 internasjonale \u00f8velser eller oppdrag.\u00a0<\/p>\n","protected":false},"excerpt":{"rendered":"De tyske v\u00e6pnede styrkene er rammet av en skandale om seksuell trakassering, ytre h\u00f8yre-ekstremisme og narkotikabruk i eliteavdelingen&hellip;\n","protected":false},"author":2,"featured_media":134607,"comment_status":"","ping_status":"","sticky":false,"template":"","format":"standard","meta":{"footnotes":""},"categories":[12],"tags":[20,21,24,25,15,22,23,13,30,28,29,14,16,26,27,42,43,44,45],"class_list":{"0":"post-134606","1":"post","2":"type-post","3":"status-publish","4":"format-standard","5":"has-post-thumbnail","7":"category-verden","8":"tag-breaking-news","9":"tag-breakingnews","10":"tag-featured-news","11":"tag-featurednews","12":"tag-headlines","13":"tag-latest-news","14":"tag-latestnews","15":"tag-news","16":"tag-no","17":"tag-norge","18":"tag-norway","19":"tag-nyheter","20":"tag-overskrifter","21":"tag-top-stories","22":"tag-topstories","23":"tag-verden","24":"tag-world","25":"tag-world-news","26":"tag-worldnews"},"share_on_mastodon":{"url":"https:\/\/pubeurope.com\/@no\/115876595295220928","error":""},"_links":{"self":[{"href":"https:\/\/www.europesays.com\/no\/wp-json\/wp\/v2\/posts\/134606","targetHints":{"allow":["GET"]}}],"collection":[{"href":"https:\/\/www.europesays.com\/no\/wp-json\/wp\/v2\/posts"}],"about":[{"href":"https:\/\/www.europesays.com\/no\/wp-json\/wp\/v2\/types\/post"}],"author":[{"embeddable":true,"href":"https:\/\/www.europesays.com\/no\/wp-json\/wp\/v2\/users\/2"}],"replies":[{"embeddable":true,"href":"https:\/\/www.europesays.com\/no\/wp-json\/wp\/v2\/comments?post=134606"}],"version-history":[{"count":0,"href":"https:\/\/www.europesays.com\/no\/wp-json\/wp\/v2\/posts\/134606\/revisions"}],"wp:featuredmedia":[{"embeddable":true,"href":"https:\/\/www.europesays.com\/no\/wp-json\/wp\/v2\/media\/134607"}],"wp:attachment":[{"href":"https:\/\/www.europesays.com\/no\/wp-json\/wp\/v2\/media?parent=134606"}],"wp:term":[{"taxonomy":"category","embeddable":true,"href":"https:\/\/www.europesays.com\/no\/wp-json\/wp\/v2\/categories?post=134606"},{"taxonomy":"post_tag","embeddable":true,"href":"https:\/\/www.europesays.com\/no\/wp-json\/wp\/v2\/tags?post=134606"}],"curies":[{"name":"wp","href":"https:\/\/api.w.org\/{rel}","templated":true}]}}