{"id":134608,"date":"2026-01-11T13:01:08","date_gmt":"2026-01-11T13:01:08","guid":{"rendered":"https:\/\/www.europesays.com\/no\/134608\/"},"modified":"2026-01-11T13:01:08","modified_gmt":"2026-01-11T13:01:08","slug":"revetal-innbrudd-tyver-smadret-dorer-og-montre-dette-er-veldig-kjedelig-ikke-noe-hyggelig-i-det-hele-tatt-tonsbergs-blad","status":"publish","type":"post","link":"https:\/\/www.europesays.com\/no\/134608\/","title":{"rendered":"Revetal, Innbrudd | Tyver smadret d\u00f8rer og montre: \u2013 Dette er veldig kjedelig. Ikke noe hyggelig i det hele tatt &#8211; T\u00f8nsbergs Blad"},"content":{"rendered":"<ol>\n<li><a href=\"https:\/\/news.google.com\/rss\/articles\/CBMivgFBVV95cUxOZ2RUQ2RIbVRfcHRpT0VuNzI1c2JETDRxXzR5ZTluSEsxWjYtMGZBREZKNlk1cnZaU25OMVJDdnJ6d2N6ekxaTm1LMlNNanBYM3N4Yk1FcWdSN0xiMmRZTzVVR0dzZUg2Y3UySWFIZlhneDdCYzQ2Ynp2MURqQ2xHMVNlQXZkUEtUSFpsVVNqdHdSc1NIVEltZUF6T090RW5EN2FRRG5WNEtUNk1zZkxsNGlQQVR0OE5FdjBhSkN3?oc=5\" target=\"_blank\" rel=\"nofollow noopener\">Revetal, Innbrudd | Tyver smadret d\u00f8rer og montre: \u2013 Dette er veldig kjedelig. Ikke noe hyggelig i det hele tatt<\/a>&nbsp;&nbsp;T\u00f8nsbergs Blad<\/li>\n<li><a href=\"https:\/\/news.google.com\/rss\/articles\/CBMiekFVX3lxTFBQRFNfRTY2Rk9zbDdRRmJsY3haZE5ESGc5ZDdSbmJaYmNmRjI4SlNOTEwzVkJISHlYSkl3NEVFVmhfaUNiSWQtYlk4UmZVb2x3eGlnbUJWX0dHYzdJS0Vhajg0RkRDbW9kYzg1RnR6bTNjTTVxaFN3NUxn?oc=5\" target=\"_blank\" rel=\"nofollow noopener\">Usikkert hva gullsmed-tjuvene rakk \u00e5 f\u00e5 med seg: Innbruddet gikk opp i r\u00f8yk<\/a>&nbsp;&nbsp;ReAvisa<\/li>\n<li><a href=\"https:\/\/news.google.com\/rss\/articles\/CBMidkFVX3lxTE1yWEttcUUwS1d4cDR1WVRoRWIxLVhxTUFIazRVNVBocEFFX3NteElqVmFyU25FWGoyb0RuYmdYRGs4WVFWSWQ5bTFxd1AxUURNOWgtR2VsWEhNM3hwaU8tV1h5ZkI3ODcxbEhXN28zUGUyR2lZSEE?oc=5\" target=\"_blank\" rel=\"nofollow noopener\">Etterforsker innbrudd hos gullsmed<\/a>&nbsp;&nbsp;T\u00f8nsbergs Blad<\/li>\n<li><a href=\"https:\/\/news.google.com\/rss\/articles\/CBMimgFBVV95cUxNZmJzTF9oelByQk9aV0VUNHdlTDVGUDcxaXdWXzFHRU1fU3hkUGxtWnVLd0RpSDRUMWVza3J2SGhpZ3Z6OWZtOUN4RmZnUzVXNzhwVkZkZ3ZRN1NzZzJXMHhGc0IxUDE4Z2lBR1FyN0ZadHQ1V1htWmJMWVBjRV85UkNGV0hidm9EQjdJazlsWU1tbUlzX0hqUmpB?oc=5\" target=\"_blank\" rel=\"nofollow noopener\">Innbrudd p\u00e5 Re-torvet: Har hamra seg gjennom denne d\u00f8ra<\/a>&nbsp;&nbsp;ReAvisa<\/li>\n<li><a href=\"https:\/\/news.google.com\/rss\/articles\/CBMihgFBVV95cUxOajZRaXBPRlJOdUZwN3BCSFBqai0xcG5OYldtZlJ1WDBXZVhoeC1BS2FkQ0I4RDc3VVMwRThCNTVXd1lNMGVLVEZDajdTN0d0WGZ6X1g3SHpFVWp4SklHckhkVkY5TGtTeU16WC1PWUVyRl9NbWxMMkk4LWhhQVdHOU93ZzhUdw?oc=5\" target=\"_blank\" rel=\"nofollow noopener\">Martin Gran: \u2013 De har neppe f\u00e5tt med seg s\u00e5 mye<\/a>&nbsp;&nbsp;ReAvisa<\/li>\n<\/ol>\n","protected":false},"excerpt":{"rendered":"Revetal, Innbrudd | Tyver smadret d\u00f8rer og montre: \u2013 Dette er veldig kjedelig. Ikke noe hyggelig i det&hellip;\n","protected":false},"author":2,"featured_media":134609,"comment_status":"","ping_status":"","sticky":false,"template":"","format":"standard","meta":{"footnotes":""},"categories":[10],"tags":[20,21,24,25,15,22,23,13,30,28,29,14,16,26,27],"class_list":{"0":"post-134608","1":"post","2":"type-post","3":"status-publish","4":"format-standard","5":"has-post-thumbnail","7":"category-norge","8":"tag-breaking-news","9":"tag-breakingnews","10":"tag-featured-news","11":"tag-featurednews","12":"tag-headlines","13":"tag-latest-news","14":"tag-latestnews","15":"tag-news","16":"tag-no","17":"tag-norge","18":"tag-norway","19":"tag-nyheter","20":"tag-overskrifter","21":"tag-top-stories","22":"tag-topstories"},"share_on_mastodon":{"url":"https:\/\/pubeurope.com\/@no\/115876599080646431","error":""},"_links":{"self":[{"href":"https:\/\/www.europesays.com\/no\/wp-json\/wp\/v2\/posts\/134608","targetHints":{"allow":["GET"]}}],"collection":[{"href":"https:\/\/www.europesays.com\/no\/wp-json\/wp\/v2\/posts"}],"about":[{"href":"https:\/\/www.europesays.com\/no\/wp-json\/wp\/v2\/types\/post"}],"author":[{"embeddable":true,"href":"https:\/\/www.europesays.com\/no\/wp-json\/wp\/v2\/users\/2"}],"replies":[{"embeddable":true,"href":"https:\/\/www.europesays.com\/no\/wp-json\/wp\/v2\/comments?post=134608"}],"version-history":[{"count":0,"href":"https:\/\/www.europesays.com\/no\/wp-json\/wp\/v2\/posts\/134608\/revisions"}],"wp:featuredmedia":[{"embeddable":true,"href":"https:\/\/www.europesays.com\/no\/wp-json\/wp\/v2\/media\/134609"}],"wp:attachment":[{"href":"https:\/\/www.europesays.com\/no\/wp-json\/wp\/v2\/media?parent=134608"}],"wp:term":[{"taxonomy":"category","embeddable":true,"href":"https:\/\/www.europesays.com\/no\/wp-json\/wp\/v2\/categories?post=134608"},{"taxonomy":"post_tag","embeddable":true,"href":"https:\/\/www.europesays.com\/no\/wp-json\/wp\/v2\/tags?post=134608"}],"curies":[{"name":"wp","href":"https:\/\/api.w.org\/{rel}","templated":true}]}}