{"id":134612,"date":"2026-01-11T13:13:09","date_gmt":"2026-01-11T13:13:09","guid":{"rendered":"https:\/\/www.europesays.com\/no\/134612\/"},"modified":"2026-01-11T13:13:09","modified_gmt":"2026-01-11T13:13:09","slug":"kan-bli-40-cm-sno-pa-eitt-dogn-siste-nytt-nrk","status":"publish","type":"post","link":"https:\/\/www.europesays.com\/no\/134612\/","title":{"rendered":"\u2013 Kan bli 40 cm sn\u00f8 p\u00e5 eitt d\u00f8gn \u2013 Siste nytt \u2013\u00a0NRK"},"content":{"rendered":"<p>Fr\u00e5 natt til m\u00e5ndag er det sendt ut oransje farevarsel for sn\u00f8 i Agder, som held fram ut til tirsdag morgon<\/p>\n<p>\u2013 Heilt lokalt kan det bli opp mot 40 centimenter sn\u00f8 i l\u00f8pet av 24 timar, det seier vakthavande meteorolog, Pernille Borander.<\/p>\n<p>I tillegg er det eit st\u00f8rre omr\u00e5de i Agder, som s\u00e5 vidt n\u00e5r Telemark, som f\u00e5r sn\u00f8, men p\u00e5 gult niv\u00e5.<\/p>\n<p>L\u00e5gtrykket som kjem har \u00f2g med seg mildluft etter kvart, s\u00e5 seinare m\u00e5ndag vil sn\u00f8 bli til sludd vest i Agder.<\/p>\n<p>\u2013 Viss du vil nyte sn\u00f8en, m\u00e5 du gjere det i dag, seier Borander.<\/p>\n<p>Det er \u00f2g farevarsel for sn\u00f8fokk i heile fjellet i S\u00f8r-Noreg. Det kan fort bli kolonnek\u00f8yring eller stengde vegar.<\/p>\n<p>Det er \u00f2g sendt ut gult farevarsel for kraftige vindkast vestlandet, som i tillegg treff delar av M\u00f8re og Romsdal og Tr\u00f8ndelag.<\/p>\n<p>\u2013 P\u00e5 vestlandet gjeld det \u00e5 f\u00f8lge med, og det er fint \u00e5 ha ein plan. Her vil variasjonane vere veldig store lokalt, og det kan skje at ein mistar straumen om tre bles ned over h\u00f8gspentmaster og vegar.<\/p>\n","protected":false},"excerpt":{"rendered":"Fr\u00e5 natt til m\u00e5ndag er det sendt ut oransje farevarsel for sn\u00f8 i Agder, som held fram ut&hellip;\n","protected":false},"author":2,"featured_media":134613,"comment_status":"","ping_status":"","sticky":false,"template":"","format":"standard","meta":{"footnotes":""},"categories":[5],"tags":[20,21,24,25,15,19,22,23,17,18,13,30,28,29,14,16,26,27],"class_list":{"0":"post-134612","1":"post","2":"type-post","3":"status-publish","4":"format-standard","5":"has-post-thumbnail","7":"category-overskrifter","8":"tag-breaking-news","9":"tag-breakingnews","10":"tag-featured-news","11":"tag-featurednews","12":"tag-headlines","13":"tag-hovedoppslag","14":"tag-latest-news","15":"tag-latestnews","16":"tag-main-news","17":"tag-mainnews","18":"tag-news","19":"tag-no","20":"tag-norge","21":"tag-norway","22":"tag-nyheter","23":"tag-overskrifter","24":"tag-top-stories","25":"tag-topstories"},"share_on_mastodon":{"url":"https:\/\/pubeurope.com\/@no\/115876646451777015","error":""},"_links":{"self":[{"href":"https:\/\/www.europesays.com\/no\/wp-json\/wp\/v2\/posts\/134612","targetHints":{"allow":["GET"]}}],"collection":[{"href":"https:\/\/www.europesays.com\/no\/wp-json\/wp\/v2\/posts"}],"about":[{"href":"https:\/\/www.europesays.com\/no\/wp-json\/wp\/v2\/types\/post"}],"author":[{"embeddable":true,"href":"https:\/\/www.europesays.com\/no\/wp-json\/wp\/v2\/users\/2"}],"replies":[{"embeddable":true,"href":"https:\/\/www.europesays.com\/no\/wp-json\/wp\/v2\/comments?post=134612"}],"version-history":[{"count":0,"href":"https:\/\/www.europesays.com\/no\/wp-json\/wp\/v2\/posts\/134612\/revisions"}],"wp:featuredmedia":[{"embeddable":true,"href":"https:\/\/www.europesays.com\/no\/wp-json\/wp\/v2\/media\/134613"}],"wp:attachment":[{"href":"https:\/\/www.europesays.com\/no\/wp-json\/wp\/v2\/media?parent=134612"}],"wp:term":[{"taxonomy":"category","embeddable":true,"href":"https:\/\/www.europesays.com\/no\/wp-json\/wp\/v2\/categories?post=134612"},{"taxonomy":"post_tag","embeddable":true,"href":"https:\/\/www.europesays.com\/no\/wp-json\/wp\/v2\/tags?post=134612"}],"curies":[{"name":"wp","href":"https:\/\/api.w.org\/{rel}","templated":true}]}}