{"id":134618,"date":"2026-01-11T13:20:07","date_gmt":"2026-01-11T13:20:07","guid":{"rendered":"https:\/\/www.europesays.com\/no\/134618\/"},"modified":"2026-01-11T13:20:07","modified_gmt":"2026-01-11T13:20:07","slug":"siste-e18-helt-stengt-ved-tonsberg-vg","status":"publish","type":"post","link":"https:\/\/www.europesays.com\/no\/134618\/","title":{"rendered":"siste: E18 helt stengt ved T\u00f8nsberg &#8211; VG"},"content":{"rendered":"<ol>\n<li><a href=\"https:\/\/news.google.com\/rss\/articles\/CBMickFVX3lxTFBGU09YV2xvNHdlZndmTW16NU9WdUI0MHFTQVdVbkdLNWo4X1VRQThGeEhWQXhib1lEdDFaMWtvYWpPeE9YU3JmcHV0SkpSMjY5Nk9wbnVmZVFWbnoyVC1SeHBjN1FPNHZua3JFNGJsekxOQQ?oc=5\" target=\"_blank\" rel=\"nofollow noopener\">siste: E18 helt stengt ved T\u00f8nsberg<\/a>&nbsp;&nbsp;VG<\/li>\n<li><a href=\"https:\/\/news.google.com\/rss\/articles\/CBMihwFBVV95cUxQZkRYTGtUZjJmaTRNck92ak44SG5HT25fZVdQMzQwUzJ2dWlfQVZKTXpMcTNJenhaX1F0ck5RSFFKZ1ZwcTR6NVhIYnFwcWgySlJsek5qT09NNDI1RGpuSEg3cVczeTNjaXhjT2pFRjdQTGVoa25WclFmUGtTNV9lS2xRei1Kb3c?oc=5\" target=\"_blank\" rel=\"nofollow noopener\">E18 i T\u00f8nsberg gjen\u00e5pnet etter uhell<\/a>&nbsp;&nbsp;Aftenposten<\/li>\n<li><a href=\"https:\/\/news.google.com\/rss\/articles\/CBMi3wFBVV95cUxPYkNZU0RtTWFlSkQtMkRSdHlBQUpnLTNDVkJTUTFERUhrNXo5d29obHhOVHRjMTVpanB0b05pZjIwLVUxRFZHbi13bXZTdG1nXzh4c3Y5YlNncUJVMy1wa2dXNjNzQjJ4a29CUmlfYmVHV0J3WGVINHpLZExKNklTeHNJcWYxRm1oVWVXeHBVQ2pRWkVUVnpmbDY3NFd1dnRsdE4wUjFrTm5BVWxhSjM3cGhQNkR1Z0VGckpBeFhQUVpxdWg5VmpERVJvNDNoS2ZMRkZtV0dOOWd4Q0l4R1k4?oc=5\" target=\"_blank\" rel=\"nofollow noopener\">Bilister reagerer p\u00e5 at de ble st\u00e5ende tre timer i k\u00f8 \u2013 dette svarer politiet og Statens vegvesen<\/a>&nbsp;&nbsp;NRK<\/li>\n<li><a href=\"https:\/\/news.google.com\/rss\/articles\/CBMifEFVX3lxTE1jeFgyMXAtV1FuMXZrdlVzZkFlWTJoMXIzVGg1RU53TFpJWFdEalB6SVZZZy01UlFfNVFhbDQ5Z19Jc2lCdm5yUnJVcmk5VGw4UFlxU0dQTjJ2aVJRRU12QkY4LTNTR3d5cml3WldIdXgxZkF6bHV4MTYtdXI?oc=5\" target=\"_blank\" rel=\"nofollow noopener\">E18, Ulykker og hendelser | Fire personer involvert i trafikkulykke<\/a>&nbsp;&nbsp;\u00d8stlands-Posten<\/li>\n<li><a href=\"https:\/\/news.google.com\/rss\/articles\/CBMifEFVX3lxTE03X2ZhNHFGZDVUZTE3MGs4bnVBa2NEazkyWkpGckdIVVRFcTdjd2dDT1hUUERHeUstdE94ZFZxVVZ2WVkxc2xYTW9FWkFvc0pnQUNETGpETm1feGRxdlRrUHhvc1dlS1VCelctemV3Y3hlc1hjQV9YY1JjWkE?oc=5\" target=\"_blank\" rel=\"nofollow noopener\">E18 ved T\u00f8nsberg \u00e5pnet igjen etter ulykke<\/a>&nbsp;&nbsp;VG<\/li>\n<\/ol>\n","protected":false},"excerpt":{"rendered":"siste: E18 helt stengt ved T\u00f8nsberg&nbsp;&nbsp;VG E18 i T\u00f8nsberg gjen\u00e5pnet etter uhell&nbsp;&nbsp;Aftenposten Bilister reagerer p\u00e5 at de ble&hellip;\n","protected":false},"author":2,"featured_media":134619,"comment_status":"","ping_status":"","sticky":false,"template":"","format":"standard","meta":{"footnotes":""},"categories":[5],"tags":[20,21,940,24,25,15,19,22,23,17,18,13,30,28,29,14,16,26,27,431],"class_list":{"0":"post-134618","1":"post","2":"type-post","3":"status-publish","4":"format-standard","5":"has-post-thumbnail","7":"category-overskrifter","8":"tag-breaking-news","9":"tag-breakingnews","10":"tag-e18","11":"tag-featured-news","12":"tag-featurednews","13":"tag-headlines","14":"tag-hovedoppslag","15":"tag-latest-news","16":"tag-latestnews","17":"tag-main-news","18":"tag-mainnews","19":"tag-news","20":"tag-no","21":"tag-norge","22":"tag-norway","23":"tag-nyheter","24":"tag-overskrifter","25":"tag-top-stories","26":"tag-topstories","27":"tag-tonsberg"},"share_on_mastodon":{"url":"https:\/\/pubeurope.com\/@no\/115876673790010003","error":""},"_links":{"self":[{"href":"https:\/\/www.europesays.com\/no\/wp-json\/wp\/v2\/posts\/134618","targetHints":{"allow":["GET"]}}],"collection":[{"href":"https:\/\/www.europesays.com\/no\/wp-json\/wp\/v2\/posts"}],"about":[{"href":"https:\/\/www.europesays.com\/no\/wp-json\/wp\/v2\/types\/post"}],"author":[{"embeddable":true,"href":"https:\/\/www.europesays.com\/no\/wp-json\/wp\/v2\/users\/2"}],"replies":[{"embeddable":true,"href":"https:\/\/www.europesays.com\/no\/wp-json\/wp\/v2\/comments?post=134618"}],"version-history":[{"count":0,"href":"https:\/\/www.europesays.com\/no\/wp-json\/wp\/v2\/posts\/134618\/revisions"}],"wp:featuredmedia":[{"embeddable":true,"href":"https:\/\/www.europesays.com\/no\/wp-json\/wp\/v2\/media\/134619"}],"wp:attachment":[{"href":"https:\/\/www.europesays.com\/no\/wp-json\/wp\/v2\/media?parent=134618"}],"wp:term":[{"taxonomy":"category","embeddable":true,"href":"https:\/\/www.europesays.com\/no\/wp-json\/wp\/v2\/categories?post=134618"},{"taxonomy":"post_tag","embeddable":true,"href":"https:\/\/www.europesays.com\/no\/wp-json\/wp\/v2\/tags?post=134618"}],"curies":[{"name":"wp","href":"https:\/\/api.w.org\/{rel}","templated":true}]}}