{"id":13462,"date":"2025-08-20T18:07:10","date_gmt":"2025-08-20T18:07:10","guid":{"rendered":"https:\/\/www.europesays.com\/no\/13462\/"},"modified":"2025-08-20T18:07:10","modified_gmt":"2025-08-20T18:07:10","slug":"dodsulykka-na-er-proveresultatene-klare-fvn-no","status":"publish","type":"post","link":"https:\/\/www.europesays.com\/no\/13462\/","title":{"rendered":"D\u00f8ds\u00adulykka: N\u00e5 er pr\u00f8ve\u00adresul\u00adtatene klare &#8211; fvn.no"},"content":{"rendered":"<ol>\n<li><a href=\"https:\/\/news.google.com\/rss\/articles\/CBMimwFBVV95cUxNTkNFenJUUUowRGlKQTJZUG9PZ3MxdDZDWUplX0FHbkNoVTgxQml6TnZpV3NtOGplZFd6VWpwY2hkRnN2THdicDFlTFZwRmg1RHpZbnhpbnBULVAydW9FM1JZNHZkSzlKMXhjMjk5UUk0Z1Z6RVExemJtYUgybExPcW5xY2ltS0d4ckFPYWR1VkxEWkFULVUwdmJwUQ?oc=5\" target=\"_blank\" rel=\"nofollow noopener\">D\u00f8ds\u00adulykka: N\u00e5 er pr\u00f8ve\u00adresul\u00adtatene klare<\/a>&nbsp;&nbsp;fvn.no<\/li>\n<li><a href=\"https:\/\/news.google.com\/rss\/articles\/CBMinwFBVV95cUxNTm5HUkFSWHVEOHdxSllUVVB6OUFVdDNSaW1PQkp5NEZiWVh6V3FFb3JnSzUzb1FuWEJxLURjbWtzM2NuSHpNMTV1ZllnNUVHQlQzZkt1LWRTMkRBdEx3OFV0NXVFVUdhRUZwRFBkTXRwUk5RZ0c5eFlBQ3pWRzhNdTNxYXRPejhQU25WQ040cExSU0tTN2JaQVhUY1J4ajA?oc=5\" target=\"_blank\" rel=\"nofollow noopener\">D\u00f8dsulykken i Arendal: Siktes ikke for ruskj\u00f8ring<\/a>&nbsp;&nbsp;NRK<\/li>\n<li><a href=\"https:\/\/news.google.com\/rss\/articles\/CBMihgFBVV95cUxQeXg2UEw3aDh0NV9RWjhkcmdDMHV5ZTIteExiUUxLaWNHdUFSYzVwT0ZsSXhEQzBXaUdsVlhCRWppVUlPMVhiTWVONzRoZ0dFa2lITUJHbi1raE1wamExc2ljQ3FUSDE1WXVRbk84ajQ0MUJoNHFNMFdRUERqRkFXRWRva1ZqQQ?oc=5\" target=\"_blank\" rel=\"nofollow noopener\">(+) B\u00e5tf\u00f8rerens promille avklart etter d\u00f8dsulykken<\/a>&nbsp;&nbsp;Sandefjords Blad<\/li>\n<li><a href=\"https:\/\/news.google.com\/rss\/articles\/CBMirgFBVV95cUxQYUdDdjdPQkFibHZEbkVjUWhJcDIyRkJWRjFoLU9za1VIcWt6ZEMtdjJwZEt6cW9iWHIxZXBSakVEUno3QU02TE9VaDM4U2xiOFFsRFEzZnE4TlRjNnFHemZYeGhvREg2VWNPaDFNVHJzN05rbUhUdjNoaE90dFRQN18wMXZKZzZfMFZRUXRONWxIOGVzWkpnX1RzbVhIZ1haajNKckRPd0FjSVNHZ1E?oc=5\" target=\"_blank\" rel=\"nofollow noopener\">D\u00f8dsulykken p\u00e5 Staub\u00f8: Resultatene fra promilletesten er klare<\/a>&nbsp;&nbsp;Tvedestrandsposten<\/li>\n<li><a href=\"https:\/\/news.google.com\/rss\/articles\/CBMiuAFBVV95cUxPQnc0SkFlQWF1NlpZUXRGQXlzMXYwcl9rQ29Kbkg0QUJRQnZzM0tNQUFjY3UwZ3JsRGZSZEJYQmxrUnZidGUxanM1SVNmVXRWWnUxWksyMkhwNm13QnZOa3J4TzFTQUQ0SUVJZldNQTlpRHdaeTExel81ekRPc01PWlFMakRucTh1N3JyY3ZlbFA4T19XVmR2cU9MWlFaclZ0VGR0SHpDdTNzN0hBNDRTQ2NCYWR1WDBw?oc=5\" target=\"_blank\" rel=\"nofollow noopener\">(+) H\u00e5ndball-profil var om bord i b\u00e5ten<\/a>&nbsp;&nbsp;agderposten.no<\/li>\n<\/ol>\n","protected":false},"excerpt":{"rendered":"D\u00f8ds\u00adulykka: N\u00e5 er pr\u00f8ve\u00adresul\u00adtatene klare&nbsp;&nbsp;fvn.no D\u00f8dsulykken i Arendal: Siktes ikke for ruskj\u00f8ring&nbsp;&nbsp;NRK (+) B\u00e5tf\u00f8rerens promille avklart etter d\u00f8dsulykken&nbsp;&nbsp;Sandefjords&hellip;\n","protected":false},"author":2,"featured_media":13463,"comment_status":"","ping_status":"","sticky":false,"template":"","format":"standard","meta":{"footnotes":""},"categories":[10],"tags":[20,21,2616,24,25,15,2617,22,23,13,30,28,29,14,16,26,27],"class_list":{"0":"post-13462","1":"post","2":"type-post","3":"status-publish","4":"format-standard","5":"has-post-thumbnail","7":"category-norge","8":"tag-breaking-news","9":"tag-breakingnews","10":"tag-dodsulykker","11":"tag-featured-news","12":"tag-featurednews","13":"tag-headlines","14":"tag-kilsund","15":"tag-latest-news","16":"tag-latestnews","17":"tag-news","18":"tag-no","19":"tag-norge","20":"tag-norway","21":"tag-nyheter","22":"tag-overskrifter","23":"tag-top-stories","24":"tag-topstories"},"share_on_mastodon":{"url":"","error":""},"_links":{"self":[{"href":"https:\/\/www.europesays.com\/no\/wp-json\/wp\/v2\/posts\/13462","targetHints":{"allow":["GET"]}}],"collection":[{"href":"https:\/\/www.europesays.com\/no\/wp-json\/wp\/v2\/posts"}],"about":[{"href":"https:\/\/www.europesays.com\/no\/wp-json\/wp\/v2\/types\/post"}],"author":[{"embeddable":true,"href":"https:\/\/www.europesays.com\/no\/wp-json\/wp\/v2\/users\/2"}],"replies":[{"embeddable":true,"href":"https:\/\/www.europesays.com\/no\/wp-json\/wp\/v2\/comments?post=13462"}],"version-history":[{"count":0,"href":"https:\/\/www.europesays.com\/no\/wp-json\/wp\/v2\/posts\/13462\/revisions"}],"wp:featuredmedia":[{"embeddable":true,"href":"https:\/\/www.europesays.com\/no\/wp-json\/wp\/v2\/media\/13463"}],"wp:attachment":[{"href":"https:\/\/www.europesays.com\/no\/wp-json\/wp\/v2\/media?parent=13462"}],"wp:term":[{"taxonomy":"category","embeddable":true,"href":"https:\/\/www.europesays.com\/no\/wp-json\/wp\/v2\/categories?post=13462"},{"taxonomy":"post_tag","embeddable":true,"href":"https:\/\/www.europesays.com\/no\/wp-json\/wp\/v2\/tags?post=13462"}],"curies":[{"name":"wp","href":"https:\/\/api.w.org\/{rel}","templated":true}]}}