{"id":134624,"date":"2026-01-11T13:38:08","date_gmt":"2026-01-11T13:38:08","guid":{"rendered":"https:\/\/www.europesays.com\/no\/134624\/"},"modified":"2026-01-11T13:38:08","modified_gmt":"2026-01-11T13:38:08","slug":"porsgrunn-hendelser-innbrudd-i-kiosk-tyvene-fikk-med-seg-vekslepenger","status":"publish","type":"post","link":"https:\/\/www.europesays.com\/no\/134624\/","title":{"rendered":"Porsgrunn, Hendelser | Innbrudd i kiosk \u2013 tyven(e) fikk med seg vekslepenger"},"content":{"rendered":"\n<p>Det opplyser operasjonsleder Espen Reiten i politiet klokken 10:41, s\u00f8ndag.<\/p>\n<p>Innbruddet skjedde p\u00e5 jernbanestasjonen i Porsgrunn.<\/p>\n<p><b>\u2013 Politiet har v\u00e6rt p\u00e5 stedet og unders\u00f8kt etter melding om et innbrudd i en kiosk i tilknytning til ventehallen, sier Reiten.<\/b><\/p>\n<p>Han bekrefter at flere skap er brutt opp og at det er stj\u00e5let vekslepenger.<\/p>\n<p><b>\u2013 Forholdet skal ha skjedd i l\u00f8pet av helgen. Den involverte bedriften vil anmelde forholdet, legger operasjonslederen til.<\/b><\/p>\n<p>Politiet har forel\u00f8pig ikke gitt ytterligere detaljer om eventuelle spor eller omfanget av tyveriet.<\/p>\n<p>   <img decoding=\"async\" width=\"4032\" height=\"3024\" fetchpriority=\"low\"  loading=\"lazy\"  src=\"https:\/\/www.europesays.com\/no\/wp-content\/uploads\/2026\/01\/IMG_6035+%281%29.jpg\" alt=\"\" class=\"brick-c-cFOWSL\" style=\"--brick-image-ratio: 4032 \/ 3024;\"\/><\/p>\n","protected":false},"excerpt":{"rendered":"Det opplyser operasjonsleder Espen Reiten i politiet klokken 10:41, s\u00f8ndag. Innbruddet skjedde p\u00e5 jernbanestasjonen i Porsgrunn. \u2013 Politiet&hellip;\n","protected":false},"author":2,"featured_media":134625,"comment_status":"","ping_status":"","sticky":false,"template":"","format":"standard","meta":{"footnotes":""},"categories":[10],"tags":[36,20,21,24,25,15,168,3258,22,23,13,30,28,29,14,16,1370,1510,26,27],"class_list":{"0":"post-134624","1":"post","2":"type-post","3":"status-publish","4":"format-standard","5":"has-post-thumbnail","7":"category-norge","8":"tag-art","9":"tag-breaking-news","10":"tag-breakingnews","11":"tag-featured-news","12":"tag-featurednews","13":"tag-headlines","14":"tag-hendelser","15":"tag-innbrudd","16":"tag-latest-news","17":"tag-latestnews","18":"tag-news","19":"tag-no","20":"tag-norge","21":"tag-norway","22":"tag-nyheter","23":"tag-overskrifter","24":"tag-porsgrunn","25":"tag-story","26":"tag-top-stories","27":"tag-topstories"},"share_on_mastodon":{"url":"https:\/\/pubeurope.com\/@no\/115876744597485243","error":""},"_links":{"self":[{"href":"https:\/\/www.europesays.com\/no\/wp-json\/wp\/v2\/posts\/134624","targetHints":{"allow":["GET"]}}],"collection":[{"href":"https:\/\/www.europesays.com\/no\/wp-json\/wp\/v2\/posts"}],"about":[{"href":"https:\/\/www.europesays.com\/no\/wp-json\/wp\/v2\/types\/post"}],"author":[{"embeddable":true,"href":"https:\/\/www.europesays.com\/no\/wp-json\/wp\/v2\/users\/2"}],"replies":[{"embeddable":true,"href":"https:\/\/www.europesays.com\/no\/wp-json\/wp\/v2\/comments?post=134624"}],"version-history":[{"count":0,"href":"https:\/\/www.europesays.com\/no\/wp-json\/wp\/v2\/posts\/134624\/revisions"}],"wp:featuredmedia":[{"embeddable":true,"href":"https:\/\/www.europesays.com\/no\/wp-json\/wp\/v2\/media\/134625"}],"wp:attachment":[{"href":"https:\/\/www.europesays.com\/no\/wp-json\/wp\/v2\/media?parent=134624"}],"wp:term":[{"taxonomy":"category","embeddable":true,"href":"https:\/\/www.europesays.com\/no\/wp-json\/wp\/v2\/categories?post=134624"},{"taxonomy":"post_tag","embeddable":true,"href":"https:\/\/www.europesays.com\/no\/wp-json\/wp\/v2\/tags?post=134624"}],"curies":[{"name":"wp","href":"https:\/\/api.w.org\/{rel}","templated":true}]}}