{"id":134626,"date":"2026-01-11T13:48:07","date_gmt":"2026-01-11T13:48:07","guid":{"rendered":"https:\/\/www.europesays.com\/no\/134626\/"},"modified":"2026-01-11T13:48:07","modified_gmt":"2026-01-11T13:48:07","slug":"gardermoen-nyhetsvarsel-drone-naer-gardermoen-stenger-rullebane","status":"publish","type":"post","link":"https:\/\/www.europesays.com\/no\/134626\/","title":{"rendered":"Gardermoen, Nyhetsvarsel | Drone n\u00e6r Gardermoen \u2013 stenger rullebane"},"content":{"rendered":"\n<p>Politiet fikk s\u00f8ndag ettermiddag melding om en drone i n\u00e6rheten av Gardermoen flyplass.<\/p>\n<p>\u2013 En av rullebanene stenges som f\u00f8lge av dette. Politiet s\u00f8ker etter dronepilot, meldte operasjonsleder Rune Isaksen klokken 14.08.<\/p>\n<p>\u2013 Det er detektert en drone innenfor forbudssonen like f\u00f8r klokken 14.00, sa Avinors pressevakt Karoline Pedersen til Nettavisen kort tid senere.<\/p>\n<p>Pedersen la til at man m\u00e5tte regne med forsinkelser.<\/p>\n<p>Rett f\u00f8r klokken 14.30, oppdaterer hun:<\/p>\n<p>\u2013 Da er \u00f8stre rullebane \u00e5pnet for normal flytrafikk igjen etter dronedeteksjonen p\u00e5 Oslo lufthavn. Vi venter ingen \u00f8vrige konsekvenser.<\/p>\n","protected":false},"excerpt":{"rendered":"Politiet fikk s\u00f8ndag ettermiddag melding om en drone i n\u00e6rheten av Gardermoen flyplass. \u2013 En av rullebanene stenges&hellip;\n","protected":false},"author":2,"featured_media":3844,"comment_status":"","ping_status":"","sticky":false,"template":"","format":"standard","meta":{"footnotes":""},"categories":[12],"tags":[20,21,24,25,15,22,23,13,30,28,29,14,16,26,27,42,43,44,45],"class_list":{"0":"post-134626","1":"post","2":"type-post","3":"status-publish","4":"format-standard","5":"has-post-thumbnail","7":"category-verden","8":"tag-breaking-news","9":"tag-breakingnews","10":"tag-featured-news","11":"tag-featurednews","12":"tag-headlines","13":"tag-latest-news","14":"tag-latestnews","15":"tag-news","16":"tag-no","17":"tag-norge","18":"tag-norway","19":"tag-nyheter","20":"tag-overskrifter","21":"tag-top-stories","22":"tag-topstories","23":"tag-verden","24":"tag-world","25":"tag-world-news","26":"tag-worldnews"},"share_on_mastodon":{"url":"https:\/\/pubeurope.com\/@no\/115876783960166211","error":""},"_links":{"self":[{"href":"https:\/\/www.europesays.com\/no\/wp-json\/wp\/v2\/posts\/134626","targetHints":{"allow":["GET"]}}],"collection":[{"href":"https:\/\/www.europesays.com\/no\/wp-json\/wp\/v2\/posts"}],"about":[{"href":"https:\/\/www.europesays.com\/no\/wp-json\/wp\/v2\/types\/post"}],"author":[{"embeddable":true,"href":"https:\/\/www.europesays.com\/no\/wp-json\/wp\/v2\/users\/2"}],"replies":[{"embeddable":true,"href":"https:\/\/www.europesays.com\/no\/wp-json\/wp\/v2\/comments?post=134626"}],"version-history":[{"count":0,"href":"https:\/\/www.europesays.com\/no\/wp-json\/wp\/v2\/posts\/134626\/revisions"}],"wp:featuredmedia":[{"embeddable":true,"href":"https:\/\/www.europesays.com\/no\/wp-json\/wp\/v2\/media\/3844"}],"wp:attachment":[{"href":"https:\/\/www.europesays.com\/no\/wp-json\/wp\/v2\/media?parent=134626"}],"wp:term":[{"taxonomy":"category","embeddable":true,"href":"https:\/\/www.europesays.com\/no\/wp-json\/wp\/v2\/categories?post=134626"},{"taxonomy":"post_tag","embeddable":true,"href":"https:\/\/www.europesays.com\/no\/wp-json\/wp\/v2\/tags?post=134626"}],"curies":[{"name":"wp","href":"https:\/\/api.w.org\/{rel}","templated":true}]}}