{"id":134634,"date":"2026-01-11T13:57:12","date_gmt":"2026-01-11T13:57:12","guid":{"rendered":"https:\/\/www.europesays.com\/no\/134634\/"},"modified":"2026-01-11T13:57:12","modified_gmt":"2026-01-11T13:57:12","slug":"slik-passar-du-pa-kjaeledyra-i-vinterkulda-nrk-ostfold-lokale-nyheter-tv-og-radio","status":"publish","type":"post","link":"https:\/\/www.europesays.com\/no\/134634\/","title":{"rendered":"Slik passar du p\u00e5 kj\u00e6ledyra i vinterkulda \u2013 NRK \u00d8stfold \u2013 Lokale nyheter, TV og radio"},"content":{"rendered":"<p>Saka samanfatta:<\/p>\n<ul>\n<li>Veterin\u00e6rar anbefaler \u00e5 kle p\u00e5 kj\u00e6ledyr som sm\u00e5 hunderasar, unge, eldre og dei med lite pels for \u00e5 verne dei mot kulda.<\/li>\n<li>Frostskadar kan oppst\u00e5 p\u00e5 potane, og det blir anbefalt \u00e5 bruke potesokkar og potesalve.<\/li>\n<li>Strikka eller sydde klede til kj\u00e6ledyr blir stadig meir popul\u00e6rt, og mange lagar matchande plagg til seg sj\u00f8lv og dyret, if\u00f8lge garnbutikkar.<\/li>\n<li>Kortare turar og rett kledning er viktig for kj\u00e6ledyr som slit i l\u00e5ge temperaturar.<\/li>\n<\/ul>\n<p>Oppsummeringa er laga av ei KI-teneste fr\u00e5 OpenAI. Innhaldet er kvalitetssikra av NRKs journalistar f\u00f8r publisering.<\/p>\n<p>\u2013 Vi merkar p\u00e5gang n\u00e5, seier Camilla Schilling T\u00f8nnesen.<\/p>\n<p><strong>N\u00e5r kulda set inn, er det ikkje berre tobeinte som treng \u00e5 kle seg. Ogs\u00e5 kj\u00e6ledyr, som hundar, kan trenge klede og potesokkar.<\/strong><\/p>\n<p>T\u00f8nnesen, som driv ein garnbutikk i Fredrikstad, fortel at mange vel \u00e5 lage klede til dyra sine sj\u00f8lve.<\/p>\n<p><img decoding=\"async\"   src=\"data:image\/gif;base64,R0lGODlhAQABAIAAAAAAAP\/\/\/yH5BAEAAAAALAAAAAABAAEAAAIBRAA7\" loading=\"eager\" alt=\"Camilla Schilling T\u00f8nnesen i Garnpikene. \" title=\"Foto: Caroline Bergli Tolfsen \/ NRK\"\/><\/p>\n<p class=\"\">Camilla Schilling T\u00f8nnesen fortel at mange strikkar og heklar for \u00e5 halde dyra varme i kulda. <\/p>\n<p>Foto: Caroline Bergli Tolfsen \/ NRK<\/p>\n<p>Det har blitt meir og meir inspirasjon og oppskrifter lett tilgjengeleg, fortel ho.<\/p>\n<p>\u2013 Det er veldig masse idear ute p\u00e5 nett. Det er ulike nettsider som lagar oppskrifter og idear, og s\u00e5 kjem folk til oss og kj\u00f8per garn.<\/p>\n<p>Det er ogs\u00e5 aukande interesse for \u00e5 sy matchande plagg til seg sj\u00f8lv og kj\u00e6ledyret, seier ho.<\/p>\n<p>    <img alt=\"Theo (5) i kulda. \"  loading=\"lazy\"\/><img alt=\"Theo (5) med kl\u00e6r p\u00e5 i kulda. \"  loading=\"lazy\"\/><\/p>\n<p>Theo (5) har p\u00e5 seg dekken p\u00e5 tur i marka. <\/p>\n<p>\u2013 Folk vil ha tjukke, gode genserar, skjerf, vottar, luer og s\u00e5 vidare. Og det \u00f8nsker dei jo ogs\u00e5 for dyra sine.<\/p>\n<p>Mange hunderasar klarer seg fint i fleire minusgrader. Mens andre treng dekken, potesokkar og genserar for \u00e5 halde seg varme.<\/p>\n<p><strong>Nokon kan f\u00e5 frostskadar om dei ikkje er godt nok kledde.<br \/><\/strong><\/p>\n<p>\nDin nettleser st\u00f8tter ikke innbygging av eksternt innhold\n<\/p>\n<p>\u2013 Pass spesielt p\u00e5 litt mindre rasar<\/p>\n<p>\u2013 Ein ser ofte at dei f\u00e5r s\u00e5r mellom potane om dei f\u00e5r frostskadar. Dei kan bli veldig stive, begynne \u00e5 skjelve litt og ein kan ofte sj\u00e5 at slimhinnene blir lysare i fargen, seier veterin\u00e6r Julie Johansen.<\/p>\n<p>Gradestokken kryp under minus 10 grader fleire stader dei neste dagane. S\u00f8ndag er det meldt ned mot 16 minusgrader i delar av Austlandet.<\/p>\n<p><img decoding=\"async\"   src=\"data:image\/gif;base64,R0lGODlhAQABAIAAAAAAAP\/\/\/yH5BAEAAAAALAAAAAABAAEAAAIBRAA7\" loading=\"eager\" alt=\"To hunder og to personer er avbildet i et rom. Den ene personen st\u00e5r bak et bord og holder i en hunds sele, mens den andre personen st\u00e5r ved siden av og gir hunden oppmerksomhet. Rommet har hvite vegger og en arbeidsbenk med utstyr og en datamaskin. I bakgrunnen er det en plakat p\u00e5 veggen som viser informasjon relatert til dyrepleie. (Bildebeskrivelsen er laget av en KI-tjeneste)\" title=\"Foto: Werner Winlund \/ NRK\"\/><\/p>\n<p class=\"\">Veterin\u00e6r Julie Johansen og veterin\u00e6r Linn Therese Andersen saman med hunden Stitch (7). <\/p>\n<p>Foto: Werner Winlund \/ NRK<\/p>\n<p><strong>Johansen r\u00e5r folk til \u00e5 passe ekstra p\u00e5 dei yngste og eldste dyra.<\/strong><\/p>\n<p>\u2013 Pass spesielt p\u00e5 litt mindre rasar, dei unge, dei eldre og dei som har mindre pels, da dei ofte har litt d\u00e5rlegare varmeregulering.<\/p>\n<p><strong>Ho seier ein b\u00f8r ta kortare turar for hundar som slit i kulda.<\/strong><\/p>\n<p>    \u2190<\/p>\n<ul data-scroll-container=\"\" role=\"list\" aria-label=\"Bildegalleri\">\n<li><img alt=\"En person st\u00e5r p\u00e5 en sn\u00f8lagt vei og holder i to brune hunder. Den ene hunden ser opp p\u00e5 personen, mens den andre st\u00e5r foran. Bakgrunnen viser bygninger i variert stil, med sn\u00f8dekke p\u00e5 bakken. Omr\u00e5det ser ut til \u00e5 v\u00e6re landlig og vinterlig. (Bildebeskrivelsen er laget av en KI-tjeneste)\"  width=\"3840\" height=\"2159\" loading=\"lazy\"\/>\n<p>Jon Bingen er ute med dei irske settarane Embla (4) og Fr\u00f8ya (13) i Fredrikstad. Dei toler kulda godt s\u00e5 lenge dei er aktive og f\u00e5r springe rundt, fortel han. Blir det veldig kaldt har han eit dekken til dei.\u00a0<\/p>\n<p> Foto: Werner Winlund \/ NRK <\/li>\n<li><img alt=\"En kvinne sitter innend\u00f8rs med en hund i armene. Hun har p\u00e5 seg en gr\u00e5 genser og en fargerik skjerf. Ute er det sn\u00f8 og tr\u00e6r i bakgrunnen, synlig gjennom vinduet. Det er diverse dyrefr og tilbeh\u00f8r synlig i omgivelsene. (Bildebeskrivelsen er laget av en KI-tjeneste)\"  width=\"3840\" height=\"5120\" loading=\"lazy\"\/>\n<p>Elena Hannestad er hos veterin\u00e6ren med hunden Luna (7). Luna likar seg ute og har p\u00e5 seg klede dersom det blir veldig kaldt. Dersom det er mykje sn\u00f8, m\u00e5 matmor passe ekstra p\u00e5 potane, der f\u00e5r ho sn\u00f8klumpar som heng fast.\u00a0<\/p>\n<p> Foto: Werner Winlund \/ NRK <\/li>\n<\/ul>\n<p>\u2192<\/p>\n<p>\u2013 N\u00e5r ein g\u00e5r ut, ha gjerne p\u00e5 dei klede, ta p\u00e5 potesokkar og gjerne sm\u00f8r med potesalve ein f\u00e5r kj\u00f8pt p\u00e5 apotek eller hos veterin\u00e6r.<\/p>\n<p>Kattar som er mykje ute kan ogs\u00e5 bli p\u00e5verka av kulda. Johansen seier ein b\u00f8r passe p\u00e5 at katten har ein trygg, lun og varm stad \u00e5 g\u00e5 til.<\/p>\n<p>10 r\u00e5d for god dyrevelferd i vinterkulda:<\/p>\n<ul>\n<li>Dyrevelferd: Vern dyr mot frostskadar og un\u00f8dige belastningar i kulda.<\/li>\n<li>Helse: Kontakt veterin\u00e6r om kulda forverrar sjukdom eller endrar \u00e5tferda.<\/li>\n<li>Tilgangen til katten: S\u00f8rg for at kattar har katteluke eller alltid kan sleppe raskt inn.<\/li>\n<li>Dokasse: Tilby kattar dokasse inne n\u00e5r kulde eller sn\u00f8 gjer utelivet vanskeleg.<\/li>\n<li>Heimlause kattar: Bidra med mat, frostfritt vatn og isolerte varmekasser.<\/li>\n<li>Potevelferd: Bruk potesokkar mot vegsalt, sprekkar og kuldekrampar.<\/li>\n<li>Hundetur: G\u00e5 fleire korte turar og bruk varmedekken p\u00e5 hundar som frys.<\/li>\n<li>Kaninar: Gi tilgang til oppvarma hus, isolerande underlag og isfritt vatn.<\/li>\n<li>Ville dyr: Hjelp fuglar med mat for \u00e5 klare vinterm\u00e5nadene.<\/li>\n<li>Varsling: Meld fr\u00e5 om du ser dyr som manglar tilsyn, mat eller ly.<\/li>\n<\/ul>\n<p>Meiner det er meir popul\u00e6rt<\/p>\n<p>Garnius, som sel garn p\u00e5 nett i Norden, opplever at p\u00e5gangen for klede til dyr har med v\u00earet \u00e5 gjere. Hos dei er det forel\u00f8pig eit lite segment.<\/p>\n<p>\u2013 Behovet for dyreplagg er ofte situasjonsavhengig knytt til kulde, korte lufteturar eller behov for ekstra synlegheit, skriv dagleg leiar Raymond \u00d8strem i ein e-post.\n<\/p>\n<p><img decoding=\"async\"   src=\"data:image\/gif;base64,R0lGODlhAQABAIAAAAAAAP\/\/\/yH5BAEAAAAALAAAAAABAAEAAAIBRAA7\" loading=\"eager\" alt=\"En dachs i kulda med kl\u00e6r p\u00e5. \" title=\"Foto: Caroline Bergli Tolfsen \/ NRK\"\/><\/p>\n<p class=\"\">Veterin\u00e6ren oppfordrar til \u00e5 passe p\u00e5 dei minste rasa. <\/p>\n<p>Foto: Caroline Bergli Tolfsen \/ NRK<\/p>\n<p>Det dei derimot ser aukande interesse for n\u00e5 p\u00e5 vinteren, er bruk av refleksgarn til hund.<\/p>\n<p>\u2013 Spesielt til enkle vestar eller detaljar som gir betre synlegheit i m\u00f8rket. Her er motivasjonen klart knytt til sikkerheit og ansvar som dyreeigar, framfor pynt eller mote.<\/p>\n<p>    \u2190<\/p>\n<ul data-scroll-container=\"\" role=\"list\">\n<li><img alt=\"Det store bildet Hans Cosson-Eide\"  width=\"3840\" height=\"962\" loading=\"lazy\"\/>Det store bildet: Vinteren blir kortare\n<p>F\u00e6rre dagar med sn\u00f8 og minusgrader.<\/p>\n<p>Den norske vinteren har allereie blitt kortare.<\/p>\n<p>Kor mykje mindre sn\u00f8 vi f\u00e5r i framtida, kjem an p\u00e5 kor mykje klimagassar vi slepp ut fr\u00e5 fossile drivstoff og andre kjelder i \u00e5ra som kjem.<\/p>\n<p>Sveip vidare for \u00e5 lese meir.<\/p>\n<\/li>\n<li><img alt=\"Et skilt med teksten &quot;lite sn\u00f8&quot;\"  width=\"3840\" height=\"959\" loading=\"lazy\"\/>\n<p>\n        Cornelius Poppe \/ NRK\n      <\/p>\n<p>Vi mistar vinterdagar<\/p>\n<p>I Oslo var det \u00e5rleg 22 f\u00e6rre vinterdagar i perioden 1991-2020, enn dei 30 \u00e5ra f\u00f8r.<\/p>\n<p>Bod\u00f8 har mista 48 vinterdagar, mens R\u00f8ros berre har mista to, if\u00f8lge <a href=\"https:\/\/www.met.no\/nyhetsarkiv\/vinteren-blir-kortere-i-hele-landet\" rel=\"nofollow noopener\" target=\"_blank\">Meteorologisk institutt<\/a>.<\/p>\n<p>Fleire stader langs kysten, som Kristiansand, Stavanger og Bergen, oppfyller ikkje lenger krava i definisjonen til meteorologane av vinterdagar.<\/p>\n<\/li>\n<li><img alt=\"Et kart over Noreg som viser hvilke omr\u00e5de som vil miste mest sn\u00f8 fram mot 2100\"  width=\"3840\" height=\"3235\" loading=\"lazy\"\/>\n<p>\n        Norsk klimaservicesenter \/ NRK\n      <\/p>\n<p>Her forsvinn det mest sn\u00f8<\/p>\n<p>Jo m\u00f8rkare farge p\u00e5 kartet, jo st\u00f8rre nedgang ventar Norsk klimaservicesenter i sn\u00f8mengda innan \u00e5r 2100.<\/p>\n<\/li>\n<li><img alt=\"et fjell dekket av sn\u00f8\"  width=\"3840\" height=\"1920\" loading=\"lazy\"\/>\n<p>\n        Tore Meek \/ NRK\n      <\/p>\n<p>Nokre stader kan det bli meir sn\u00f8<\/p>\n<p>Klimaendringane er komplekse. N\u00e5r temperaturane aukar, blir det ogs\u00e5 meir nedb\u00f8r. Det kan faktisk f\u00f8re til meir sn\u00f8 nokre stader.<\/p>\n<p>Dei fleste stader betyr den kombinasjonen mindre sn\u00f8 og meir regn. Men i h\u00f8gfjellet kan den auka nedb\u00f8ren framleis komme som sn\u00f8, if\u00f8lge <a>Norsk klimaservicesenter<\/a>.<\/p>\n<\/li>\n<li><img alt=\"en lang mur med gjerde og folk som g\u00e5r p\u00e5 den\"  width=\"3840\" height=\"1921\" loading=\"lazy\"\/>\n<p>\n        Halvard Alvik \/ NTB\n      <\/p>\n<p>Kan vi gjere noko med det?<\/p>\n<p>Vi f\u00e5r ikkje tilbake vinteren fr\u00e5 gamle dagar, men utviklinga kan bremsast.<\/p>\n<p>Jo meir klimagassar verda kuttar i \u00e5ra som kjem, jo mindre oppvarming f\u00e5r vi.<\/p>\n<p>Det vil ogs\u00e5 gjere at temperaturane vil auke mindre, og at vi unng\u00e5r dei verste endringane i nedb\u00f8rsm\u00f8nster.<\/p>\n<\/li>\n<\/ul>\n<p>\u2192<\/p>\n<p><strong>I garnbutikken i Fredrikstad er det mange friluftsinteresserte som vil strikke eller hekle sj\u00f8lve til dyra sine, seier T\u00f8nnesen.<\/strong><\/p>\n<p>\u2013 Det er folk som likar \u00e5 vere ute i marka og g\u00e5 p\u00e5 tur og vil s\u00f8rge for at hunden er godt kledd p\u00e5 tur.<\/p>\n<p>Publisert<\/p>\n<p>11.01.2026, kl. 11.24<\/p>\n<p>Oppdatert<\/p>\n<p>11.01.2026, kl. 11.28<\/p>\n","protected":false},"excerpt":{"rendered":"Saka samanfatta: Veterin\u00e6rar anbefaler \u00e5 kle p\u00e5 kj\u00e6ledyr som sm\u00e5 hunderasar, unge, eldre og dei med lite pels&hellip;\n","protected":false},"author":2,"featured_media":134635,"comment_status":"","ping_status":"","sticky":false,"template":"","format":"standard","meta":{"footnotes":""},"categories":[5],"tags":[20,21,24,25,15,19,22,23,17,18,13,30,28,29,14,16,26,27],"class_list":{"0":"post-134634","1":"post","2":"type-post","3":"status-publish","4":"format-standard","5":"has-post-thumbnail","7":"category-overskrifter","8":"tag-breaking-news","9":"tag-breakingnews","10":"tag-featured-news","11":"tag-featurednews","12":"tag-headlines","13":"tag-hovedoppslag","14":"tag-latest-news","15":"tag-latestnews","16":"tag-main-news","17":"tag-mainnews","18":"tag-news","19":"tag-no","20":"tag-norge","21":"tag-norway","22":"tag-nyheter","23":"tag-overskrifter","24":"tag-top-stories","25":"tag-topstories"},"share_on_mastodon":{"url":"https:\/\/pubeurope.com\/@no\/115876819377571866","error":""},"_links":{"self":[{"href":"https:\/\/www.europesays.com\/no\/wp-json\/wp\/v2\/posts\/134634","targetHints":{"allow":["GET"]}}],"collection":[{"href":"https:\/\/www.europesays.com\/no\/wp-json\/wp\/v2\/posts"}],"about":[{"href":"https:\/\/www.europesays.com\/no\/wp-json\/wp\/v2\/types\/post"}],"author":[{"embeddable":true,"href":"https:\/\/www.europesays.com\/no\/wp-json\/wp\/v2\/users\/2"}],"replies":[{"embeddable":true,"href":"https:\/\/www.europesays.com\/no\/wp-json\/wp\/v2\/comments?post=134634"}],"version-history":[{"count":0,"href":"https:\/\/www.europesays.com\/no\/wp-json\/wp\/v2\/posts\/134634\/revisions"}],"wp:featuredmedia":[{"embeddable":true,"href":"https:\/\/www.europesays.com\/no\/wp-json\/wp\/v2\/media\/134635"}],"wp:attachment":[{"href":"https:\/\/www.europesays.com\/no\/wp-json\/wp\/v2\/media?parent=134634"}],"wp:term":[{"taxonomy":"category","embeddable":true,"href":"https:\/\/www.europesays.com\/no\/wp-json\/wp\/v2\/categories?post=134634"},{"taxonomy":"post_tag","embeddable":true,"href":"https:\/\/www.europesays.com\/no\/wp-json\/wp\/v2\/tags?post=134634"}],"curies":[{"name":"wp","href":"https:\/\/api.w.org\/{rel}","templated":true}]}}