{"id":134648,"date":"2026-01-11T14:09:38","date_gmt":"2026-01-11T14:09:38","guid":{"rendered":"https:\/\/www.europesays.com\/no\/134648\/"},"modified":"2026-01-11T14:09:38","modified_gmt":"2026-01-11T14:09:38","slug":"henrik-skaug-saetra-testet-a-skrive-for-hand-med-fyllepenn-pa-skrivemaskin-pa-gammel-datamaskin-og-med-kunstig-intelligens","status":"publish","type":"post","link":"https:\/\/www.europesays.com\/no\/134648\/","title":{"rendered":"Henrik Skaug S\u00e6tra testet \u00e5 skrive for h\u00e5nd med fyllepenn, p\u00e5 skrivemaskin, p\u00e5 gammel datamaskin og med kunstig intelligens."},"content":{"rendered":"<p class=\"kicker \" style=\"\">Essay<\/p>\n<p>    F\u00f8rst former vi v\u00e5re verkt\u00f8y, deretter former verkt\u00f8yene oss, skriver Henrik Skaug S\u00e6tra om et eksperiment i fire deler.<\/p>\n<p>\n        Skriveverkt\u00f8y: P\u00e5 mange m\u00e5ter ligger skrivemaskinprosessen n\u00e6rmere h\u00e5ndskriften enn \u00e5 skrive p\u00e5 datamaskin, mener Henrik Skaug S\u00e6tra. Her: Taster p\u00e5 S\u00e6tras Olivetti Lettera 22 skrivemaskin.<\/p>\n<p>                Bestill abonnement her<\/p>\n<p>\n                    <a class=\"lab-paywall-teaser-offer-button\" href=\"https:\/\/kampanje.morgenbladet.no\/selvbestilling-2\" rel=\"nofollow noopener\" target=\"_blank\">KJ\u00d8P<\/a>\n                <\/p>\n","protected":false},"excerpt":{"rendered":"Essay F\u00f8rst former vi v\u00e5re verkt\u00f8y, deretter former verkt\u00f8yene oss, skriver Henrik Skaug S\u00e6tra om et eksperiment i&hellip;\n","protected":false},"author":2,"featured_media":134649,"comment_status":"","ping_status":"","sticky":false,"template":"","format":"standard","meta":{"footnotes":""},"categories":[56],"tags":[60,61,62,30,28,29],"class_list":{"0":"post-134648","1":"post","2":"type-post","3":"status-publish","4":"format-standard","5":"has-post-thumbnail","7":"category-naeringsliv","8":"tag-business","9":"tag-economy","10":"tag-naeringsliv","11":"tag-no","12":"tag-norge","13":"tag-norway"},"share_on_mastodon":{"url":"https:\/\/pubeurope.com\/@no\/115876866453309676","error":""},"_links":{"self":[{"href":"https:\/\/www.europesays.com\/no\/wp-json\/wp\/v2\/posts\/134648","targetHints":{"allow":["GET"]}}],"collection":[{"href":"https:\/\/www.europesays.com\/no\/wp-json\/wp\/v2\/posts"}],"about":[{"href":"https:\/\/www.europesays.com\/no\/wp-json\/wp\/v2\/types\/post"}],"author":[{"embeddable":true,"href":"https:\/\/www.europesays.com\/no\/wp-json\/wp\/v2\/users\/2"}],"replies":[{"embeddable":true,"href":"https:\/\/www.europesays.com\/no\/wp-json\/wp\/v2\/comments?post=134648"}],"version-history":[{"count":0,"href":"https:\/\/www.europesays.com\/no\/wp-json\/wp\/v2\/posts\/134648\/revisions"}],"wp:featuredmedia":[{"embeddable":true,"href":"https:\/\/www.europesays.com\/no\/wp-json\/wp\/v2\/media\/134649"}],"wp:attachment":[{"href":"https:\/\/www.europesays.com\/no\/wp-json\/wp\/v2\/media?parent=134648"}],"wp:term":[{"taxonomy":"category","embeddable":true,"href":"https:\/\/www.europesays.com\/no\/wp-json\/wp\/v2\/categories?post=134648"},{"taxonomy":"post_tag","embeddable":true,"href":"https:\/\/www.europesays.com\/no\/wp-json\/wp\/v2\/tags?post=134648"}],"curies":[{"name":"wp","href":"https:\/\/api.w.org\/{rel}","templated":true}]}}