{"id":134650,"date":"2026-01-11T14:11:17","date_gmt":"2026-01-11T14:11:17","guid":{"rendered":"https:\/\/www.europesays.com\/no\/134650\/"},"modified":"2026-01-11T14:11:17","modified_gmt":"2026-01-11T14:11:17","slug":"sogndal-politi-bil-snurra-rundt-og-hamna-i-grofta","status":"publish","type":"post","link":"https:\/\/www.europesays.com\/no\/134650\/","title":{"rendered":"Sogndal, Politi | Bil snurra rundt og hamna i gr\u00f8fta"},"content":{"rendered":"\n<p>Klokka 11.00 vart det meldt om ei trafikkulukke p\u00e5 Rv5 ved St\u00f8len p\u00e5 Kj\u00f8rnes i Sogndal. <\/p>\n<p>\u2013 Ein bil med to personar har snurra og hamna i gr\u00f8fta. Involverte personar er vakne og bevisste, opplyser operasjonsleiar Knut Dahl-Michelsen ved Vest politidistrikt.<\/p>\n<p>Det skal vera veldig glatt p\u00e5 staden. <\/p>\n<p>Klokka 11.19 melder politiet at patruljen er framme.<\/p>\n<p>\u2013 Dei to personane verkar \u00e5 vera uskadde, men eit barn har smerter i ein arm, opplyser Dahl-Michelsen.<\/p>\n<p>Bilen og eit skilt har f\u00e5tt materielle skader.<\/p>\n<p>Det er passasje forbi staden i eit k\u00f8yrefelt og bilbergar er rekvirert.<\/p>\n<p>\u00c5rsaka til ulukka skal vera glatt veg.<\/p>\n<p>\u2013 F\u00f8rar har f\u00e5tt sleng p\u00e5 bilen p\u00e5 glatta og hamna i gr\u00f8fta.<\/p>\n<p>Klokka 11.56 blir det meldt om at bilen er fjerna og at vegen er opna.<\/p>\n<p>\u2013 F\u00f8rar og passasjer er k\u00f8yrde til lokal legevakt. Vegvesenet er varsla og det blir str\u00f8dd p\u00e5 staden, melder Dahl-Michelsen.<\/p>\n<p>Patruljen oppretter sak.<\/p>\n","protected":false},"excerpt":{"rendered":"Klokka 11.00 vart det meldt om ei trafikkulukke p\u00e5 Rv5 ved St\u00f8len p\u00e5 Kj\u00f8rnes i Sogndal. \u2013 Ein&hellip;\n","protected":false},"author":2,"featured_media":134651,"comment_status":"","ping_status":"","sticky":false,"template":"","format":"standard","meta":{"footnotes":""},"categories":[10],"tags":[36,20,21,24,25,15,22,23,13,30,28,29,14,16,254,1029,1510,26,27,4501],"class_list":{"0":"post-134650","1":"post","2":"type-post","3":"status-publish","4":"format-standard","5":"has-post-thumbnail","7":"category-norge","8":"tag-art","9":"tag-breaking-news","10":"tag-breakingnews","11":"tag-featured-news","12":"tag-featurednews","13":"tag-headlines","14":"tag-latest-news","15":"tag-latestnews","16":"tag-news","17":"tag-no","18":"tag-norge","19":"tag-norway","20":"tag-nyheter","21":"tag-overskrifter","22":"tag-politi","23":"tag-sogndal","24":"tag-story","25":"tag-top-stories","26":"tag-topstories","27":"tag-ulukke"},"share_on_mastodon":{"url":"https:\/\/pubeurope.com\/@no\/115876874756076568","error":""},"_links":{"self":[{"href":"https:\/\/www.europesays.com\/no\/wp-json\/wp\/v2\/posts\/134650","targetHints":{"allow":["GET"]}}],"collection":[{"href":"https:\/\/www.europesays.com\/no\/wp-json\/wp\/v2\/posts"}],"about":[{"href":"https:\/\/www.europesays.com\/no\/wp-json\/wp\/v2\/types\/post"}],"author":[{"embeddable":true,"href":"https:\/\/www.europesays.com\/no\/wp-json\/wp\/v2\/users\/2"}],"replies":[{"embeddable":true,"href":"https:\/\/www.europesays.com\/no\/wp-json\/wp\/v2\/comments?post=134650"}],"version-history":[{"count":0,"href":"https:\/\/www.europesays.com\/no\/wp-json\/wp\/v2\/posts\/134650\/revisions"}],"wp:featuredmedia":[{"embeddable":true,"href":"https:\/\/www.europesays.com\/no\/wp-json\/wp\/v2\/media\/134651"}],"wp:attachment":[{"href":"https:\/\/www.europesays.com\/no\/wp-json\/wp\/v2\/media?parent=134650"}],"wp:term":[{"taxonomy":"category","embeddable":true,"href":"https:\/\/www.europesays.com\/no\/wp-json\/wp\/v2\/categories?post=134650"},{"taxonomy":"post_tag","embeddable":true,"href":"https:\/\/www.europesays.com\/no\/wp-json\/wp\/v2\/tags?post=134650"}],"curies":[{"name":"wp","href":"https:\/\/api.w.org\/{rel}","templated":true}]}}