{"id":134654,"date":"2026-01-11T14:13:28","date_gmt":"2026-01-11T14:13:28","guid":{"rendered":"https:\/\/www.europesays.com\/no\/134654\/"},"modified":"2026-01-11T14:13:28","modified_gmt":"2026-01-11T14:13:28","slug":"nytt-em-gull-for-smakvalm-wiklund","status":"publish","type":"post","link":"https:\/\/www.europesays.com\/no\/134654\/","title":{"rendered":"Nytt EM-gull for \u00absm\u00e5kvalm\u00bb Wiklund"},"content":{"rendered":"<p>    Ragne Wiklund fulgte opp fredagens gull p\u00e5 3000 meter med nok en gullmedalje p\u00e5 1500 meter i sk\u00f8yte-EM i Polen l\u00f8rdag.<\/p>\n<p>\n    Ragne Wiklund gikk inn til nok et gull l\u00f8rdag. Foto: Geir Olsen \/ NTB\n  <\/p>\n<p>Fredag knuste Wiklund sin egen banerekord da hun gikk til topps p\u00e5 3000 meter. Det fulgte hun opp med nok et imponerende gull\u00f8p p\u00e5 1500 meter l\u00f8rdag.<\/p>\n<p>Wiklund \u00e5pnet forsiktig, men i kjent stil satte 25-\u00e5ringen opp tempoet og gikk i m\u00e5l like foran den tsjekkiske s\u00f8lvvinneren Nikola Zdrahalova, som hun gikk i par med. Nederlandske Chlo\u00e9 Hoogendoorn sikret bronsemedaljen.<\/p>\n<p>\u2013 Jeg tror ikke jeg var helt restituert, s\u00e5 det kostet litt mer i starten, og jeg hadde veldig mange sm\u00e5 feilskj\u00e6r. Jeg visste at hvis jeg vant paret, hadde jeg gode sjanser til \u00e5 vinne, sa Wiklund til Viaplay etter l\u00f8pet.<\/p>\n<p>OL-form\t<\/p>\n<p>Med tiden 1.56,24 var Wiklund sv\u00e6rt n\u00e6r ved \u00e5 sl\u00e5 banerekorden til den japanske verdensrekordholderen Miho Takagi, satt i 2021.<\/p>\n<p>Det ble en ledertid ingen andre klarte \u00e5 gj\u00f8re noe med, og dermed kunne Wiklund feire nok en gullmedalje, bare en m\u00e5ned f\u00f8r OL i Italia. To EM-gull p\u00e5 to dager viser tegn til kjempeform f\u00f8r sesongens store h\u00f8ydepunkt.<\/p>\n<p>\u2013 L\u00f8pet i g\u00e5r var nok hakket bedre, men det er veldig stort \u00e5 ta gullet ogs\u00e5 p\u00e5 1500 meter. Det er den distansen jeg slo gjennom p\u00e5, sa Wiklund.<\/p>\n<p>Sm\u00e5kvalm\t<\/p>\n<p>Aurora Grinden L\u00f8v\u00e5s deltok ogs\u00e5 for Norge p\u00e5 1500-meteren. Hun klokket inn til 2.00,27 og endte p\u00e5 8.-plass.<\/p>\n<p>Hun var sv\u00e6rt stolt av sin norske gullvenninne, som seiret tross en d\u00e5rlig oppladning.<\/p>\n<p>\u2013 Hun f\u00f8lte seg litt sm\u00e5kvalm f\u00f8r start i dag, s\u00e5 jeg er stolt av henne. Det at hun klarer \u00e5 prestere dette med den oppladningen hun har hatt lover veldig bra for det som kommer, sa L\u00f8v\u00e5s om lagvenninnen.<\/p>\n","protected":false},"excerpt":{"rendered":"Ragne Wiklund fulgte opp fredagens gull p\u00e5 3000 meter med nok en gullmedalje p\u00e5 1500 meter i sk\u00f8yte-EM&hellip;\n","protected":false},"author":2,"featured_media":134655,"comment_status":"","ping_status":"","sticky":false,"template":"","format":"standard","meta":{"footnotes":""},"categories":[59],"tags":[30,28,29,14,83,82],"class_list":{"0":"post-134654","1":"post","2":"type-post","3":"status-publish","4":"format-standard","5":"has-post-thumbnail","7":"category-sport","8":"tag-no","9":"tag-norge","10":"tag-norway","11":"tag-nyheter","12":"tag-sport","13":"tag-sports"},"share_on_mastodon":{"url":"https:\/\/pubeurope.com\/@no\/115876882116604652","error":""},"_links":{"self":[{"href":"https:\/\/www.europesays.com\/no\/wp-json\/wp\/v2\/posts\/134654","targetHints":{"allow":["GET"]}}],"collection":[{"href":"https:\/\/www.europesays.com\/no\/wp-json\/wp\/v2\/posts"}],"about":[{"href":"https:\/\/www.europesays.com\/no\/wp-json\/wp\/v2\/types\/post"}],"author":[{"embeddable":true,"href":"https:\/\/www.europesays.com\/no\/wp-json\/wp\/v2\/users\/2"}],"replies":[{"embeddable":true,"href":"https:\/\/www.europesays.com\/no\/wp-json\/wp\/v2\/comments?post=134654"}],"version-history":[{"count":0,"href":"https:\/\/www.europesays.com\/no\/wp-json\/wp\/v2\/posts\/134654\/revisions"}],"wp:featuredmedia":[{"embeddable":true,"href":"https:\/\/www.europesays.com\/no\/wp-json\/wp\/v2\/media\/134655"}],"wp:attachment":[{"href":"https:\/\/www.europesays.com\/no\/wp-json\/wp\/v2\/media?parent=134654"}],"wp:term":[{"taxonomy":"category","embeddable":true,"href":"https:\/\/www.europesays.com\/no\/wp-json\/wp\/v2\/categories?post=134654"},{"taxonomy":"post_tag","embeddable":true,"href":"https:\/\/www.europesays.com\/no\/wp-json\/wp\/v2\/tags?post=134654"}],"curies":[{"name":"wp","href":"https:\/\/api.w.org\/{rel}","templated":true}]}}