{"id":134660,"date":"2026-01-11T14:22:07","date_gmt":"2026-01-11T14:22:07","guid":{"rendered":"https:\/\/www.europesays.com\/no\/134660\/"},"modified":"2026-01-11T14:22:07","modified_gmt":"2026-01-11T14:22:07","slug":"et-bra-steg-i-riktig-retning","status":"publish","type":"post","link":"https:\/\/www.europesays.com\/no\/134660\/","title":{"rendered":"\u2013 Et bra steg i riktig retning"},"content":{"rendered":"\n<p class=\"_lead_o9xde_2 _lead_xtcu6_50 layout-component text-serif-m layout-normal text-serif-l layout-component layout-wide layout-padded _wide_17hqh_1 layout-padded\">Stavanger-l\u00f8peren Peder Kongshaug (24) innfridde p\u00e5 1500-meteren i EM enkeltdistanser og tok gull p\u00e5 tiden 1.46,08.<\/p>\n<p><img alt=\"Peder Kongshaug ble europamester p\u00e5 1500 meter for annen gang.  Foto: Carina Johansen \/ NTB\" class=\"_image_qp4xg_65 layout-component layout-wide\" data-fullscreen- data-track-element-type=\"Article image fullscreen\" data-track-name=\"ImageFullscreen\" fetchpriority=\"high\" decoding=\"sync\" loading=\"eager\" height=\"4547\" itemprop=\"image\"  src=\"https:\/\/www.europesays.com\/no\/wp-content\/uploads\/2026\/01\/0328b73f-99ea-4b43-80c6-541e297b87ec.png\"  style=\"object-position:0% 0%\" width=\"6820\"\/>Peder Kongshaug ble europamester p\u00e5 1500 meter for annen gang.  Foto: Carina Johansen \/ NTB<\/p>\n<ul aria-hidden=\"true\" class=\"_images_ntbth_112\">\n<li><a class=\"_link_ntbth_117\" href=\"https:\/\/www.vg.no\/forfatter\/ntb\" style=\"z-index:1\" title=\"NTB\" rel=\"nofollow noopener\" target=\"_blank\"><img alt=\"Bilde av NTB\" class=\"_image_ntbth_93\" fetchpriority=\"low\" loading=\"lazy\" decoding=\"async\" itemprop=\"image\"  src=\"https:\/\/www.europesays.com\/no\/wp-content\/uploads\/2026\/01\/1768141327_186_c33980b0-5d07-4027-84a1-813f90a7c8d6.png\"  width=\"480\"\/><\/a><\/li>\n<\/ul>\n<p> Oppdatert s\u00f8ndag 11. januar kl. 15:05     <\/p>\n<p class=\"_paragraph_o9xde_4 _paragraph_xtcu6_10 layout-component text-serif-m layout-normal text-serif-m layout-padded\">Dermed st\u00e5r Kongshaug med tre strake gull p\u00e5 distansen i EM og VM. Nordmannen var storfavoritt i Polen s\u00f8ndag, og det stempelet h\u00e5ndterte han glimrende.<\/p>\n<p class=\"_paragraph_o9xde_4 _paragraph_xtcu6_10 layout-component text-serif-m layout-normal text-serif-m layout-padded\">\u2013 Han utroper seg selv til favoritt, han leverer og tar sitt tredje strake enkeltdistansegull p\u00e5 denne \u00f8velsen. Han er en mesterskapsl\u00f8per, utbr\u00f8t Viaplay-kommentator J\u00f8rn Sundby.<\/p>\n<p class=\"_paragraph_o9xde_4 _paragraph_xtcu6_10 layout-component text-serif-m layout-normal text-serif-m layout-padded\">Kongshaug gikk i siste par sammen med nederlenderen Wesly Dijs. Hjemmeh\u00e5pet Vladimir Semirunniy ledet f\u00f8r det, og Kongshaug slo ham med nesten halvsekundet.<\/p>\n<p class=\"_paragraph_o9xde_4 _paragraph_xtcu6_10 layout-component text-serif-m layout-normal text-serif-m layout-padded\">\u2013 Vanvittig godt levert av Peder. Jeg tar av meg hatten for den vinnerskallen han er. Han leverer n\u00e5r det gjelder, sa ekspert og tidligere sk\u00f8ytel\u00f8per Ida Nj\u00e5tun.<\/p>\n<p>Bedring<\/p>\n<p class=\"_paragraph_o9xde_4 _paragraph_xtcu6_10 layout-component text-serif-m layout-normal text-serif-m layout-padded\">Etter seieren var Kongshaug selv mest opptatt av at han opplever en formstigning foran OL-starten om en snau m\u00e5ned.<\/p>\n<p class=\"_paragraph_o9xde_4 _paragraph_xtcu6_10 layout-component text-serif-m layout-normal text-serif-m layout-padded\">\u2013 Jeg merker at jeg har mye mer energi n\u00e5 enn jeg har hatt i de siste l\u00f8pene. 1500 meter blir ikke like vondt lenger. Og da er det godt nok til \u00e5 vinne her iallfall, sa han til Viaplay og fortsatte:<\/p>\n<p class=\"_paragraph_o9xde_4 _paragraph_xtcu6_10 layout-component text-serif-m layout-normal text-serif-m layout-padded\">\u2013 Det er et bra steg i riktig retning. Det er fortsatt ikke et OL-gull\u00f8p, men jeg er mye n\u00e6rmere n\u00e5 enn for en m\u00e5ned siden. Jeg har et sekund \u00e5 g\u00e5 p\u00e5, for det var det jeg gikk p\u00e5 her for et \u00e5r siden.<\/p>\n<p class=\"_paragraph_o9xde_4 _paragraph_xtcu6_10 layout-component text-serif-m layout-normal text-serif-m layout-padded\">Det ble s\u00f8lv p\u00e5 Semirunniy og bronse til nederlandske Tim Prins. Sistnevnte var f\u00f8r l\u00f8pet regnet som Kongshaugs st\u00f8rste utfordrer om gullet.<\/p>\n<p>Storl\u00f8pere manglet<\/p>\n<p class=\"_paragraph_o9xde_4 _paragraph_xtcu6_10 layout-component text-serif-m layout-normal text-serif-m layout-padded\">Det var et noe B-preget felt som stilte til start i EM en m\u00e5ned f\u00f8r OL i Italia. Blant andre deltok ikke verdensrekordholder Kjeld Nuis og hans lagkamerat Patrick Roest. De var n\u00e6rmest Kongshaug da han tok EM-gull p\u00e5 1500-meteren i Heerenveen for to \u00e5r siden.<\/p>\n<p class=\"_paragraph_o9xde_4 _paragraph_xtcu6_10 layout-component text-serif-m layout-normal text-serif-m layout-padded\">\u2013 Det mangler noen sterke l\u00f8pere. I dag var det viktigst \u00e5 g\u00e5 et bra l\u00f8p, og s\u00e5 er et EM-gull selvf\u00f8lgelig stort. Dette er noe \u00e5 bygge videre p\u00e5, sa Kongshaug.<\/p>\n<p class=\"_paragraph_o9xde_4 _paragraph_xtcu6_10 layout-component text-serif-m layout-normal text-serif-m layout-padded\">Hamar-kompisene Finn Elias Haneberg og Didrik Eng Strand deltok ogs\u00e5 p\u00e5 1500-meteren i Tomaszow Mazowiecki. De ble henholdsvis nummer ni og elleve.<\/p>\n","protected":false},"excerpt":{"rendered":"Stavanger-l\u00f8peren Peder Kongshaug (24) innfridde p\u00e5 1500-meteren i EM enkeltdistanser og tok gull p\u00e5 tiden 1.46,08. Peder Kongshaug&hellip;\n","protected":false},"author":2,"featured_media":134661,"comment_status":"","ping_status":"","sticky":false,"template":"","format":"standard","meta":{"footnotes":""},"categories":[5],"tags":[20,21,24,25,15,19,22,23,17,18,13,30,28,29,14,16,26,27],"class_list":{"0":"post-134660","1":"post","2":"type-post","3":"status-publish","4":"format-standard","5":"has-post-thumbnail","7":"category-overskrifter","8":"tag-breaking-news","9":"tag-breakingnews","10":"tag-featured-news","11":"tag-featurednews","12":"tag-headlines","13":"tag-hovedoppslag","14":"tag-latest-news","15":"tag-latestnews","16":"tag-main-news","17":"tag-mainnews","18":"tag-news","19":"tag-no","20":"tag-norge","21":"tag-norway","22":"tag-nyheter","23":"tag-overskrifter","24":"tag-top-stories","25":"tag-topstories"},"share_on_mastodon":{"url":"https:\/\/pubeurope.com\/@no\/115876917570512913","error":""},"_links":{"self":[{"href":"https:\/\/www.europesays.com\/no\/wp-json\/wp\/v2\/posts\/134660","targetHints":{"allow":["GET"]}}],"collection":[{"href":"https:\/\/www.europesays.com\/no\/wp-json\/wp\/v2\/posts"}],"about":[{"href":"https:\/\/www.europesays.com\/no\/wp-json\/wp\/v2\/types\/post"}],"author":[{"embeddable":true,"href":"https:\/\/www.europesays.com\/no\/wp-json\/wp\/v2\/users\/2"}],"replies":[{"embeddable":true,"href":"https:\/\/www.europesays.com\/no\/wp-json\/wp\/v2\/comments?post=134660"}],"version-history":[{"count":0,"href":"https:\/\/www.europesays.com\/no\/wp-json\/wp\/v2\/posts\/134660\/revisions"}],"wp:featuredmedia":[{"embeddable":true,"href":"https:\/\/www.europesays.com\/no\/wp-json\/wp\/v2\/media\/134661"}],"wp:attachment":[{"href":"https:\/\/www.europesays.com\/no\/wp-json\/wp\/v2\/media?parent=134660"}],"wp:term":[{"taxonomy":"category","embeddable":true,"href":"https:\/\/www.europesays.com\/no\/wp-json\/wp\/v2\/categories?post=134660"},{"taxonomy":"post_tag","embeddable":true,"href":"https:\/\/www.europesays.com\/no\/wp-json\/wp\/v2\/tags?post=134660"}],"curies":[{"name":"wp","href":"https:\/\/api.w.org\/{rel}","templated":true}]}}