{"id":134670,"date":"2026-01-11T14:39:09","date_gmt":"2026-01-11T14:39:09","guid":{"rendered":"https:\/\/www.europesays.com\/no\/134670\/"},"modified":"2026-01-11T14:39:09","modified_gmt":"2026-01-11T14:39:09","slug":"peder-kongshaug-forsvarte-em-gullet-pa-1500-meter","status":"publish","type":"post","link":"https:\/\/www.europesays.com\/no\/134670\/","title":{"rendered":"Peder Kongshaug forsvarte EM-gullet p\u00e5 1500 meter"},"content":{"rendered":"<p> Stavanger-l\u00f8peren Peder Kongshaug (24) innfridde p\u00e5 1500-meteren i EM enkeltdistanser og tok gull p\u00e5 tiden 1.46,08.Dermed st\u00e5r Kongshaug med tre strake gull p\u00e5 distansen i EM og VM. Nordmannen var storfavoritt i Polen s\u00f8ndag, og det stempelet h\u00e5ndterte han glimrende.<\/p>\n<p>\u2013 Han utroper seg selv til favoritt, han leverer og tar sitt tredje strake enkeltdistansegull p\u00e5 denne \u00f8velsen. Han er en mesterskapsl\u00f8per, utbr\u00f8t Viaplay-kommentator J\u00f8rn Sundby.<\/p>\n<p>Kongshaug gikk i siste par sammen med nederlenderen Wesly Dijs. Hjemmeh\u00e5pet Vladimir Semirunniy ledet f\u00f8r det, og Kongshaug slo ham med nesten halvsekundet.<\/p>\n<p>\u2013 Vanvittig godt levert av Peder. Jeg tar av meg hatten for den vinnerskallen han er. Han leverer n\u00e5r det gjelder, sa ekspert og tidligere sk\u00f8ytel\u00f8per Ida Nj\u00e5tun.<\/p>\n<p>Bedring<\/p>\n<p>Etter seieren var Kongshaug selv mest opptatt av at han opplever en formstigning foran OL-starten om en snau m\u00e5ned.<\/p>\n<p>\u2013 Jeg merker at jeg har mye mer energi n\u00e5 enn jeg har hatt i de siste l\u00f8pene. 1500 meter blir ikke like vondt lenger. Og da er det godt nok til \u00e5 vinne her iallfall, sa han til Viaplay og fortsatte:<\/p>\n<p>\u2013 Det er et bra steg i riktig retning. Det er fortsatt ikke et OL-gull\u00f8p, men jeg er mye n\u00e6rmere n\u00e5 enn for en m\u00e5ned siden. Jeg har et sekund \u00e5 g\u00e5 p\u00e5, for det var det jeg gikk p\u00e5 her for et \u00e5r siden.<\/p>\n<p>Det ble s\u00f8lv p\u00e5 Semirunniy og bronse til nederlandske Tim Prins. Sistnevnte var f\u00f8r l\u00f8pet regnet som Kongshaugs st\u00f8rste utfordrer om gullet.<\/p>\n<p>Storl\u00f8pere manglet<\/p>\n<p>Det var et noe B-preget felt som stilte til start i EM en m\u00e5ned f\u00f8r OL i Italia. Blant andre deltok ikke verdensrekordholder Kjeld Nuis og hans lagkamerat Patrick Roest. De var n\u00e6rmest Kongshaug da han tok EM-gull p\u00e5 1500-meteren i Heerenveen for to \u00e5r siden.<\/p>\n<p>\u2013 Det mangler noen sterke l\u00f8pere. I dag var det viktigst \u00e5 g\u00e5 et bra l\u00f8p, og s\u00e5 er et EM-gull selvf\u00f8lgelig stort. Dette er noe \u00e5 bygge videre p\u00e5, sa Kongshaug.<\/p>\n<p>Hamar-kompisene Finn Elias Haneberg og Didrik Eng Strand deltok ogs\u00e5 p\u00e5 1500-meteren i Tomaszow Mazowiecki. De ble henholdsvis nummer ni og elleve.<\/p>\n<p>(\u00a9NTB)<\/p>\n","protected":false},"excerpt":{"rendered":"Stavanger-l\u00f8peren Peder Kongshaug (24) innfridde p\u00e5 1500-meteren i EM enkeltdistanser og tok gull p\u00e5 tiden 1.46,08.Dermed st\u00e5r Kongshaug&hellip;\n","protected":false},"author":2,"featured_media":134671,"comment_status":"","ping_status":"","sticky":false,"template":"","format":"standard","meta":{"footnotes":""},"categories":[5],"tags":[20,21,24,25,15,19,22,23,17,18,13,30,28,29,14,16,26,27],"class_list":{"0":"post-134670","1":"post","2":"type-post","3":"status-publish","4":"format-standard","5":"has-post-thumbnail","7":"category-overskrifter","8":"tag-breaking-news","9":"tag-breakingnews","10":"tag-featured-news","11":"tag-featurednews","12":"tag-headlines","13":"tag-hovedoppslag","14":"tag-latest-news","15":"tag-latestnews","16":"tag-main-news","17":"tag-mainnews","18":"tag-news","19":"tag-no","20":"tag-norge","21":"tag-norway","22":"tag-nyheter","23":"tag-overskrifter","24":"tag-top-stories","25":"tag-topstories"},"share_on_mastodon":{"url":"https:\/\/pubeurope.com\/@no\/115876984500232295","error":""},"_links":{"self":[{"href":"https:\/\/www.europesays.com\/no\/wp-json\/wp\/v2\/posts\/134670","targetHints":{"allow":["GET"]}}],"collection":[{"href":"https:\/\/www.europesays.com\/no\/wp-json\/wp\/v2\/posts"}],"about":[{"href":"https:\/\/www.europesays.com\/no\/wp-json\/wp\/v2\/types\/post"}],"author":[{"embeddable":true,"href":"https:\/\/www.europesays.com\/no\/wp-json\/wp\/v2\/users\/2"}],"replies":[{"embeddable":true,"href":"https:\/\/www.europesays.com\/no\/wp-json\/wp\/v2\/comments?post=134670"}],"version-history":[{"count":0,"href":"https:\/\/www.europesays.com\/no\/wp-json\/wp\/v2\/posts\/134670\/revisions"}],"wp:featuredmedia":[{"embeddable":true,"href":"https:\/\/www.europesays.com\/no\/wp-json\/wp\/v2\/media\/134671"}],"wp:attachment":[{"href":"https:\/\/www.europesays.com\/no\/wp-json\/wp\/v2\/media?parent=134670"}],"wp:term":[{"taxonomy":"category","embeddable":true,"href":"https:\/\/www.europesays.com\/no\/wp-json\/wp\/v2\/categories?post=134670"},{"taxonomy":"post_tag","embeddable":true,"href":"https:\/\/www.europesays.com\/no\/wp-json\/wp\/v2\/tags?post=134670"}],"curies":[{"name":"wp","href":"https:\/\/api.w.org\/{rel}","templated":true}]}}