{"id":134674,"date":"2026-01-11T14:46:37","date_gmt":"2026-01-11T14:46:37","guid":{"rendered":"https:\/\/www.europesays.com\/no\/134674\/"},"modified":"2026-01-11T14:46:37","modified_gmt":"2026-01-11T14:46:37","slug":"lier-trafikk-hevder-han-ble-blendet-av-sol-for-han-krasjet","status":"publish","type":"post","link":"https:\/\/www.europesays.com\/no\/134674\/","title":{"rendered":"Lier, Trafikk | Hevder han ble blendet av sol f\u00f8r han krasjet"},"content":{"rendered":"\n<p><b>LIER: <\/b>N\u00f8detatene rykket s\u00f8ndag ettermiddag ut til en trafikkulykke ved Egge i Lier. Det var to biler og to personer involvert i ulykken. <\/p>\n<p>Klokken 12.15 var n\u00f8detatene fremme p\u00e5 stedet. De involverte ble tilsett av ambulansepersonell. Operasjonsleder i politiet, Espen Reite, informerer om at det ikke er meldt om personskader i forbindelse med ulykken. <\/p>\n<p>F\u00f8rer av den ene bilen, en mann i ten\u00e5rene opplyste til politiet at han ble blendet av sol. Politiet har opprettet sak p\u00e5 forholdet. Det er ikke tatt noe f\u00f8rerkortbeslag. <\/p>\n","protected":false},"excerpt":{"rendered":"LIER: N\u00f8detatene rykket s\u00f8ndag ettermiddag ut til en trafikkulykke ved Egge i Lier. Det var to biler og&hellip;\n","protected":false},"author":2,"featured_media":24401,"comment_status":"","ping_status":"","sticky":false,"template":"","format":"standard","meta":{"footnotes":""},"categories":[10],"tags":[36,20,21,24,25,15,22,23,5523,13,30,28,29,447,14,16,1510,26,27,224],"class_list":{"0":"post-134674","1":"post","2":"type-post","3":"status-publish","4":"format-standard","5":"has-post-thumbnail","7":"category-norge","8":"tag-art","9":"tag-breaking-news","10":"tag-breakingnews","11":"tag-featured-news","12":"tag-featurednews","13":"tag-headlines","14":"tag-latest-news","15":"tag-latestnews","16":"tag-lier","17":"tag-news","18":"tag-no","19":"tag-norge","20":"tag-norway","21":"tag-nyhet","22":"tag-nyheter","23":"tag-overskrifter","24":"tag-story","25":"tag-top-stories","26":"tag-topstories","27":"tag-trafikk"},"share_on_mastodon":{"url":"https:\/\/pubeurope.com\/@no\/115877011955377720","error":""},"_links":{"self":[{"href":"https:\/\/www.europesays.com\/no\/wp-json\/wp\/v2\/posts\/134674","targetHints":{"allow":["GET"]}}],"collection":[{"href":"https:\/\/www.europesays.com\/no\/wp-json\/wp\/v2\/posts"}],"about":[{"href":"https:\/\/www.europesays.com\/no\/wp-json\/wp\/v2\/types\/post"}],"author":[{"embeddable":true,"href":"https:\/\/www.europesays.com\/no\/wp-json\/wp\/v2\/users\/2"}],"replies":[{"embeddable":true,"href":"https:\/\/www.europesays.com\/no\/wp-json\/wp\/v2\/comments?post=134674"}],"version-history":[{"count":0,"href":"https:\/\/www.europesays.com\/no\/wp-json\/wp\/v2\/posts\/134674\/revisions"}],"wp:featuredmedia":[{"embeddable":true,"href":"https:\/\/www.europesays.com\/no\/wp-json\/wp\/v2\/media\/24401"}],"wp:attachment":[{"href":"https:\/\/www.europesays.com\/no\/wp-json\/wp\/v2\/media?parent=134674"}],"wp:term":[{"taxonomy":"category","embeddable":true,"href":"https:\/\/www.europesays.com\/no\/wp-json\/wp\/v2\/categories?post=134674"},{"taxonomy":"post_tag","embeddable":true,"href":"https:\/\/www.europesays.com\/no\/wp-json\/wp\/v2\/tags?post=134674"}],"curies":[{"name":"wp","href":"https:\/\/api.w.org\/{rel}","templated":true}]}}