{"id":134681,"date":"2026-01-11T14:53:19","date_gmt":"2026-01-11T14:53:19","guid":{"rendered":"https:\/\/www.europesays.com\/no\/134681\/"},"modified":"2026-01-11T14:53:19","modified_gmt":"2026-01-11T14:53:19","slug":"politi-ulykker-og-hendelser-tyver-tatt-pa-fersk-gjerning-gudbrandsdolen-dagningen","status":"publish","type":"post","link":"https:\/\/www.europesays.com\/no\/134681\/","title":{"rendered":"Politi, Ulykker og hendelser | Tyver tatt p\u00e5 fersk gjerning &#8211; Gudbrandsd\u00f8len Dagningen"},"content":{"rendered":"<ol>\n<li><a href=\"https:\/\/news.google.com\/rss\/articles\/CBMibEFVX3lxTE1kQk14d0piTDFDT0R4RHVteGZxbndqclcxeVZmdWFieElRMmFZcVB1Q1dEdTVjQV9EQWRxUkd2ZnhKTXZvMUE5d202a1RCSlBaamhUQjlNMDhXQU9mdUJQREJHcmNKY1E5Q0ppWA?oc=5\" target=\"_blank\" rel=\"nofollow noopener\">Politi, Ulykker og hendelser | Tyver tatt p\u00e5 fersk gjerning<\/a>&nbsp;&nbsp;Gudbrandsd\u00f8len Dagningen<\/li>\n<li><a href=\"https:\/\/news.google.com\/rss\/articles\/CBMieEFVX3lxTE42TDRpQmdHM09ULVBmRVRYUHFUOHlCT3JLT2VIc09iVmc0WWZiOVloQnJBQUxFMGt2QVYydnoyUVNmS0tOdzcxclZDZ1FZdUxCYmFzSTNDaGZJMlhjZFpjLWZqcG1TdS1iZEstNm9UTGhMcENXM29qXw?oc=5\" target=\"_blank\" rel=\"nofollow noopener\">Krim, Tyveri | Kobbertyver tatt p\u00e5 fersk gjerning<\/a>&nbsp;&nbsp;Hamar Arbeiderblad<\/li>\n<li><a href=\"https:\/\/news.google.com\/rss\/articles\/CBMihAFBVV95cUxNNnFsQzRGU2Z0UU54SG9QQmFpYnFmUnJUWVFCRkRiZ2IyTUJfaUEzQ1BsQUdUVm9EUW5NaXM1V1Y3ME51R1NNdEJLMjdReUtQZkhLTXlwX29DM1ZrMUppc3VwS3dpbE5CcUw2MERiZ2xENVVBSjNsQnY3RmFjMlhqU29yTWs?oc=5\" target=\"_blank\" rel=\"nofollow noopener\">Nyheter, Innbrudd | Her er innbruddstyven p\u00e5 veg inn i verkstedet<\/a>&nbsp;&nbsp;Gudbrandsd\u00f8len Dagningen<\/li>\n<li><a href=\"https:\/\/news.google.com\/rss\/articles\/CBMiRkFVX3lxTE9GZmFUSEdTUUFPLWJFSElNaWE0WjdaREVqVmY2RjhrQ2hQaTA3QTRHbzlMb2x4VnBDQkFnakVFbTAxZnZvekE?oc=5\" target=\"_blank\" rel=\"nofollow noopener\">Krim, Ringsaker | Fors\u00f8kte \u00e5 ta seg inn hos bedrift \u2013 ble tatt p\u00e5 fersken av ansatte<\/a>&nbsp;&nbsp;oa.no<\/li>\n<li><a href=\"https:\/\/news.google.com\/rss\/articles\/CBMirgFBVV95cUxQeVE5V2J6dDE1SGtVSjNISDBQQmI5MTB1VDBZYXRVNEYxOExrUmVMVG9zOVlXaUJla251S2RvT2ZHajQxbklyWDRfTkNPOC1oNXBWeHZhNnh0S3RDSDB1S1Y2dGtqU2pCN0ZNMW1DWWU3bFVuNGlndlBzbXZsa3ZIYXNhZ2hFSncxa01HZURCQW9aMnp5RXY4ODF5NVFVR3FRQUFLeDZKVlljaFRZZkE?oc=5\" target=\"_blank\" rel=\"nofollow noopener\">Kriminalitet og rettsvesen, Tyveri | Tatt p\u00e5 fersken i Brumunddal<\/a>&nbsp;&nbsp;Ringsaker Blad<\/li>\n<\/ol>\n","protected":false},"excerpt":{"rendered":"Politi, Ulykker og hendelser | Tyver tatt p\u00e5 fersk gjerning&nbsp;&nbsp;Gudbrandsd\u00f8len Dagningen Krim, Tyveri | Kobbertyver tatt p\u00e5 fersk&hellip;\n","protected":false},"author":2,"featured_media":465,"comment_status":"","ping_status":"","sticky":false,"template":"","format":"standard","meta":{"footnotes":""},"categories":[10],"tags":[20,21,24,25,15,22,23,13,30,28,29,14,16,26,27],"class_list":{"0":"post-134681","1":"post","2":"type-post","3":"status-publish","4":"format-standard","5":"has-post-thumbnail","7":"category-norge","8":"tag-breaking-news","9":"tag-breakingnews","10":"tag-featured-news","11":"tag-featurednews","12":"tag-headlines","13":"tag-latest-news","14":"tag-latestnews","15":"tag-news","16":"tag-no","17":"tag-norge","18":"tag-norway","19":"tag-nyheter","20":"tag-overskrifter","21":"tag-top-stories","22":"tag-topstories"},"share_on_mastodon":{"url":"https:\/\/pubeurope.com\/@no\/115877039468297817","error":""},"_links":{"self":[{"href":"https:\/\/www.europesays.com\/no\/wp-json\/wp\/v2\/posts\/134681","targetHints":{"allow":["GET"]}}],"collection":[{"href":"https:\/\/www.europesays.com\/no\/wp-json\/wp\/v2\/posts"}],"about":[{"href":"https:\/\/www.europesays.com\/no\/wp-json\/wp\/v2\/types\/post"}],"author":[{"embeddable":true,"href":"https:\/\/www.europesays.com\/no\/wp-json\/wp\/v2\/users\/2"}],"replies":[{"embeddable":true,"href":"https:\/\/www.europesays.com\/no\/wp-json\/wp\/v2\/comments?post=134681"}],"version-history":[{"count":0,"href":"https:\/\/www.europesays.com\/no\/wp-json\/wp\/v2\/posts\/134681\/revisions"}],"wp:featuredmedia":[{"embeddable":true,"href":"https:\/\/www.europesays.com\/no\/wp-json\/wp\/v2\/media\/465"}],"wp:attachment":[{"href":"https:\/\/www.europesays.com\/no\/wp-json\/wp\/v2\/media?parent=134681"}],"wp:term":[{"taxonomy":"category","embeddable":true,"href":"https:\/\/www.europesays.com\/no\/wp-json\/wp\/v2\/categories?post=134681"},{"taxonomy":"post_tag","embeddable":true,"href":"https:\/\/www.europesays.com\/no\/wp-json\/wp\/v2\/tags?post=134681"}],"curies":[{"name":"wp","href":"https:\/\/api.w.org\/{rel}","templated":true}]}}