{"id":134692,"date":"2026-01-11T15:07:21","date_gmt":"2026-01-11T15:07:21","guid":{"rendered":"https:\/\/www.europesays.com\/no\/134692\/"},"modified":"2026-01-11T15:07:21","modified_gmt":"2026-01-11T15:07:21","slug":"det-gikk-med-en-tann-i-slagsmalet","status":"publish","type":"post","link":"https:\/\/www.europesays.com\/no\/134692\/","title":{"rendered":"Det gikk med en tann i slagsm\u00e5let"},"content":{"rendered":"<p>En mann i slutten av tenn\u00e5rene og en mann i 30-\u00e5rene skulle gj\u00f8re opp seg i mellom natt til s\u00f8ndag. Kampen, p\u00e5 et av byens utesteder, endte med at en av dem knakk en tann. Politiet kom til og fikk roet kamphanene.<\/p>\n<p>En tredje mann i slutten av ten\u00e5rene kom til og forstyrret politiet under dette oppdraget. Han ble bortvist fra sentrum resten av natten. Det viste seg senere p\u00e5 natten av mannen ikke hadde forlatt sentrum, og ble anmeldt.<\/p>\n","protected":false},"excerpt":{"rendered":"En mann i slutten av tenn\u00e5rene og en mann i 30-\u00e5rene skulle gj\u00f8re opp seg i mellom natt&hellip;\n","protected":false},"author":2,"featured_media":16542,"comment_status":"","ping_status":"","sticky":false,"template":"","format":"standard","meta":{"footnotes":""},"categories":[10],"tags":[20,21,24,25,15,22,23,13,30,28,29,14,16,468,26,27,4395],"class_list":{"0":"post-134692","1":"post","2":"type-post","3":"status-publish","4":"format-standard","5":"has-post-thumbnail","7":"category-norge","8":"tag-breaking-news","9":"tag-breakingnews","10":"tag-featured-news","11":"tag-featurednews","12":"tag-headlines","13":"tag-latest-news","14":"tag-latestnews","15":"tag-news","16":"tag-no","17":"tag-norge","18":"tag-norway","19":"tag-nyheter","20":"tag-overskrifter","21":"tag-politiet","22":"tag-top-stories","23":"tag-topstories","24":"tag-utesteder"},"share_on_mastodon":{"url":"https:\/\/pubeurope.com\/@no\/115877094580669006","error":""},"_links":{"self":[{"href":"https:\/\/www.europesays.com\/no\/wp-json\/wp\/v2\/posts\/134692","targetHints":{"allow":["GET"]}}],"collection":[{"href":"https:\/\/www.europesays.com\/no\/wp-json\/wp\/v2\/posts"}],"about":[{"href":"https:\/\/www.europesays.com\/no\/wp-json\/wp\/v2\/types\/post"}],"author":[{"embeddable":true,"href":"https:\/\/www.europesays.com\/no\/wp-json\/wp\/v2\/users\/2"}],"replies":[{"embeddable":true,"href":"https:\/\/www.europesays.com\/no\/wp-json\/wp\/v2\/comments?post=134692"}],"version-history":[{"count":0,"href":"https:\/\/www.europesays.com\/no\/wp-json\/wp\/v2\/posts\/134692\/revisions"}],"wp:featuredmedia":[{"embeddable":true,"href":"https:\/\/www.europesays.com\/no\/wp-json\/wp\/v2\/media\/16542"}],"wp:attachment":[{"href":"https:\/\/www.europesays.com\/no\/wp-json\/wp\/v2\/media?parent=134692"}],"wp:term":[{"taxonomy":"category","embeddable":true,"href":"https:\/\/www.europesays.com\/no\/wp-json\/wp\/v2\/categories?post=134692"},{"taxonomy":"post_tag","embeddable":true,"href":"https:\/\/www.europesays.com\/no\/wp-json\/wp\/v2\/tags?post=134692"}],"curies":[{"name":"wp","href":"https:\/\/api.w.org\/{rel}","templated":true}]}}