{"id":134703,"date":"2026-01-11T15:21:24","date_gmt":"2026-01-11T15:21:24","guid":{"rendered":"https:\/\/www.europesays.com\/no\/134703\/"},"modified":"2026-01-11T15:21:24","modified_gmt":"2026-01-11T15:21:24","slug":"a-laere-koding-gir-unge-trua-tilbake","status":"publish","type":"post","link":"https:\/\/www.europesays.com\/no\/134703\/","title":{"rendered":"\u00c5 l\u00e6re koding gir unge trua tilbake"},"content":{"rendered":"<p> \u00c5 l\u00e6re koding gir unge trua tilbake &#8211; morenytt.no     <\/p>\n<p>   <a id=\"skip-link\" href=\"#main-content\" data-astro-cid-5owasuqe=\"\">Hopp til Hovedinnhold<\/a>         <\/p>\n<p>Nummer 1 i \u00d8rsta \u2013 Volda<\/p>\n<p>            Marte Jelle, leiar for Nav \u00d8rsta-Volda, Ole Kristian Myrbostad, seniorr\u00e5dgivar i Nav M\u00f8re og Romsdal, John-Arne Lilleb\u00f8, tiltaksleiar og kursleiar i Jobloop, Terje Rol\u00e9n, seniorr\u00e5dgivar i Nav M\u00f8re og Romsdal, og Erlend Walseth, f\u00f8rsteamanuensis ved Institutt for sosialfag p\u00e5 H\u00f8gskulen i Volda (HVO).\u00a0<strong data-v-e47ab0d0=\"\">Foto:<\/strong> HVO \/ Steinarr Sommerset      <\/p>\n<p>Allerede abonnent?Logg inn<\/p>\n<p>               Vi nyttar cookies for \u00e5 betre brukaropplevinga p\u00e5 nettstaden v\u00e5r. Se v\u00e5r cookieerkl\u00e6ring for fleire detaljer. <a href=\"https:\/\/minside.morenytt.no\/cookie-policy\" target=\"_blank\" data-v-778cf759=\"\" rel=\"nofollow noopener\">Les meir<\/a> <\/p>\n<p class=\"morenytt\" data-v-7a96de52=\"\">M\u00f8re-Nytt arbeider etter <a class=\"morenytt\" href=\"https:\/\/www.presse.no\/vaer-varsom-plakaten\" aria-label=\"Lenkje til V\u00e6r Varsom-plakaten\" data-v-7a96de52=\"\" rel=\"nofollow noopener\" target=\"_blank\">V\u00e6r Varsom-plakaten<\/a> sine reglar for god presseskikk. Sj\u00e5 \u00f2g <a class=\"morenytt\" href=\"https:\/\/www.redaktor.no\/ressurser\/etiske-og-juridiske-rammeverk\/redaktorplakaten\" aria-label=\"Lenkje til Redakt\u00f8rplakaten\" data-v-7a96de52=\"\" rel=\"nofollow noopener\" target=\"_blank\">Redakt\u00f8ransvar<\/a>. M\u00f8re-Nytt har ikkje ansvar for innhald p\u00e5 eksterne nettsider som det er lenka til. Alt innhald er verna av opphavsrett 2026 \u00a9 M\u00f8re-Nytt.<\/p>\n<p> <a href=\"https:\/\/minside.morenytt.no\/personvern\" data-astro-cid-kdfizhtb=\"\" rel=\"nofollow noopener\" target=\"_blank\">Informasjon om bruk av \u00abcookies\u00bb og personvernpolicy.<\/a> Samtykkeinnstillingar<a data-astro-cid-kdfizhtb=\"\">Samtykkeinnstillingar<\/a> <a href=\"https:\/\/www.polarismedia.no\/om-polaris-media\/apenhetsloven\" data-astro-cid-kdfizhtb=\"\" rel=\"nofollow noopener\" target=\"_blank\">Informasjon om openheitslova. <\/a>     <\/p>\n","protected":false},"excerpt":{"rendered":"\u00c5 l\u00e6re koding gir unge trua tilbake &#8211; morenytt.no Hopp til Hovedinnhold Nummer 1 i \u00d8rsta \u2013 Volda&hellip;\n","protected":false},"author":2,"featured_media":134704,"comment_status":"","ping_status":"","sticky":false,"template":"","format":"standard","meta":{"footnotes":""},"categories":[10],"tags":[20,21,24,25,15,22,23,13,30,28,29,14,16,26,27],"class_list":{"0":"post-134703","1":"post","2":"type-post","3":"status-publish","4":"format-standard","5":"has-post-thumbnail","7":"category-norge","8":"tag-breaking-news","9":"tag-breakingnews","10":"tag-featured-news","11":"tag-featurednews","12":"tag-headlines","13":"tag-latest-news","14":"tag-latestnews","15":"tag-news","16":"tag-no","17":"tag-norge","18":"tag-norway","19":"tag-nyheter","20":"tag-overskrifter","21":"tag-top-stories","22":"tag-topstories"},"share_on_mastodon":{"url":"https:\/\/pubeurope.com\/@no\/115877149805241815","error":""},"_links":{"self":[{"href":"https:\/\/www.europesays.com\/no\/wp-json\/wp\/v2\/posts\/134703","targetHints":{"allow":["GET"]}}],"collection":[{"href":"https:\/\/www.europesays.com\/no\/wp-json\/wp\/v2\/posts"}],"about":[{"href":"https:\/\/www.europesays.com\/no\/wp-json\/wp\/v2\/types\/post"}],"author":[{"embeddable":true,"href":"https:\/\/www.europesays.com\/no\/wp-json\/wp\/v2\/users\/2"}],"replies":[{"embeddable":true,"href":"https:\/\/www.europesays.com\/no\/wp-json\/wp\/v2\/comments?post=134703"}],"version-history":[{"count":0,"href":"https:\/\/www.europesays.com\/no\/wp-json\/wp\/v2\/posts\/134703\/revisions"}],"wp:featuredmedia":[{"embeddable":true,"href":"https:\/\/www.europesays.com\/no\/wp-json\/wp\/v2\/media\/134704"}],"wp:attachment":[{"href":"https:\/\/www.europesays.com\/no\/wp-json\/wp\/v2\/media?parent=134703"}],"wp:term":[{"taxonomy":"category","embeddable":true,"href":"https:\/\/www.europesays.com\/no\/wp-json\/wp\/v2\/categories?post=134703"},{"taxonomy":"post_tag","embeddable":true,"href":"https:\/\/www.europesays.com\/no\/wp-json\/wp\/v2\/tags?post=134703"}],"curies":[{"name":"wp","href":"https:\/\/api.w.org\/{rel}","templated":true}]}}