{"id":134711,"date":"2026-01-11T15:30:09","date_gmt":"2026-01-11T15:30:09","guid":{"rendered":"https:\/\/www.europesays.com\/no\/134711\/"},"modified":"2026-01-11T15:30:09","modified_gmt":"2026-01-11T15:30:09","slug":"rullebane-ble-stengt-etter-melding-om-mulig-drone-stor-oslo","status":"publish","type":"post","link":"https:\/\/www.europesays.com\/no\/134711\/","title":{"rendered":"Rullebane ble stengt etter melding om mulig drone \u2013 Stor-Oslo"},"content":{"rendered":"<p>Klokken 14.30 melder <a href=\"https:\/\/www.tv2.no\/direkte\/jpybz\/siste-nytt\/6963a152cbf6dec08cfaced1\/politiet-rullebane-pa-gardermoen-apnet-igjen\" ec-id=\"https:\/\/www.tv2.no\/direkte\/jpybz\/siste-nytt\/6963a152cbf6dec08cfaced1\/politiet-rullebane-pa-gardermoen-apnet-igjen\" ec-name=\"TV 2\" rel=\"nofollow noopener\" target=\"_blank\">TV 2<\/a> at rullebanen er \u00e5pnet igjen.<\/p>\n<p>L\u00f8rdag ettermiddag mottok politiet melding om en mulig drone i n\u00e6rheten av Oslo lufthavn.<\/p>\n<p>Det var Avinor som varslet politiet, sier pressevakt Karoline Pedersen til NRK.<\/p>\n<p><strong>\u2013 Vi har observert og detektert en drone innenfor forbudssonen p\u00e5 Oslo lufthavn.<\/strong><\/p>\n<p>Den \u00f8stre rullebanen ble stengt av sikkerhetsmessige \u00e5rsaker, sier Pedersen.<\/p>\n<p>\u2013 Vi har hatt en periode med ganske mye trafikk, s\u00e5 man kan p\u00e5beregne seg sm\u00e5 forsinkelser p\u00e5 grunn av det.<\/p>\n<p>Politiet s\u00f8kte en periode etter dronepiloten, men skriver klokken 14.38 at verken piloten eller dronen er funnet. De har derfor avsluttet arbeidet p\u00e5 stedet.<\/p>\n","protected":false},"excerpt":{"rendered":"Klokken 14.30 melder TV 2 at rullebanen er \u00e5pnet igjen. L\u00f8rdag ettermiddag mottok politiet melding om en mulig&hellip;\n","protected":false},"author":2,"featured_media":62464,"comment_status":"","ping_status":"","sticky":false,"template":"","format":"standard","meta":{"footnotes":""},"categories":[5],"tags":[20,21,24,25,15,19,22,23,17,18,13,30,28,29,14,16,26,27],"class_list":{"0":"post-134711","1":"post","2":"type-post","3":"status-publish","4":"format-standard","5":"has-post-thumbnail","7":"category-overskrifter","8":"tag-breaking-news","9":"tag-breakingnews","10":"tag-featured-news","11":"tag-featurednews","12":"tag-headlines","13":"tag-hovedoppslag","14":"tag-latest-news","15":"tag-latestnews","16":"tag-main-news","17":"tag-mainnews","18":"tag-news","19":"tag-no","20":"tag-norge","21":"tag-norway","22":"tag-nyheter","23":"tag-overskrifter","24":"tag-top-stories","25":"tag-topstories"},"share_on_mastodon":{"url":"https:\/\/pubeurope.com\/@no\/115877184964359832","error":""},"_links":{"self":[{"href":"https:\/\/www.europesays.com\/no\/wp-json\/wp\/v2\/posts\/134711","targetHints":{"allow":["GET"]}}],"collection":[{"href":"https:\/\/www.europesays.com\/no\/wp-json\/wp\/v2\/posts"}],"about":[{"href":"https:\/\/www.europesays.com\/no\/wp-json\/wp\/v2\/types\/post"}],"author":[{"embeddable":true,"href":"https:\/\/www.europesays.com\/no\/wp-json\/wp\/v2\/users\/2"}],"replies":[{"embeddable":true,"href":"https:\/\/www.europesays.com\/no\/wp-json\/wp\/v2\/comments?post=134711"}],"version-history":[{"count":0,"href":"https:\/\/www.europesays.com\/no\/wp-json\/wp\/v2\/posts\/134711\/revisions"}],"wp:featuredmedia":[{"embeddable":true,"href":"https:\/\/www.europesays.com\/no\/wp-json\/wp\/v2\/media\/62464"}],"wp:attachment":[{"href":"https:\/\/www.europesays.com\/no\/wp-json\/wp\/v2\/media?parent=134711"}],"wp:term":[{"taxonomy":"category","embeddable":true,"href":"https:\/\/www.europesays.com\/no\/wp-json\/wp\/v2\/categories?post=134711"},{"taxonomy":"post_tag","embeddable":true,"href":"https:\/\/www.europesays.com\/no\/wp-json\/wp\/v2\/tags?post=134711"}],"curies":[{"name":"wp","href":"https:\/\/api.w.org\/{rel}","templated":true}]}}