{"id":134712,"date":"2026-01-11T15:36:34","date_gmt":"2026-01-11T15:36:34","guid":{"rendered":"https:\/\/www.europesays.com\/no\/134712\/"},"modified":"2026-01-11T15:36:34","modified_gmt":"2026-01-11T15:36:34","slug":"kinn-brann-skulle-svi-terreng-ute-av-kontroll-pa-storleik-med-fotballbane","status":"publish","type":"post","link":"https:\/\/www.europesays.com\/no\/134712\/","title":{"rendered":"Kinn, Brann | Skulle svi terreng: \u2013 Ute av kontroll. P\u00e5 storleik med fotballbane"},"content":{"rendered":"\n<p>Eit arbeid med \u00e5 svi av beite skal ha kome ut av kontroll p\u00e5 Evjeh\u00f8gda ved M\u00e5l\u00f8y i Kinn kommune.<\/p>\n<p>I 14.20-tida kom ei melding fr\u00e5 politiet at det ville vere ein del synleg r\u00f8yk og flammar fr\u00e5 omr\u00e5det grunna aktiviteten.<\/p>\n<p>Like etterp\u00e5 kjem meldinga om at det har kome ut av kontroll. Det skal ha vore kontrollert brenning av utmark. Til det ikkje var like kontrollert.<\/p>\n<p><b>I 14.30-tida var det snakk om eit omr\u00e5de p\u00e5 storleik med ein fotballbane, opplyser operasjonsleiar i Vest politidistrikt, Frode Kolltveit.<\/b><\/p>\n<p>\u2013 Det g\u00e5r f\u00f8re seg i terrenget. Det er ikkje fare for bygningar, h\u00f8gspentmaster eller liknande, og det er ikkje opplyst om nokon personskadar. Politiet er p\u00e5 staden saman med brannmannskap, fortel han.<\/p>\n<p>Det er framkommeleg terreng, men vanskeleg \u00e5 sl\u00e5 ned brannen.<\/p>\n<p>Brannvesenet skal f\u00f8rehandsvarsel helikopter for eventuell utkalling fr\u00e5 s\u00f8ndags morgon, opplyser Kolltveit.<\/p>\n<p>Brannen er p\u00e5 om lag 200 meters h\u00f8gde.<\/p>\n<p><b>Kl. 16.40 melder Kolltveit at politiet har gjennomf\u00f8rt avh\u00f8yr av ein mann i 70-\u00e5ra som skulle svi bort gras og kratt. Det opprettar sak p\u00e5 hendinga.<\/b><\/p>\n","protected":false},"excerpt":{"rendered":"Eit arbeid med \u00e5 svi av beite skal ha kome ut av kontroll p\u00e5 Evjeh\u00f8gda ved M\u00e5l\u00f8y i&hellip;\n","protected":false},"author":2,"featured_media":231,"comment_status":"","ping_status":"","sticky":false,"template":"","format":"standard","meta":{"footnotes":""},"categories":[10],"tags":[36,367,20,21,24,25,15,6234,22,23,4995,13,30,28,29,14,16,1510,26,27],"class_list":{"0":"post-134712","1":"post","2":"type-post","3":"status-publish","4":"format-standard","5":"has-post-thumbnail","7":"category-norge","8":"tag-art","9":"tag-brann","10":"tag-breaking-news","11":"tag-breakingnews","12":"tag-featured-news","13":"tag-featurednews","14":"tag-headlines","15":"tag-kinn","16":"tag-latest-news","17":"tag-latestnews","18":"tag-maloy","19":"tag-news","20":"tag-no","21":"tag-norge","22":"tag-norway","23":"tag-nyheter","24":"tag-overskrifter","25":"tag-story","26":"tag-top-stories","27":"tag-topstories"},"share_on_mastodon":{"url":"https:\/\/pubeurope.com\/@no\/115877208621250824","error":""},"_links":{"self":[{"href":"https:\/\/www.europesays.com\/no\/wp-json\/wp\/v2\/posts\/134712","targetHints":{"allow":["GET"]}}],"collection":[{"href":"https:\/\/www.europesays.com\/no\/wp-json\/wp\/v2\/posts"}],"about":[{"href":"https:\/\/www.europesays.com\/no\/wp-json\/wp\/v2\/types\/post"}],"author":[{"embeddable":true,"href":"https:\/\/www.europesays.com\/no\/wp-json\/wp\/v2\/users\/2"}],"replies":[{"embeddable":true,"href":"https:\/\/www.europesays.com\/no\/wp-json\/wp\/v2\/comments?post=134712"}],"version-history":[{"count":0,"href":"https:\/\/www.europesays.com\/no\/wp-json\/wp\/v2\/posts\/134712\/revisions"}],"wp:featuredmedia":[{"embeddable":true,"href":"https:\/\/www.europesays.com\/no\/wp-json\/wp\/v2\/media\/231"}],"wp:attachment":[{"href":"https:\/\/www.europesays.com\/no\/wp-json\/wp\/v2\/media?parent=134712"}],"wp:term":[{"taxonomy":"category","embeddable":true,"href":"https:\/\/www.europesays.com\/no\/wp-json\/wp\/v2\/categories?post=134712"},{"taxonomy":"post_tag","embeddable":true,"href":"https:\/\/www.europesays.com\/no\/wp-json\/wp\/v2\/tags?post=134712"}],"curies":[{"name":"wp","href":"https:\/\/api.w.org\/{rel}","templated":true}]}}