{"id":134714,"date":"2026-01-11T15:38:35","date_gmt":"2026-01-11T15:38:35","guid":{"rendered":"https:\/\/www.europesays.com\/no\/134714\/"},"modified":"2026-01-11T15:38:35","modified_gmt":"2026-01-11T15:38:35","slug":"stryn-sport-heilt-klin-kokos","status":"publish","type":"post","link":"https:\/\/www.europesays.com\/no\/134714\/","title":{"rendered":"Stryn, Sport | \u2013 Heilt klin kokos!"},"content":{"rendered":"\n<p>22-\u00e5ringen fr\u00e5 Stryn viste verkeleg OL-form:<\/p>\n<p>Kirkeeide sikra norsk 2.-plass p\u00e5 stafetten med ei siste skyting det lukta svidd av. Ho stod i skarp duell med heimefavoritten, tyske Franziska Preuss, p\u00e5 standplass om 2.-plassen.<\/p>\n<p>Mens skiskyttarpublikumet kokte rundt ho, skaut Kirkeeide fem rett ned i rekordfart.<\/p>\n<p>\u2013 Maren er helt klin kokos. Det er vanskeleg \u00e5 h\u00f8yre gjennom TV-en kva for trykk det er her, eg trur eg aldri har sett liknande, sa lagvenninne Ingrid Landmark Tandrevold til TV 2.<\/p>\n<p>Det franske laget vann suverent, men Kirkeeides siste etappe s\u00f8rga uansett for norsk jubel.<\/p>\n<p>  <a href=\"https:\/\/www.firda.no\/5-15-1997701\" class=\"related-teaser has-image default-story-teaser article--c-eRUmMG article--c-eRUmMG-jKCPdD-design-default\" rel=\"nofollow noopener\" target=\"_blank\"><\/p>\n<p>    <img decoding=\"async\" loading=\"lazy\"  src=\"https:\/\/www.europesays.com\/no\/wp-content\/uploads\/2026\/01\/skiskyting.jpg\" alt=\"\" class=\"brick-c-cFOWSL\" style=\"\"\/><\/p>\n<p>\n            Les ogs\u00e5<\/p>\n<p>              To nordfjordingar klare for OL\n        <\/p>\n<p>  <\/a><\/p>\n<p>  <a href=\"https:\/\/www.firda.no\/5-15-1993263\" class=\"related-teaser has-image default-story-teaser article--c-eRUmMG article--c-eRUmMG-jKCPdD-design-default\" rel=\"nofollow noopener\" target=\"_blank\"><\/p>\n<p>    <img decoding=\"async\" loading=\"lazy\"  src=\"https:\/\/www.europesays.com\/no\/wp-content\/uploads\/2026\/01\/NTB_eaQm_MPPe6A.jpg\" alt=\"\" class=\"brick-c-cFOWSL\" style=\"\"\/><\/p>\n<p>\n            Les ogs\u00e5<\/p>\n<p>              Maren sikra sin f\u00f8rste verdscupsiger\n        <\/p>\n<p>  <\/a><\/p>\n","protected":false},"excerpt":{"rendered":"22-\u00e5ringen fr\u00e5 Stryn viste verkeleg OL-form: Kirkeeide sikra norsk 2.-plass p\u00e5 stafetten med ei siste skyting det lukta&hellip;\n","protected":false},"author":2,"featured_media":134715,"comment_status":"","ping_status":"","sticky":false,"template":"","format":"standard","meta":{"footnotes":""},"categories":[59],"tags":[36,30,28,29,769,83,82,1510,3344],"class_list":{"0":"post-134714","1":"post","2":"type-post","3":"status-publish","4":"format-standard","5":"has-post-thumbnail","7":"category-sport","8":"tag-art","9":"tag-no","10":"tag-norge","11":"tag-norway","12":"tag-skiskyting","13":"tag-sport","14":"tag-sports","15":"tag-story","16":"tag-stryn"},"share_on_mastodon":{"url":"https:\/\/pubeurope.com\/@no\/115877216427987257","error":""},"_links":{"self":[{"href":"https:\/\/www.europesays.com\/no\/wp-json\/wp\/v2\/posts\/134714","targetHints":{"allow":["GET"]}}],"collection":[{"href":"https:\/\/www.europesays.com\/no\/wp-json\/wp\/v2\/posts"}],"about":[{"href":"https:\/\/www.europesays.com\/no\/wp-json\/wp\/v2\/types\/post"}],"author":[{"embeddable":true,"href":"https:\/\/www.europesays.com\/no\/wp-json\/wp\/v2\/users\/2"}],"replies":[{"embeddable":true,"href":"https:\/\/www.europesays.com\/no\/wp-json\/wp\/v2\/comments?post=134714"}],"version-history":[{"count":0,"href":"https:\/\/www.europesays.com\/no\/wp-json\/wp\/v2\/posts\/134714\/revisions"}],"wp:featuredmedia":[{"embeddable":true,"href":"https:\/\/www.europesays.com\/no\/wp-json\/wp\/v2\/media\/134715"}],"wp:attachment":[{"href":"https:\/\/www.europesays.com\/no\/wp-json\/wp\/v2\/media?parent=134714"}],"wp:term":[{"taxonomy":"category","embeddable":true,"href":"https:\/\/www.europesays.com\/no\/wp-json\/wp\/v2\/categories?post=134714"},{"taxonomy":"post_tag","embeddable":true,"href":"https:\/\/www.europesays.com\/no\/wp-json\/wp\/v2\/tags?post=134714"}],"curies":[{"name":"wp","href":"https:\/\/api.w.org\/{rel}","templated":true}]}}