{"id":134722,"date":"2026-01-11T15:52:14","date_gmt":"2026-01-11T15:52:14","guid":{"rendered":"https:\/\/www.europesays.com\/no\/134722\/"},"modified":"2026-01-11T15:52:14","modified_gmt":"2026-01-11T15:52:14","slug":"griner-hver-gang","status":"publish","type":"post","link":"https:\/\/www.europesays.com\/no\/134722\/","title":{"rendered":"&#8211; Griner hver gang"},"content":{"rendered":"<p class=\"kicker \" style=\"\">Rima Iraki i\u00a0\u00abLeselyst\u00bb:\u00a0<\/p>\n<p>    Rima Iraki (43) \u00f8ver seg p\u00e5 \u00e5 gi mer faen.\u00a0<\/p>\n<p>\n    LESER: Rima Iraki har alltid tenkt at Roald Dahls Willy Wonka hadde v\u00e6rt g\u00f8y \u00e5 henge med. I denne spalten deler hun sine lesevaner. Foto: Agnete Brun\/Kagge\n  <\/p>\n<p>    \u00abLeselyst\u00bb i Dagbladet:<\/p>\n<p>Dagbladet boks faste spalte, der vi stiller forfattere, kulturfolk og andre kjente folk sp\u00f8rsm\u00e5l om lesevaner og -minner.<\/p>\n<p>Har du et tips til hvem vi b\u00f8r snakke med?\u00a0<a href=\"https:\/\/www.dagbladet.no\/bok\/griner-hver-gang\/mailto:guro.bjornstad@db.no\" rel=\"nofollow noopener\" target=\"_blank\">Tips meg!<\/a><\/p>\n<p>      Vis mer<br \/>\n      Vis mindre<\/p>\n<p class=\"italic m-italic font-weight-bold m-font-weight-bold\" data-lab-italic=\"italic\" data-lab-font_weight=\"font-weight-bold\">&#8211; Hva leser du n\u00e5, Rima? Og hva synes du?<\/p>\n<p>&#8211; \u00abS\u00e5 gj\u00f8r vi s\u00e5\u00bb av Helga Flatland. Det siste \u00e5ret har det g\u00e5tt mye i sakprosa, og n\u00e5 etter min egen boklansering fors\u00f8ker jeg \u00e5 koble av med inspirerende skj\u00f8nnlitteratur. Jeg blir stadig fascinert av Flatlands evne til \u00e5 skildre kompliserte forhold i n\u00e6re relasjoner.\u00a0<\/p>\n<p>    <a itemprop=\"url\" href=\"https:\/\/www.dagbladet.no\/kultur\/apner-opp-om-kritikken\/75949798\" rel=\"nofollow noopener\" target=\"_blank\"><\/p>\n<p>        <img loading=\"lazy\" decoding=\"async\" src=\"https:\/\/www.europesays.com\/no\/wp-content\/uploads\/2026\/01\/75950377.webp.webp\" width=\"980\" height=\"441\" title=\"\u00c5pner opp om kritikken\" alt=\"\" class=\"lazyload\" style=\"--aspect-ratio-image: 2.22; \"\/><\/p>\n<p>        \u00c5pner opp om kritikken<\/p>\n<p>    <\/a><\/p>\n<p class=\"italic m-italic font-weight-bold m-font-weight-bold\" data-lab-italic=\"italic\" data-lab-font_weight=\"font-weight-bold\">&#8211; Hvilken bok har gjort uutslettelig inntrykk p\u00e5 deg? Og hvorfor?<\/p>\n<p>&#8211; Det er mange, men boka jeg har gr\u00e5tt mest av er \u00abBarnepiken\u00bb av Kathryn Stockett. Jeg har sett filmen i etterkant opptil to ganger og griner like mye hver gang. Jeg tror det er kombinasjonen s\u00e5rbare barn, svart historie og kvinnekamp som treffer meg s\u00e5 hardt.<\/p>\n<p class=\"font-weight-bold m-font-weight-bold italic m-italic\" data-lab-font_weight=\"font-weight-bold\" data-lab-italic=\"italic\">&#8211; Hvilken forfatter skulle skrevet boka om deg? Og hvorfor?<\/p>\n<p>&#8211; Siden jeg er en kontrollfrik m\u00e5tte det vel ha v\u00e6rt meg\u2026<\/p>\n<p>        <img loading=\"lazy\" decoding=\"async\" src=\"https:\/\/www.europesays.com\/no\/wp-content\/uploads\/2026\/01\/84066498.webp.webp\" width=\"667\" height=\"381\" title=\"GLAD I B\u00d8KER: Her fra en tidligere anledning, hjemme hos henne p\u00e5 L\u00f8renskog. Foto: Lars Eivind Bones \/ Dagbladet\" alt=\"\" class=\"\" style=\"--aspect-ratio-image: 1.75; \"\/><\/p>\n<p>\n        GLAD I B\u00d8KER: Her fra en tidligere anledning, hjemme hos henne p\u00e5 L\u00f8renskog. Foto: Lars Eivind Bones \/ Dagbladet\n    <\/p>\n<p>    <a itemprop=\"url\" href=\"https:\/\/www.dagbladet.no\/magasinet\/den-er-svaert-personlig-for-meg-det-blir-ikke-mer-privat-enn-det\/69529719\" rel=\"nofollow noopener\" target=\"_blank\"><\/p>\n<p>        <img loading=\"lazy\" decoding=\"async\" src=\"https:\/\/www.europesays.com\/no\/wp-content\/uploads\/2026\/01\/69529729.webp.webp\" width=\"147\" height=\"98\" title=\"Har lest farens dramatiske livshistorie flere ganger\" alt=\"\" class=\"lazyload\" style=\"--aspect-ratio-image: 1.50; \"\/><\/p>\n<p>        Har lest farens dramatiske livshistorie flere ganger<\/p>\n<p>    <\/a><\/p>\n<p class=\"font-weight-bold m-font-weight-bold italic m-italic\" data-lab-font_weight=\"font-weight-bold\" data-lab-italic=\"italic\">&#8211; Hvilken selvhjelpsbok leste du sist? Og hvorfor?<\/p>\n<p>&#8211; Jeg synes selvhjelpsb\u00f8ker har f\u00e5tt et ufortjent d\u00e5rlig rykte. Jeg liker dem og mener flere hadde hatt godt av \u00e5 lese slike b\u00f8ker (jeg mener jo ogs\u00e5 at alle burde tatt en tur til psykolog minst en gang i l\u00f8pet av livet). Selv leser jeg dem med en viss kritisk sans: det er ikke en fasit, men det kan gi meg rom til \u00e5 reflektere litt over hvordan jeg lever livet. S\u00e5 tar jeg med meg det som resonnerer og passer meg.\u00a0<\/p>\n<p>Den siste selvhjelpsboken jeg leste var \u00abDen edle kunsten \u00e5 gi faen\u00bb av Mark Manson. Jeg leste den fordi jeg ville \u00f8ve meg p\u00e5 nettopp det: gi mer faen!\u00a0<\/p>\n<p>    <a itemprop=\"url\" href=\"https:\/\/www.dagbladet.no\/tema\/rima-iraki-38-om-suksessen-nervositeten-og-drikkepress\/73746240\" rel=\"nofollow noopener\" target=\"_blank\"><\/p>\n<p>        <img loading=\"lazy\" decoding=\"async\" src=\"https:\/\/www.europesays.com\/no\/wp-content\/uploads\/2026\/01\/73746250.webp.webp\" width=\"147\" height=\"98\" title=\"Tar oppgj\u00f8r med drikkekultur\" alt=\"\" class=\"lazyload\" style=\"--aspect-ratio-image: 1.50; \"\/><\/p>\n<p>        Tar oppgj\u00f8r med drikkekultur<\/p>\n<p>    <\/a><\/p>\n<p class=\"font-weight-bold m-font-weight-bold italic m-italic\" data-lab-font_weight=\"font-weight-bold\" data-lab-italic=\"italic\">&#8211; Hvilken bok har du smuglest? og hvorfor smugleste du?<\/p>\n<p>&#8211; Som barn leste jeg hele samlingen med \u00ab1001 natt\u00bb som jeg fant i bokhyllen hjemme. Da jeg oppdaget at historiene var rike p\u00e5 erotikk f\u00f8lte jeg at jeg kanskje burde ha smuglest dem.<\/p>\n<p class=\"font-weight-bold m-font-weight-bold italic m-italic\" data-lab-font_weight=\"font-weight-bold\" data-lab-italic=\"italic\">&#8211; Hvilken romankarakter kan du ikke fordra? Og hvorfor?<\/p>\n<p>&#8211; Akkurat n\u00e5 synes jeg Anton i \u00abS\u00e5 gj\u00f8r vi s\u00e5\u00bb er irriterende. Litt s\u00e5nn selvmedlidende og vanskelig \u00e5 bli glad i.<\/p>\n<p class=\"font-weight-bold m-font-weight-bold italic m-italic\" data-lab-font_weight=\"font-weight-bold\" data-lab-italic=\"italic\">&#8211; &#8230; og hvilken romankarakter ville du ligget med? Og hvorfor?<\/p>\n<p>&#8211; Ikke ligget med, men har alltid tenkt at Roald Dahls Willy Wonka hadde v\u00e6rt g\u00f8y \u00e5 henge med. Passe g\u00e6ern, fantasifull og godhjerta.\u00a0<\/p>\n<p>    Rima Iraki (43)<\/p>\n<p>Rima Iraki er journalist, forfatter og programleder.\u00a0<\/p>\n<p>Hun var ansatt i NRK i 15 \u00e5r, der hun blant annet var nyhetsanker i Dagsrevyen og i Urix.\u00a0<\/p>\n<p>I 2025 sluttet hun i NRK og begynte som samfunnsredakt\u00f8r i Romerikes Blad, men sluttet etter bare tre m\u00e5neder for \u00e5 konsentrere seg om bokprosjekter.\u00a0<\/p>\n<p>I 2025 ga hun ut boka\u00a0\u00abFlukten fra Palesina &#8211; min norsk-palestinske familiehistorie\u00bb. For tida jobber hun med en ny bok som etter planen skal komme ut i 2026.\u00a0<\/p>\n<p>      Vis mer<br \/>\n      Vis mindre<\/p>\n","protected":false},"excerpt":{"rendered":"Rima Iraki i\u00a0\u00abLeselyst\u00bb:\u00a0 Rima Iraki (43) \u00f8ver seg p\u00e5 \u00e5 gi mer faen.\u00a0 LESER: Rima Iraki har alltid&hellip;\n","protected":false},"author":2,"featured_media":134723,"comment_status":"","ping_status":"","sticky":false,"template":"","format":"standard","meta":{"footnotes":""},"categories":[59],"tags":[150,4426,8110,15045,30,28,29,83,82],"class_list":{"0":"post-134722","1":"post","2":"type-post","3":"status-publish","4":"format-standard","5":"has-post-thumbnail","7":"category-sport","8":"tag-bok","9":"tag-bokmerker","10":"tag-boknyhet","11":"tag-bokvaren-2026","12":"tag-no","13":"tag-norge","14":"tag-norway","15":"tag-sport","16":"tag-sports"},"share_on_mastodon":{"url":"https:\/\/pubeurope.com\/@no\/115877271514926610","error":""},"_links":{"self":[{"href":"https:\/\/www.europesays.com\/no\/wp-json\/wp\/v2\/posts\/134722","targetHints":{"allow":["GET"]}}],"collection":[{"href":"https:\/\/www.europesays.com\/no\/wp-json\/wp\/v2\/posts"}],"about":[{"href":"https:\/\/www.europesays.com\/no\/wp-json\/wp\/v2\/types\/post"}],"author":[{"embeddable":true,"href":"https:\/\/www.europesays.com\/no\/wp-json\/wp\/v2\/users\/2"}],"replies":[{"embeddable":true,"href":"https:\/\/www.europesays.com\/no\/wp-json\/wp\/v2\/comments?post=134722"}],"version-history":[{"count":0,"href":"https:\/\/www.europesays.com\/no\/wp-json\/wp\/v2\/posts\/134722\/revisions"}],"wp:featuredmedia":[{"embeddable":true,"href":"https:\/\/www.europesays.com\/no\/wp-json\/wp\/v2\/media\/134723"}],"wp:attachment":[{"href":"https:\/\/www.europesays.com\/no\/wp-json\/wp\/v2\/media?parent=134722"}],"wp:term":[{"taxonomy":"category","embeddable":true,"href":"https:\/\/www.europesays.com\/no\/wp-json\/wp\/v2\/categories?post=134722"},{"taxonomy":"post_tag","embeddable":true,"href":"https:\/\/www.europesays.com\/no\/wp-json\/wp\/v2\/tags?post=134722"}],"curies":[{"name":"wp","href":"https:\/\/api.w.org\/{rel}","templated":true}]}}