{"id":134728,"date":"2026-01-11T16:04:27","date_gmt":"2026-01-11T16:04:27","guid":{"rendered":"https:\/\/www.europesays.com\/no\/134728\/"},"modified":"2026-01-11T16:04:27","modified_gmt":"2026-01-11T16:04:27","slug":"haerens-nye-stridsvogner-klare-ankommer-norge-til-varen","status":"publish","type":"post","link":"https:\/\/www.europesays.com\/no\/134728\/","title":{"rendered":"H\u00e6rens nye stridsvogner klare \u2013 ankommer Norge til v\u00e5ren"},"content":{"rendered":"<p class=\"txt-ind\">Etter planen skal vognene tas i bruk i 2027, skriver <a href=\"https:\/\/www.forsvaretsforum.no\/brigade-nord-forsvaret-haeren\/som-en-tesla-musk-ikke-har-utviklet-enna\/468491\" target=\"_blank\" rel=\"noopener nofollow\">Forsvarets Forum. <\/a><\/p>\n<p class=\"txt-ind\">\u2013 Det er utrolig godt \u00e5 se at vognen som vi har planlagt og snakket om s\u00e5 lenge, kommer n\u00e5. S\u00e5 jeg gleder meg veldig til \u00e5 f\u00e5 den til Norge og begynne \u00e5 ta den i bruk, sier Brigade nord-sjef Terje Bru\u00f8ygard til magasinet.<\/p>\n<p class=\"txt-ind\">I februar 2023 presenterte regjeringen at de ville kj\u00f8pe minst 54 nye stridsvogner av typen Leopard 2 A8 fra Tyskland. M\u00e5let er \u00e5 ha alle 54 vogner operative i H\u00e6ren innen 2029. Prisen er per n\u00e5 satt til 23,4 milliarder kroner.<\/p>\n<p class=\"txt-ind\">\u2013 Dette er verdens mest moderne stridsvogn som tilf\u00f8rer oss mye p\u00e5 slagfeltet og gj\u00f8r at brigaden blir betydelig bedre egnet til \u00e5 vinne slag og trefninger, som er v\u00e5r jobb, sier Bru\u00f8ygard.<\/p>\n<p class=\"txt-ind\">Dagens Leopard 2 A4 har v\u00e6rt i bruk i H\u00e6ren siden 2002, etter \u00e5 ha blitt kj\u00f8pt brukt fra Nederland. Vognene er rundt 40 \u00e5r gamle.<\/p>\n<p class=\"txt-ind\">Sjef for H\u00e6ren, Lars Lervik, trekker fram klare forbedringer med den oppgraderte versjonen: En digital plattform som kan integrere med kampflyet F-35 og panservognen CV90, kraftigere kanon, bedre pansring og et aktivt beskyttelsessystem mot droner og panservernmissiler.<\/p>\n<p class=\"txt-ind\">\u2013 Det er som \u00e5 bytte en Volvo 240 som du har oppgradert med en bluetooth-adapter til MP3-spilleren din til \u00e5 kj\u00f8pe en splitter ny Tesla som Elon Musk ikke har utviklet enn\u00e5, sier Bru\u00f8ygard.<\/p>\n<p><a class=\"group clear-both w-full !no-underline my-8 sm:my-12 bg-stone-50 dark:bg-brandStone-700 dark:text-brandNeutral-100 flex items-stretch flex-nowrap\" href=\"https:\/\/www.tu.no\/artikler\/polsk-domstol-avgjor-om-nord-stream-mistenkt-skal-utleveres\/563480\" rel=\"nofollow noopener\" target=\"_blank\"><img decoding=\"async\" class=\" object-cover h-full w-full transition-transform duration-700 ease-in-out group-hover:scale-[1.05] will-change-transform\" src=\"https:\/\/www.europesays.com\/no\/wp-content\/uploads\/2026\/01\/NTB__h4w_auaAnY.jpg\"  alt=\"Et flyfoto fra den svenske kystvakten viser lekkasjen som oppsto etter sabotasjen mot Nord Stream-r\u00f8rledningene i \u00d8stersj\u00f8en i september 2022.\" loading=\"lazy\"\/><\/p>\n<p>Les ogs\u00e5:<\/p>\n<p class=\"group-hover:underline text-brandNeutral-900 dark:text-brandNeutral-100 mt-2 text-base sm:text-xl leading-5 sm:leading-6 font-bold\">Polsk domstol avgj\u00f8r om Nord Stream-mistenkt skal utleveres<\/p>\n<p><\/a><\/p>\n","protected":false},"excerpt":{"rendered":"Etter planen skal vognene tas i bruk i 2027, skriver Forsvarets Forum. \u2013 Det er utrolig godt \u00e5&hellip;\n","protected":false},"author":2,"featured_media":134729,"comment_status":"","ping_status":"","sticky":false,"template":"","format":"standard","meta":{"footnotes":""},"categories":[10],"tags":[20,21,24,25,1903,8472,15,22,23,13,30,28,29,14,16,15494,26,27],"class_list":{"0":"post-134728","1":"post","2":"type-post","3":"status-publish","4":"format-standard","5":"has-post-thumbnail","7":"category-norge","8":"tag-breaking-news","9":"tag-breakingnews","10":"tag-featured-news","11":"tag-featurednews","12":"tag-forsvaret","13":"tag-haeren","14":"tag-headlines","15":"tag-latest-news","16":"tag-latestnews","17":"tag-news","18":"tag-no","19":"tag-norge","20":"tag-norway","21":"tag-nyheter","22":"tag-overskrifter","23":"tag-stridsvogner","24":"tag-top-stories","25":"tag-topstories"},"share_on_mastodon":{"url":"https:\/\/pubeurope.com\/@no\/115877318686417705","error":""},"_links":{"self":[{"href":"https:\/\/www.europesays.com\/no\/wp-json\/wp\/v2\/posts\/134728","targetHints":{"allow":["GET"]}}],"collection":[{"href":"https:\/\/www.europesays.com\/no\/wp-json\/wp\/v2\/posts"}],"about":[{"href":"https:\/\/www.europesays.com\/no\/wp-json\/wp\/v2\/types\/post"}],"author":[{"embeddable":true,"href":"https:\/\/www.europesays.com\/no\/wp-json\/wp\/v2\/users\/2"}],"replies":[{"embeddable":true,"href":"https:\/\/www.europesays.com\/no\/wp-json\/wp\/v2\/comments?post=134728"}],"version-history":[{"count":0,"href":"https:\/\/www.europesays.com\/no\/wp-json\/wp\/v2\/posts\/134728\/revisions"}],"wp:featuredmedia":[{"embeddable":true,"href":"https:\/\/www.europesays.com\/no\/wp-json\/wp\/v2\/media\/134729"}],"wp:attachment":[{"href":"https:\/\/www.europesays.com\/no\/wp-json\/wp\/v2\/media?parent=134728"}],"wp:term":[{"taxonomy":"category","embeddable":true,"href":"https:\/\/www.europesays.com\/no\/wp-json\/wp\/v2\/categories?post=134728"},{"taxonomy":"post_tag","embeddable":true,"href":"https:\/\/www.europesays.com\/no\/wp-json\/wp\/v2\/tags?post=134728"}],"curies":[{"name":"wp","href":"https:\/\/api.w.org\/{rel}","templated":true}]}}