{"id":134738,"date":"2026-01-11T16:18:28","date_gmt":"2026-01-11T16:18:28","guid":{"rendered":"https:\/\/www.europesays.com\/no\/134738\/"},"modified":"2026-01-11T16:18:28","modified_gmt":"2026-01-11T16:18:28","slug":"det-er-absurd","status":"publish","type":"post","link":"https:\/\/www.europesays.com\/no\/134738\/","title":{"rendered":"&#8211; Det er absurd"},"content":{"rendered":"<p>&#8211; Jeg planla ikke \u00e5 skrive en bok til. Men s\u00e5 kjente jeg at jeg hadde den samme f\u00f8lelsen jeg fikk da jeg skrev\u00a0\u00abSjarmen med tarmen\u00bb, at jeg hadde noe jeg ville si til verden.\u00a0<\/p>\n<p>Giulia Enders (35) sitter i en hotellobby i Oslo sentrum. Det er ti \u00e5r siden sist hun var i Norge for \u00e5 snakke med norske journalister. Da var hun fortsatt medisinstudent, og ble n\u00e6rmest et fenomen over natta etter at den popul\u00e6rvitenskapelige og humoristiske boka \u00abSjarmen med tarmen\u00bb kom ut.\u00a0<\/p>\n<p class=\"font-weight-bold m-font-weight-bold\" data-lab-font_weight=\"font-weight-bold\">Hun satt p\u00e5 \u00abSkavlan\u00bb, og andre talkshow, snakket om avf\u00f8ring, og sjarmerte en hel verden.\u00a0<\/p>\n<p>Boka ble en internasjonal bestselger, og har solgt over \u00e5tte millioner eksemplarer verden over, 200 000 av dem i Norge.\u00a0<\/p>\n<p>        <img loading=\"lazy\" decoding=\"async\" src=\"https:\/\/www.europesays.com\/no\/wp-content\/uploads\/2026\/01\/84076362.webp.webp\" width=\"980\" height=\"559\" title=\"I NORGE: Giulia Enders er for tida p\u00e5 bokturn\u00e9 verden over. Hennes nye bok kom ut i Tyskland i september. Foto: J\u00f8rn H. Moen \/ Dagbladet\" alt=\"\" class=\"\" style=\"--aspect-ratio-image: 1.75; \"\/><\/p>\n<p>\n        I NORGE: Giulia Enders er for tida p\u00e5 bokturn\u00e9 verden over. Hennes nye bok kom ut i Tyskland i september. Foto: J\u00f8rn H. Moen \/ Dagbladet\n    <\/p>\n<p>&#8211; Blir skreket til deg fra alle kanter\t<\/p>\n<p>Siden da har hun gjort ferdig medisinstudiene, og har i flere \u00e5r jobbet som lege p\u00e5 et sykehus i Tyskland som er spesialisert p\u00e5 mage- og tarmproblemer.\u00a0<\/p>\n<p>Da hun fikk denne f\u00f8lelsen hun n\u00e5 snakker om, om at hun igjen hadde noe hun ville si til verden, begynte hun f\u00f8rst \u00e5 skrive samtidig som hun jobbet p\u00e5 sykehuset. Det skj\u00f8nte hun fort at ikke gikk. Hun trengte tid.\u00a0<\/p>\n<p class=\"font-weight-bold m-font-weight-bold\" data-lab-font_weight=\"font-weight-bold\">Fire \u00e5r seinere er boka klar. Den har f\u00e5tt navnet\u00a0\u00abOrganisk &#8211; Hva det egentlig betyr \u00e5 lytte til kroppen\u00bb.\u00a0<\/p>\n<p>&#8211; Verden har blitt s\u00e5 mye mer h\u00f8ylytt enn den var for ti \u00e5r siden. N\u00e5 f\u00f8les det som om det blir skreket til deg fra alle kanter, med s\u00e5 mye informasjon. \u00d8ynene v\u00e5re fanger opp fra rundt 60 000 til 200 000 ord i l\u00f8pet av en dag, ikke som vi bevisst leser, men som vi likevel tar inn &#8211; det er omtrent en tredjedel eller halvparten av hele Ringenes Herre, sier hun, og fortsetter:<\/p>\n<p class=\"font-weight-bold m-font-weight-bold\" data-lab-font_weight=\"font-weight-bold\">&#8211; Med denne boka \u00f8nsker jeg en annen f\u00f8lelse. Jeg vil at det skal f\u00f8les som om man g\u00e5r gjennom skogen, men at du samtidig g\u00e5r gjennom din egen kropp.\u00a0<\/p>\n<p>    <a itemprop=\"url\" href=\"https:\/\/www.dagbladet.no\/bok\/langer-ut-vi-har-blitt-lurt\/83996033\" rel=\"nofollow noopener\" target=\"_blank\"><\/p>\n<p>        <img loading=\"lazy\" decoding=\"async\" src=\"https:\/\/www.europesays.com\/no\/wp-content\/uploads\/2026\/01\/83996090.webp.webp\" width=\"147\" height=\"98\" title=\"Langer ut: - Vi har blitt lurt\" alt=\"\" class=\"lazyload\" style=\"--aspect-ratio-image: 1.50; \"\/><\/p>\n<p>        Langer ut: &#8211; Vi har blitt lurt<\/p>\n<p>    <\/a><\/p>\n<p>    Giulia Enders (35)<\/p>\n<ul>\n<li class=\"lab-bodytext-line\">Forfatter og lege med bakgrunn fra mikrobiologisk forskning, indremedisin og ford\u00f8yelsessykdommer.\u00a0<\/li>\n<li class=\"lab-bodytext-line\">I 2015 ga hun ut boka\u00a0\u00abSjarmen med tarmen\u00bb, som har solgt over 8 millioner eksemplarer verden over. I Norge har den solgt over 200 000.\u00a0<\/li>\n<\/ul>\n<p>      Vis mer<br \/>\n      Vis mindre<\/p>\n<p>&#8211; Galskap\t<\/p>\n<p>Enders mener det er nettopp det vi m\u00e5 bli flinkere til: \u00c5 g\u00e5 gjennom egen kropp, og lytte til det den forteller oss.\u00a0<\/p>\n<p class=\"font-weight-bold m-font-weight-bold\" data-lab-font_weight=\"font-weight-bold\">&#8211; Er det ikke absurd hvor mye vi vet om andre ting enn nettopp kroppen v\u00e5r? Vi tilbringer et helt livsl\u00f8p i den kroppen vi har, og likevel vet vi mer om hvordan Trumps penis muligens ser ut enn vi gj\u00f8r om oss selv. Vi vet egentlig ikke hvordan et menneske fungerer. Det er galskap slik jeg ser det, sier hun.\u00a0<\/p>\n<p>Som lege p\u00e5 sykehuset ble hun m\u00f8tt med pasienter som l\u00e5 for d\u00f8den, som plutselig s\u00e5 kroppen sin p\u00e5 en ny m\u00e5te.\u00a0<\/p>\n<p>&#8211; Det var utrolig trist \u00e5 se hvordan de inns\u00e5 hvilken verdi kroppen har. At de i alle \u00e5r hadde villet forandret det som egentlig fungerte helt optimalt. Jeg h\u00e5per \u00e5 kunne bidra til at folk ser denne verdien tidligere i livet, sier Enders.\u00a0<\/p>\n<p class=\"italic m-italic\" data-lab-italic=\"italic\">&#8211; Men hvordan kan vi egentlig lytte mer til hva kroppen forteller oss?\u00a0<\/p>\n<p>&#8211; Jeg liker \u00e5 pusle puslespill. N\u00e5r man f\u00f8rst har alle brikkene foran seg, s\u00e5 tenker man\u00a0\u00abherregud, hvordan skal jeg f\u00e5 til dette?\u00bb Men med en gang man vet hva man leter etter, s\u00e5 blir det lettere. S\u00e5nn tenker jeg det er med kroppen ogs\u00e5: Man trenger informasjon for \u00e5 kunne lete etter noe eller forst\u00e5 noe, sier hun, og fortsetter:<\/p>\n<p class=\"font-weight-bold m-font-weight-bold\" data-lab-font_weight=\"font-weight-bold\">&#8211; S\u00e5 kan man begynne \u00e5 kjenne etter. Er pusten min veldig rask, eller er den langsom og dyp? Er skuldrene mine h\u00f8ye, er kjeven min avslappet? Det er veldig enkelt.\u00a0<\/p>\n<p>    <a itemprop=\"url\" href=\"https:\/\/www.dagbladet.no\/bok\/nifs-advarsel-til-oss-tullinger\/84022157\" rel=\"nofollow noopener\" target=\"_blank\"><\/p>\n<p>        <img loading=\"lazy\" decoding=\"async\" src=\"https:\/\/www.europesays.com\/no\/wp-content\/uploads\/2026\/01\/1768148305_470_84022184.webp.webp\" width=\"980\" height=\"441\" title=\"Nifs advarsel til oss tullinger\" alt=\"\" class=\"lazyload\" style=\"--aspect-ratio-image: 2.22; \"\/><\/p>\n<p>        Nifs advarsel til oss tullinger<\/p>\n<p>    <\/a><\/p>\n<p class=\"italic m-italic\" data-lab-italic=\"italic\">&#8211; Men kan det ikke bli litt for mye lytting til hva kroppen sier?\u00a0<\/p>\n<p class=\"font-weight-bold m-font-weight-bold\" data-lab-font_weight=\"font-weight-bold\">&#8211; Nei, det synes jeg ikke, men problemet oppst\u00e5r om man bare lytter etter det som er feil. Hvis man bare tenker p\u00e5 alle sykdommene og lidelsene og alt som kan g\u00e5 galt, sier hun, og fortsetter:<\/p>\n<p>&#8211; \u00c5 ha en samtale med noen som bare vil korrigere deg, er en forferdelig samtale \u00e5 ha. Det er det samme med alt som har med kroppen \u00e5 gj\u00f8re, hvis den eneste grunnen til at du lytter er for \u00e5 finne noe galt eller for \u00e5 korrigere eller fikse den, s\u00e5 blir det ikke noe hyggelig. Man m\u00e5 forst\u00e5 kroppen, ha et godt forhold til den, og lytte til den.\u00a0<\/p>\n<p>        <img loading=\"lazy\" decoding=\"async\" src=\"https:\/\/www.europesays.com\/no\/wp-content\/uploads\/2026\/01\/84076188.webp.webp\" width=\"980\" height=\"559\" title=\"V\u00c6R SNILL MED KROPPEN: Oppfordrer lege og forfatter Giulia Enders. Foto: J\u00f8rn H. Moen \/ Dagbladet\" alt=\"\" class=\"\" style=\"--aspect-ratio-image: 1.75; \"\/><\/p>\n<p>\n        V\u00c6R SNILL MED KROPPEN: Oppfordrer lege og forfatter Giulia Enders. Foto: J\u00f8rn H. Moen \/ Dagbladet\n    <\/p>\n<p>&#8211; Var helt nummen\t<\/p>\n<p>Mens hun arbeidet med boka fikk hun selv kjenne p\u00e5 hvordan kroppen kan gi innsikt og forst\u00e5else da bestemoren hennes d\u00f8de, som hun hadde et veldig tett forhold til.\u00a0<\/p>\n<p>&#8211; Da jeg var liten brukte jeg mye tid p\u00e5 \u00e5 tenke p\u00e5 at hun skulle d\u00f8. Jeg kunne gr\u00e5te bare ved \u00e5 tenke p\u00e5 det, det var veldig intenst for meg. Men da hun faktisk d\u00f8de, reagerte jeg ikke s\u00e5nn som jeg hadde trodd, sier hun.\u00a0<\/p>\n<p>I stedet for \u00e5 gr\u00e5te og ha en kraftig sorgreaksjon, f\u00f8lte hun ingenting.\u00a0<\/p>\n<p class=\"font-weight-bold m-font-weight-bold\" data-lab-font_weight=\"font-weight-bold\">&#8211; Jeg var helt nummen. Og det irriterte meg. N\u00e5r vi mennesker ikke f\u00f8ler det vi tror vi b\u00f8r f\u00f8le i en gitt situasjon, kan det bli veldig vanskelig for oss, sier hun.\u00a0<\/p>\n<p>    <a itemprop=\"url\" href=\"https:\/\/www.dagbladet.no\/bok\/tjener-millioner-uvirkelig\/83985649\" rel=\"nofollow noopener\" target=\"_blank\"><\/p>\n<p>        <img loading=\"lazy\" decoding=\"async\" src=\"https:\/\/www.europesays.com\/no\/wp-content\/uploads\/2026\/01\/1768148308_871_83986193.webp.webp\" width=\"980\" height=\"441\" title=\"Tjener millioner: - Uvirkelig\" alt=\"\" class=\"lazyload\" style=\"--aspect-ratio-image: 2.22; \"\/><\/p>\n<p>        Tjener millioner: &#8211; Uvirkelig<\/p>\n<p>    <\/a><\/p>\n<p>Det var f\u00f8rst da hun flere uker seinere hadde en pasient som hadde et s\u00e5r som ikke ville gro, at hun fikk sorgreaksjonen.\u00a0<\/p>\n<p>&#8211; Jeg satt ved skrivebordet mitt og leste om s\u00e5r, og s\u00e5 begynte jeg plutselig \u00e5 gr\u00e5te. Det \u00e5 forst\u00e5 hvordan huden fungerer, at det er vev som blir revet opp og m\u00e5 f\u00e5 en skorpe over seg for beskyttelse, en slags nummen skorpe, at det er enormt mye under s\u00e5ret som hjelper det til \u00e5 gro, sier hun, og fortsetter:<\/p>\n<p>&#8211; Den innsikten gjorde at jeg plutselig kunne slippe taket og gr\u00e5te. Og da inns\u00e5 jeg at hvis dette hjalp meg, s\u00e5 finnes det kanskje flere slike innsikter \u00e5 holde fast i i kroppen.\u00a0<\/p>\n<p>&#8211; Ignorerer det fysiske aspektet\t<\/p>\n<p class=\"italic m-italic\" data-lab-italic=\"italic\">&#8211; For du mener at vi ikke kan snakke om hodet alene, men alltid m\u00e5 se hodet og kroppen i en sammenheng?\u00a0<\/p>\n<p>&#8211; Ja, det er helt latterlig hvordan vi ignorerer det kroppslige. Politikere skryter av at de bare sover fire timer, flyr hit og dit og h\u00e5ndhilser p\u00e5 5000 folk og flyr tilbake igjen og ikke sover i det hele tatt. Det er som om de er stolte av det. Det er helt forferdelig \u00e5 tenke p\u00e5 at de menneskene som tar de viktigste beslutningene for oss er s\u00f8vndepriverte og stresset mens de gj\u00f8r det, sier hun.\u00a0\u00a0<\/p>\n<p>Hun fortsetter:\u00a0<\/p>\n<p class=\"font-weight-bold m-font-weight-bold\" data-lab-font_weight=\"font-weight-bold\">&#8211; Vi ignorerer det fysiske aspektet. Jeg tror at det \u00e5 f\u00e5 det fysiske tilbake inn i diskusjoner vi har, faktisk kan gj\u00f8re det som har blitt veldig abstrakt og kognitivt mye klarere.\u00a0<\/p>\n","protected":false},"excerpt":{"rendered":"&#8211; Jeg planla ikke \u00e5 skrive en bok til. Men s\u00e5 kjente jeg at jeg hadde den samme&hellip;\n","protected":false},"author":2,"featured_media":134739,"comment_status":"","ping_status":"","sticky":false,"template":"","format":"standard","meta":{"footnotes":""},"categories":[10],"tags":[150,4426,8110,15045,20,21,24,25,15,22,23,13,30,28,29,14,16,26,27],"class_list":{"0":"post-134738","1":"post","2":"type-post","3":"status-publish","4":"format-standard","5":"has-post-thumbnail","7":"category-norge","8":"tag-bok","9":"tag-bokmerker","10":"tag-boknyhet","11":"tag-bokvaren-2026","12":"tag-breaking-news","13":"tag-breakingnews","14":"tag-featured-news","15":"tag-featurednews","16":"tag-headlines","17":"tag-latest-news","18":"tag-latestnews","19":"tag-news","20":"tag-no","21":"tag-norge","22":"tag-norway","23":"tag-nyheter","24":"tag-overskrifter","25":"tag-top-stories","26":"tag-topstories"},"share_on_mastodon":{"url":"https:\/\/pubeurope.com\/@no\/115877373921475815","error":""},"_links":{"self":[{"href":"https:\/\/www.europesays.com\/no\/wp-json\/wp\/v2\/posts\/134738","targetHints":{"allow":["GET"]}}],"collection":[{"href":"https:\/\/www.europesays.com\/no\/wp-json\/wp\/v2\/posts"}],"about":[{"href":"https:\/\/www.europesays.com\/no\/wp-json\/wp\/v2\/types\/post"}],"author":[{"embeddable":true,"href":"https:\/\/www.europesays.com\/no\/wp-json\/wp\/v2\/users\/2"}],"replies":[{"embeddable":true,"href":"https:\/\/www.europesays.com\/no\/wp-json\/wp\/v2\/comments?post=134738"}],"version-history":[{"count":0,"href":"https:\/\/www.europesays.com\/no\/wp-json\/wp\/v2\/posts\/134738\/revisions"}],"wp:featuredmedia":[{"embeddable":true,"href":"https:\/\/www.europesays.com\/no\/wp-json\/wp\/v2\/media\/134739"}],"wp:attachment":[{"href":"https:\/\/www.europesays.com\/no\/wp-json\/wp\/v2\/media?parent=134738"}],"wp:term":[{"taxonomy":"category","embeddable":true,"href":"https:\/\/www.europesays.com\/no\/wp-json\/wp\/v2\/categories?post=134738"},{"taxonomy":"post_tag","embeddable":true,"href":"https:\/\/www.europesays.com\/no\/wp-json\/wp\/v2\/tags?post=134738"}],"curies":[{"name":"wp","href":"https:\/\/api.w.org\/{rel}","templated":true}]}}