{"id":134746,"date":"2026-01-11T16:25:15","date_gmt":"2026-01-11T16:25:15","guid":{"rendered":"https:\/\/www.europesays.com\/no\/134746\/"},"modified":"2026-01-11T16:25:15","modified_gmt":"2026-01-11T16:25:15","slug":"baerum-sykehus-medisinsk-avdeling-smykker-til-119-000-borte-etter-sykehusopphold","status":"publish","type":"post","link":"https:\/\/www.europesays.com\/no\/134746\/","title":{"rendered":"B\u00e6rum sykehus, Medisinsk avdeling | Smykker til 119.000 borte etter sykehusopphold"},"content":{"rendered":"\n<p>\u2013 Det har v\u00e6rt en tung tid, sier Bj\u00f8rn S\u00f8rensen (87) fra Borgen i Asker.<\/p>\n<p>I slutten av november ble hans kone Inger innlagt p\u00e5 medisinsk avdeling p\u00e5 B\u00e6rum sykehus med en kraftig hjernebl\u00f8dning.<\/p>\n<p>Livet sto ikke til \u00e5 redde. F\u00e5 timer senere d\u00f8de 84-\u00e5ringen med n\u00e6rmeste familie rundt seg. P\u00e5 fingrene hadde hun b\u00e5de gifteringen i gull og to diamantringer.<\/p>\n<p>Da de p\u00e5r\u00f8rende kom dagen etter for \u00e5 hente smykkene, var de borte.<\/p>\n<p>N\u00e5 vil familien advare andre og ber sykehuset stramme opp rutinene sine slik andre slipper \u00e5 oppleve det samme.<\/p>\n<p>\u2013 Hvordan kunne dette skje?<\/p>\n<p>\u2013 Vi ble forferdet og fortvilet p\u00e5 samme tid. Dette er det siste man trenger ved et d\u00f8dsfall i familien. Vi var alle i en sorgprosess og planla begravelsen og da er dette en stor ekstrabelastning, sier s\u00f8nnen Jan S. S\u00f8rensen til Budstikka.<\/p>\n<p>Han forteller at moren hans hadde tre ringer p\u00e5 seg da hun d\u00f8de. Den ene var gifteringen som hadde sittet p\u00e5 gjennom hele det 65 \u00e5r lange ekteskapet.<\/p>\n<p>   <img decoding=\"async\" width=\"692\" height=\"600\" fetchpriority=\"low\"  loading=\"lazy\"  src=\"https:\/\/www.europesays.com\/no\/wp-content\/uploads\/2026\/01\/IMG_52031.jpg\" alt=\"\" class=\"brick-c-cFOWSL\" style=\"--brick-image-ratio: 692 \/ 600;\"\/><\/p>\n<p>      Bj\u00f8rn S\u00f8rensen h\u00e5per noen kanskje finner og kjenner igjen smykkene p\u00e5 bakgrunn av bildet i Budstikka og kan returnere dem.<br \/>\n      Foto: PRIVAT\n    <\/p>\n<p>De p\u00e5r\u00f8rende klarte ikke \u00e5 ta av smykkene.<\/p>\n<p>De skal ha avtalt med personalet at sykehuset skulle fors\u00f8ke \u00e5 fjerne ringene og deretter oppbevare dem i en merket konvolutt p\u00e5 medisinrommet. En telefonsamtale fra sykehuset samme kveld skal ha bekreftet at dette var gjort.<\/p>\n<p>\u2013 Min bror kom dagen etter for \u00e5 hente ringene, men da var det ingen som klarte \u00e5 finne konvolutten, sier Jan.<\/p>\n<p>  <a href=\"https:\/\/www.budstikka.no\/5-55-2178369\" class=\"related-teaser has-image default-story-teaser article--c-eRUmMG article--c-eRUmMG-jKCPdD-design-default\" rel=\"nofollow noopener\" target=\"_blank\"><\/p>\n<p>    <img decoding=\"async\" loading=\"lazy\"  src=\"https:\/\/www.europesays.com\/no\/wp-content\/uploads\/2026\/01\/Sladd.jpg\" alt=\"\" class=\"brick-c-cFOWSL\" style=\"\"\/><\/p>\n<p>\n            Les ogs\u00e5<\/p>\n<p>              Falske hjemmehjelpere og r\u00f8rleggere tatt etter disse videobildene\n        <\/p>\n<p>  <\/a><\/p>\n<p>Familien skal ha f\u00e5tt forklart at ringene hadde blitt lagt i en merket konvolutt og l\u00e5st inn p\u00e5 medisinrommet som avtalt, men at konvolutten senere ved et uhell trolig hadde blitt kastet i s\u00f8ppelet.<\/p>\n<p>\u2013 Dette er selvf\u00f8lgelig et sjokk for familien. F\u00f8rst og fremst fordi smykkene har stor affeksjonsverdi for oss, men ogs\u00e5 fordi de to diamantringene er verdt en god del penger, sier Jan.<\/p>\n<p>Smykkene er taksert til en samlet verdi p\u00e5 119.000 kroner.<\/p>\n<p>   <img decoding=\"async\" width=\"1600\" height=\"1200\" fetchpriority=\"low\"  loading=\"lazy\"  src=\"https:\/\/www.europesays.com\/no\/wp-content\/uploads\/2026\/01\/20260109_105551.jpeg\" alt=\"\" class=\"brick-c-cFOWSL\" style=\"--brick-image-ratio: 1600 \/ 1200;\"\/><\/p>\n<p>      \u2013 Verdien er ikke det viktigste her. Det handler om hvordan dette kunne skje, sier Jan S\u00f8rensen.<br \/>\n      Foto: KINE THORSEN\n    <\/p>\n<p>Familien har i etterkant politianmeldt forholdet, men saken er henlagt. De har ogs\u00e5 rapportert inn hendelsen til B\u00e6rum sykehus.<\/p>\n<p>\u2013 Vi har fors\u00f8kt \u00e5 f\u00e5 svar p\u00e5 hva slags rutiner sykehuset har for ivaretagelse av verdigjenstander fra pasienter, men det har de ikke svart p\u00e5, sier Jan.<\/p>\n<p>  <a href=\"https:\/\/www.budstikka.no\/5-55-2159615\" class=\"related-teaser has-image default-story-teaser article--c-eRUmMG article--c-eRUmMG-jKCPdD-design-default\" rel=\"nofollow noopener\" target=\"_blank\"><\/p>\n<p>    <img decoding=\"async\" loading=\"lazy\"  src=\"https:\/\/www.europesays.com\/no\/wp-content\/uploads\/2026\/01\/IMG_8843.jpg\" alt=\"\" class=\"brick-c-cFOWSL\" style=\"\"\/><\/p>\n<p>\n            Les ogs\u00e5<\/p>\n<p>P\u00e5r\u00f8rende etter sykehusopphold: \u2013 Ingen ansatte oppdaget at hun var d\u00f8d\n        <\/p>\n<p>  <\/a><\/p>\n<p>N\u00e5 vil familien advare andre.<\/p>\n<p>\u2013 Vi synes det er viktig \u00e5 sette lys p\u00e5 dette, ikke for \u00e5 henge ut noen, men for \u00e5 sette lys p\u00e5 rutinesvikt, sier Jan som er opptatt av at andre skal slippe \u00e5 oppleve det sammen.<\/p>\n<p>\u2013 Vi tror ikke at de sykehusansatte er banditter, og vi har selvf\u00f8lgelig forst\u00e5else for at ting skjer i en hektisk arbeidshverdag, men jeg synes det er rart at de ikke kan ivareta verdisaker for en pasient, sier han.<\/p>\n<p>Beklager og betaler<\/p>\n<p>I et brev til de p\u00e5r\u00f8rende beklager sykehuset hendelsen.<\/p>\n<p>\u00abDet er veldig beklagelig fra seksjonens side at denne konvolutten har forsvunnet. De husker \u00e5 ha tatt av ringene for oppbevaring for dere, men at konvolutten har kommet p\u00e5 avveie\u00bb, st\u00e5r det i brevet.<\/p>\n<p>Torsdag denne uken henvendte Budstikka seg til Vestre Viken med sp\u00f8rsm\u00e5l rundt saken. Samme kveld fikk familien melding om at sykehuset vil refundere det \u00f8konomiske tapet:<\/p>\n<p>\u00abVi m\u00e5 igjen beklage at dette kunne skje og vil selvsagt se p\u00e5 v\u00e5re rutiner iht. oppbevaring av verdisaker for pasienter og p\u00e5r\u00f8rende.\u00bb<\/p>\n<p>  <a href=\"https:\/\/www.budstikka.no\/5-55-2162912\" class=\"related-teaser has-image default-story-teaser article--c-eRUmMG article--c-eRUmMG-jKCPdD-design-default\" rel=\"nofollow noopener\" target=\"_blank\"><\/p>\n<p>    <img decoding=\"async\" loading=\"lazy\"  src=\"https:\/\/www.europesays.com\/no\/wp-content\/uploads\/2026\/01\/20251212_150531.jpg\" alt=\"\" class=\"brick-c-cFOWSL\" style=\"\"\/><\/p>\n<p>\n            Les ogs\u00e5<\/p>\n<p>              Bekymrede ansatte sl\u00e5r alarm om \u00abet voldsomt arbeidspress\u00bb\n        <\/p>\n<p>  <\/a><\/p>\n<p>Familien er glade for at sykehuset vil erstatte smykkene.<\/p>\n<p>\u2013 Men verdien er ikke det viktigste her. Det handler om hvordan dette kunne skje, sier Jan.<\/p>\n<p>Faren Bj\u00f8rn h\u00e5per noen kanskje finner og kjenner igjen smykkene p\u00e5 bakgrunn av bildet i Budstikka og kan returnere dem.<\/p>\n<p>\u2013 Hun var veldig glad i de ringene, sier han.<\/p>\n<p>  <a href=\"https:\/\/www.budstikka.no\/5-55-2176115\" class=\"related-teaser has-image default-story-teaser article--c-eRUmMG article--c-eRUmMG-jKCPdD-design-default\" rel=\"nofollow noopener\" target=\"_blank\"><\/p>\n<p>    <img decoding=\"async\" loading=\"lazy\"  src=\"https:\/\/www.europesays.com\/no\/wp-content\/uploads\/2026\/01\/Thilip+tett.jpg\" alt=\"\" class=\"brick-c-cFOWSL\" style=\"\"\/><\/p>\n<p>\n            Les ogs\u00e5<\/p>\n<p>              Over 8.000 ledige plasser: Her f\u00e5r du raskt fastlege\n        <\/p>\n<p>  <\/a><br \/>\n  \u2013 Beklager sterkt<\/p>\n<p>Budstikka har stilt B\u00e6rum sykehus en rekke sp\u00f8rsm\u00e5l rundt hendelsen, blant annet hvilke rutiner sykehuset har og om det n\u00e5 vil bli gjort endringer.<\/p>\n<p>Avdelingssjef ved medisinsk avdeling p\u00e5 B\u00e6rum sykehus, Guro Storsul, skriver i e-post til Budstikka at sykehuset har klare rutiner for hvordan personlige eiendeler skal ivaretas.<\/p>\n<p>\u2013 Sykehuset beklager sterkt at pasientens eiendeler i dette tilfellet ble borte i forbindelse med innleggelse, skriver avdelingssjefen.<\/p>\n<p>\u2013 I denne situasjonen viser det seg dessverre at rutinene v\u00e5re sviktet. P\u00e5r\u00f8rende har derfor blitt im\u00f8tekommet og f\u00e5tt erstatning. Vi har forst\u00e5else for at dette har v\u00e6rt en ekstra belastning for de p\u00e5r\u00f8rende, skriver hun og forteller at sykehuset alltid g\u00e5r gjennom rutinene i etterkant av avvik.<\/p>\n","protected":false},"excerpt":{"rendered":"\u2013 Det har v\u00e6rt en tung tid, sier Bj\u00f8rn S\u00f8rensen (87) fra Borgen i Asker. I slutten av&hellip;\n","protected":false},"author":2,"featured_media":134747,"comment_status":"","ping_status":"","sticky":false,"template":"","format":"standard","meta":{"footnotes":""},"categories":[10],"tags":[36,13291,20,21,6896,24,25,15,22,23,15496,13,30,28,29,14,16,1510,26,27],"class_list":{"0":"post-134746","1":"post","2":"type-post","3":"status-publish","4":"format-standard","5":"has-post-thumbnail","7":"category-norge","8":"tag-art","9":"tag-baerum-sykehus","10":"tag-breaking-news","11":"tag-breakingnews","12":"tag-erstatning","13":"tag-featured-news","14":"tag-featurednews","15":"tag-headlines","16":"tag-latest-news","17":"tag-latestnews","18":"tag-medisinsk-avdeling","19":"tag-news","20":"tag-no","21":"tag-norge","22":"tag-norway","23":"tag-nyheter","24":"tag-overskrifter","25":"tag-story","26":"tag-top-stories","27":"tag-topstories"},"share_on_mastodon":{"url":"https:\/\/pubeurope.com\/@no\/115877401398725467","error":""},"_links":{"self":[{"href":"https:\/\/www.europesays.com\/no\/wp-json\/wp\/v2\/posts\/134746","targetHints":{"allow":["GET"]}}],"collection":[{"href":"https:\/\/www.europesays.com\/no\/wp-json\/wp\/v2\/posts"}],"about":[{"href":"https:\/\/www.europesays.com\/no\/wp-json\/wp\/v2\/types\/post"}],"author":[{"embeddable":true,"href":"https:\/\/www.europesays.com\/no\/wp-json\/wp\/v2\/users\/2"}],"replies":[{"embeddable":true,"href":"https:\/\/www.europesays.com\/no\/wp-json\/wp\/v2\/comments?post=134746"}],"version-history":[{"count":0,"href":"https:\/\/www.europesays.com\/no\/wp-json\/wp\/v2\/posts\/134746\/revisions"}],"wp:featuredmedia":[{"embeddable":true,"href":"https:\/\/www.europesays.com\/no\/wp-json\/wp\/v2\/media\/134747"}],"wp:attachment":[{"href":"https:\/\/www.europesays.com\/no\/wp-json\/wp\/v2\/media?parent=134746"}],"wp:term":[{"taxonomy":"category","embeddable":true,"href":"https:\/\/www.europesays.com\/no\/wp-json\/wp\/v2\/categories?post=134746"},{"taxonomy":"post_tag","embeddable":true,"href":"https:\/\/www.europesays.com\/no\/wp-json\/wp\/v2\/tags?post=134746"}],"curies":[{"name":"wp","href":"https:\/\/api.w.org\/{rel}","templated":true}]}}