{"id":134748,"date":"2026-01-11T16:26:09","date_gmt":"2026-01-11T16:26:09","guid":{"rendered":"https:\/\/www.europesays.com\/no\/134748\/"},"modified":"2026-01-11T16:26:09","modified_gmt":"2026-01-11T16:26:09","slug":"golden-globe-renate-reinsve-affeksjonsverdi-skaper-historie-helt-uten-sidestykke","status":"publish","type":"post","link":"https:\/\/www.europesays.com\/no\/134748\/","title":{"rendered":"Golden Globe, Renate Reinsve | \u00abAffeksjonsverdi\u00bb skaper historie: \u2013 Helt uten sidestykke"},"content":{"rendered":"\n<p>Golden Globe-utdelingen g\u00e5r av stabelen natt til mandag norsk tid i Los Angeles, og markerer starten p\u00e5 \u00e5rets store prisutdelingssesong i film- og TV-bransjen.<\/p>\n<p>Den norske filmen \u00abAffeksjonsverdi\u00bb er nominert til hele \u00e5tte priser, noe som knytter stor spenning til om filmen kan ta med seg gjeve priser hjem.<\/p>\n<p>Blant de nominerte er ogs\u00e5 Renate Reinsve for beste kvinnelige hovedrolle, samt Stellan Skarsg\u00e5rd, Elle Fanning og Inga Ibsdotter Lilleaas i biroller.<\/p>\n<p><b>Les ogs\u00e5: <a href=\"https:\/\/www.nettavisen.no\/kjendis\/dagen-derpa-matte-beklage-for-fullsatt-sal\/s\/5-95-2445885\" rel=\"Follow nofollow noopener\" target=\"_blank\">Dagen derp\u00e5: M\u00e5tte beklage for fullsatt sal<\/a><\/b><\/p>\n<p>Professor i filmvitenskap ved NTNU, Anne Gjelsvik, sier til Nettavisen at prisutdelingen kan ha stor betydning for norsk filmindustri.<\/p>\n<p>\u2013 L\u00f8ftet norsk filmindustri<\/p>\n<p>Overfor Nettavisen sier Gjelsvik at en eventuell pris kan bidra til at norsk filmindustri f\u00e5r mer internasjonal oppmerksomhet.<\/p>\n<p>\u2013 Dette er kjempeviktig. Den suksessen som filmen har, er veldig viktig for Joakim Trier, skuespillerne og produksjonsselskapet bak. Det gj\u00f8r noe med oppmerksomheten rundt norsk film bredere, sier hun og fortsetter: <\/p>\n<p>\u2013 Det har ogs\u00e5 stor betydning for norsk filmbransje. Bare det \u00e5 bli nominert er veldig stort. Det er en viktig d\u00f8r\u00e5pning for Hollywood, men ogs\u00e5 europeisk film. Det kan bidra til finansiering av norsk film.<\/p>\n<p>    Vil du se neste video?<\/p>\n<p>    <a href=\"https:\/\/www.nettavisen.no\/nyheter\/ukrainsk-jagerfly-odelegger-for-vladimir-putin-i-pokrovsk\/v\/5-95-2807927\" class=\"recommend-poster\" data-adp-clicklabel=\"video-recommend\" data-adp-clickvalue=\"poster\" rel=\"nofollow noopener\" target=\"_blank\"><br \/>\n      <img decoding=\"async\" width=\"200\" height=\"200\" loading=\"lazy\" src=\"https:\/\/www.europesays.com\/no\/wp-content\/uploads\/2026\/01\/JAGERFLY+BREDDE.jpg\" alt=\"\" class=\"brick-c-cFOWSL\" style=\"--brick-image-ratio: 200 \/ 200;\"\/><\/p>\n<p>Nye bilder: Rammer Putin hardt0:41<\/p>\n<p>    <\/a><\/p>\n<p>        Stellan Skarsg\u00e5rd har v\u00e6rt med i store Hollywood-blockbustere og g\u00e5tt p\u00e5 r\u00f8d l\u00f8per verden over, men om det er i Sverige, USA eller Norge, den rutinerte skuespilleren er ingen fan.<\/p>\n<p>Hun understreker at norsk film for \u00f8yeblikket har stor internasjonal oppmerksomhet, og at det derfor er h\u00f8ye forventninger til prisutdelingen.<\/p>\n<p>\u2013 Vi er inne i en periode der norsk film f\u00e5r en internasjonal oppmerksomhet vi aldri har opplevd f\u00f8r. Man kan diskutere om norsk film er p\u00e5 sitt beste akkurat n\u00e5, men omfanget av interessen og synligheten er helt uten sidestykke.<\/p>\n<p>\u2013 N\u00e5 er det hans tur<\/p>\n<p>Som tidligere nevnt er \u00abAffeksjonsverdi\u00bb nominert til hele \u00e5tte priser, men det er ogs\u00e5 skuespiller Stellan Skarsg\u00e5rd som stikker seg ut med en nominasjon for beste mannlige birolle.<\/p>\n<p>   <img decoding=\"async\" width=\"5532\" height=\"3688\" fetchpriority=\"low\"  loading=\"lazy\"  src=\"https:\/\/www.europesays.com\/no\/wp-content\/uploads\/2026\/01\/Affeksjonsverdi-27.jpg\" alt=\"Stellan Skarsg\u00e5rd, Elle Fanning og Joachim Trier avbildet p\u00e5 pressetreff til Joachim Trier-filmen \u00abAffeksjonsverdi\u00bb.\" class=\"brick-c-cFOWSL\" style=\"--brick-image-ratio: 5532 \/ 3688;\"\/><\/p>\n<p>      NOMINERT: Filmekspert Anne Gjelsvik har stor tro p\u00e5 at Stellan Skarsg\u00e5rd kan vinne pris under Golden Globe.<br \/>\n      Foto: Henrik Ingebrethsen (Nettavisen)\n    <\/p>\n<p>Filmeksperten mener likevel at Skarsg\u00e5rd trolig har de beste sjansene til \u00e5 g\u00e5 hjem med prisen<\/p>\n<p>\u2013 Stellan Skarsg\u00e5rd er nominert til beste mannlige birolle, og jeg tror han har gode vinnersjanser. Det er nok den prisen jeg vil bli mest skuffet over om ikke g\u00e5r til ham.<\/p>\n<p><b>Les ogs\u00e5: <a href=\"https:\/\/www.nettavisen.no\/kjendis\/dykker-i-egne-erfaringer-i-affeksjonsverdi-har-gatt-i-terapi\/s\/5-95-2585277\" rel=\"Follow nofollow noopener\" target=\"_blank\">\u2013 Jeg var ukomfortabel med \u00e5 v\u00e6re meg selv<\/a><\/b><\/p>\n<p>Gjelsvik legger til at Skarsg\u00e5rd allerede er et velkjent navn i Hollywood, og at han virkelig har gjort seg fortjent til prisen.<\/p>\n<p>\u2013 Han har hatt en stor karriere i Hollywood, men fortsatt ikke vunnet noen store priser som Oscar. N\u00e5 er det hans tur. Men det er ikke til \u00e5 legge skjul p\u00e5 at det er vanskeligere \u00e5 n\u00e5 opp for en fremmedspr\u00e5klig film sammenlignet med amerikanske filmer.<\/p>\n","protected":false},"excerpt":{"rendered":"Golden Globe-utdelingen g\u00e5r av stabelen natt til mandag norsk tid i Los Angeles, og markerer starten p\u00e5 \u00e5rets&hellip;\n","protected":false},"author":2,"featured_media":134749,"comment_status":"","ping_status":"","sticky":false,"template":"","format":"standard","meta":{"footnotes":""},"categories":[5],"tags":[20,21,24,25,15,19,22,23,17,18,13,30,28,29,14,16,26,27],"class_list":{"0":"post-134748","1":"post","2":"type-post","3":"status-publish","4":"format-standard","5":"has-post-thumbnail","7":"category-overskrifter","8":"tag-breaking-news","9":"tag-breakingnews","10":"tag-featured-news","11":"tag-featurednews","12":"tag-headlines","13":"tag-hovedoppslag","14":"tag-latest-news","15":"tag-latestnews","16":"tag-main-news","17":"tag-mainnews","18":"tag-news","19":"tag-no","20":"tag-norge","21":"tag-norway","22":"tag-nyheter","23":"tag-overskrifter","24":"tag-top-stories","25":"tag-topstories"},"share_on_mastodon":{"url":"https:\/\/pubeurope.com\/@no\/115877405237807193","error":""},"_links":{"self":[{"href":"https:\/\/www.europesays.com\/no\/wp-json\/wp\/v2\/posts\/134748","targetHints":{"allow":["GET"]}}],"collection":[{"href":"https:\/\/www.europesays.com\/no\/wp-json\/wp\/v2\/posts"}],"about":[{"href":"https:\/\/www.europesays.com\/no\/wp-json\/wp\/v2\/types\/post"}],"author":[{"embeddable":true,"href":"https:\/\/www.europesays.com\/no\/wp-json\/wp\/v2\/users\/2"}],"replies":[{"embeddable":true,"href":"https:\/\/www.europesays.com\/no\/wp-json\/wp\/v2\/comments?post=134748"}],"version-history":[{"count":0,"href":"https:\/\/www.europesays.com\/no\/wp-json\/wp\/v2\/posts\/134748\/revisions"}],"wp:featuredmedia":[{"embeddable":true,"href":"https:\/\/www.europesays.com\/no\/wp-json\/wp\/v2\/media\/134749"}],"wp:attachment":[{"href":"https:\/\/www.europesays.com\/no\/wp-json\/wp\/v2\/media?parent=134748"}],"wp:term":[{"taxonomy":"category","embeddable":true,"href":"https:\/\/www.europesays.com\/no\/wp-json\/wp\/v2\/categories?post=134748"},{"taxonomy":"post_tag","embeddable":true,"href":"https:\/\/www.europesays.com\/no\/wp-json\/wp\/v2\/tags?post=134748"}],"curies":[{"name":"wp","href":"https:\/\/api.w.org\/{rel}","templated":true}]}}