{"id":134755,"date":"2026-01-11T16:34:08","date_gmt":"2026-01-11T16:34:08","guid":{"rendered":"https:\/\/www.europesays.com\/no\/134755\/"},"modified":"2026-01-11T16:34:08","modified_gmt":"2026-01-11T16:34:08","slug":"arsenal-videre-i-fa-cupen-etter-grusom-historikk-martinelli-beklaget-etter-hattrick","status":"publish","type":"post","link":"https:\/\/www.europesays.com\/no\/134755\/","title":{"rendered":"Arsenal videre i FA-cupen etter grusom historikk \u2013 Martinelli beklaget etter hattrick"},"content":{"rendered":"\n<p class=\"_lead_o9xde_2 _lead_xtcu6_50 layout-component text-serif-m layout-normal text-serif-l layout-component layout-wide layout-padded _wide_17hqh_1 layout-padded\">Arsenal br\u00f8t en vond trend med 4\u20131-seier borte mot Portsmouth s\u00f8ndag. Gabriel Martinelli benyttet anledningen til \u00e5 komme med en beklagelse etter det f\u00f8rste m\u00e5let hans.<\/p>\n<p><img alt=\"Hattrickhelten Gabriel Martinelli s\u00e5 ut til \u00e5 unnskylde seg for ugesten mot Liverpools Conor Bradley. Foto: Toby Melville \/ Reuters \/ NTB\" class=\"_image_qp4xg_65 layout-component layout-wide\" data-fullscreen- data-track-element-type=\"Article image fullscreen\" data-track-name=\"ImageFullscreen\" fetchpriority=\"high\" decoding=\"sync\" loading=\"eager\" height=\"1953\" itemprop=\"image\"  src=\"https:\/\/www.europesays.com\/no\/wp-content\/uploads\/2026\/01\/37dbdb7f-4cf1-493e-8988-4cef8986cf29.png\"  style=\"object-position:0% 0%\" width=\"2930\"\/>Hattrickhelten Gabriel Martinelli s\u00e5 ut til \u00e5 unnskylde seg for ugesten mot Liverpools Conor Bradley. Foto: Toby Melville \/ Reuters \/ NTB<\/p>\n<ul aria-hidden=\"true\" class=\"_images_ntbth_112\">\n<li><a class=\"_link_ntbth_117\" href=\"https:\/\/www.vg.no\/forfatter\/eirik-bjertnes-solbakken\" style=\"z-index:1\" title=\"Eirik Bjertnes Solbakken\" rel=\"nofollow noopener\" target=\"_blank\"><img alt=\"Bilde av Eirik Bjertnes Solbakken\" class=\"_image_ntbth_93\" fetchpriority=\"low\" loading=\"lazy\" decoding=\"async\" itemprop=\"image\"  src=\"https:\/\/www.europesays.com\/no\/wp-content\/uploads\/2026\/01\/1768149248_57_6694093c-945d-44cb-b991-737f98a50431.jpeg\"  width=\"480\"\/><\/a><\/li>\n<\/ul>\n<p> Oppdatert s\u00f8ndag 11. januar kl. 17:07    <\/p>\n<ul class=\"_list_o9xde_3 _list_64s2r_85 _unordered_o9xde_106 text-sans-m\">\n<li class=\"_item_o9xde_30\">Arsenal vant 4\u20131 mot Portsmouth og br\u00f8t en vond FA-cup-trend.<\/li>\n<li class=\"_item_o9xde_30\">Gabriel Martinelli beklaget sin oppf\u00f8rsel etter \u00e5 ha scoret.<\/li>\n<li class=\"_item_o9xde_30\">Arsenal har slitt i cupen siden de vant i 2020.<\/li>\n<li class=\"_item_o9xde_30\">Martinelli fullf\u00f8rte hattrick et sitt i andre omgang.<\/li>\n<\/ul>\n<p>Vis mer <\/p>\n<p class=\"_paragraph_o9xde_4 _paragraph_xtcu6_10 layout-component text-serif-m layout-normal text-serif-m layout-padded\">Premier League-lederen har de siste \u00e5rene levert resultater langt under pari i verdens eldste fotballturnering. Siden triumfen i 2020 har ikke de r\u00f8dkledde kommet lenger enn til hindring to \u2013 i de to siste \u00e5rene har det blitt stopp i den f\u00f8rste kampen topplagene er med i. t<\/p>\n<p class=\"_paragraph_o9xde_4 _paragraph_xtcu6_10 layout-component text-serif-m layout-normal text-serif-m layout-padded\"><strong class=\"_strong_o9xde_25\">Innledningsvis mot Portsmouth s\u00e5 det ogs\u00e5 stygt ut. <\/strong><\/p>\n<p class=\"_paragraph_o9xde_4 _paragraph_xtcu6_10 layout-component text-serif-m layout-normal text-serif-m layout-padded\">Etter en slapp retur fra <a href=\"https:\/\/www.vg.no\/tag\/arsenal?utm_source=vg-article&amp;utm_medium=auto-tagger&amp;utm_campaign=K8yMB7\" class=\"_link_o9xde_39\" rel=\"nofollow noopener\" target=\"_blank\">Arsenals<\/a> sisteskanse Kepa Arrizabalaga, sto hjemmelagets Colby Bishop og takket pent for den enkle oppgaven om \u00e5 sette inn 1\u20130.<\/p>\n<p><img alt=\"Colby Bishop satt inn ettermiddagens f\u00f8rste scoring.  Foto: Toby Melville \/ Reuters \/ NTB\" class=\"_image_qp4xg_65 layout-component layout-normal\" data-fullscreen- data-track-element-type=\"Article image fullscreen\" data-track-name=\"ImageFullscreen\" decoding=\"async\" loading=\"lazy\" height=\"2964\" itemprop=\"image\"  src=\"https:\/\/www.europesays.com\/no\/wp-content\/uploads\/2026\/01\/5226eb68-8dbc-4b82-bc6f-4a98191b1359.png\"  style=\"object-position:0% 0%\" width=\"4446\"\/>Colby Bishop satt inn ettermiddagens f\u00f8rste scoring.  Foto: Toby Melville \/ Reuters \/ NTB<\/p>\n<p class=\"_paragraph_o9xde_4 _paragraph_xtcu6_10 layout-component text-serif-m layout-normal text-serif-m layout-padded\">Like etter svarte gjestene oppskriftsmessig p\u00e5 en corner. Hjemmelagets Andre Dozzell satt ballen i eget m\u00e5l, etter at den hadde v\u00e6rt innom fire spillere f\u00f8r han. <\/p>\n<p class=\"_paragraph_o9xde_4 _paragraph_xtcu6_10 layout-component text-serif-m layout-normal text-serif-m layout-padded\">Rundt halvtimen spilt ville gjestene gj\u00f8re det helt selv, med samme fremgangsmetode. Utskjelte Gabriel Martinelli ruvet h\u00f8yest p\u00e5 f\u00f8rste stolpe og stusset inn ledelsen. <\/p>\n<p class=\"_paragraph_o9xde_4 _paragraph_xtcu6_10 layout-component text-serif-m layout-normal text-serif-m layout-padded\">\u2013 Arsenal er rett slett n\u00e5del\u00f8se og veldig farlig i slike situasjoner, sier BBC-ekspert Mark Schwarzer om d\u00f8dballtrusselen Arsenal utgj\u00f8r.<\/p>\n<p class=\"_paragraph_o9xde_4 _paragraph_xtcu6_10 layout-component text-serif-m layout-normal text-serif-m layout-padded\"><strong class=\"_strong_o9xde_25\">I feiringen l\u00f8ftet Martinelli armene i v\u00e6ret og s\u00e5 ut til \u00e5 beklage sin oppf\u00f8rsel mot Liverpool torsdag. Arsenal-vingen har v\u00e6rt i hardt v\u00e6r i midtuken etter \u00e5 ha dyttet en allerede skadet Conor Bradley av banen i Premier League-oppgj\u00f8ret mot Liverpool. Martinelli har senere sendt en unnskyldning til Bradley.<\/strong><\/p>\n<p class=\"_paragraph_o9xde_4 _paragraph_xtcu6_10 layout-component text-serif-m layout-normal text-serif-m layout-padded\"><a href=\"https:\/\/www.bbc.com\/sport\/football\/articles\/cgqevx5pvk1o\" class=\"_link_o9xde_39\" rel=\"nofollow noopener\" target=\"_blank\">BBC<\/a> meldte s\u00f8ndag at Liverpool-backen er ute resten av sesongen med en alvorlig kneskade.<\/p>\n<p class=\"_paragraph_o9xde_4 _paragraph_xtcu6_10 layout-component text-serif-m layout-normal text-serif-m layout-padded\">Se situasjonen her: <\/p>\n<p class=\"_paragraph_o9xde_4 _paragraph_xtcu6_10 layout-component text-serif-m layout-normal text-serif-m layout-padded\"><strong class=\"_strong_o9xde_25\">Etter hvilen doblet Martinelli ledelsen, f\u00f8r han igjen headet ballen i m\u00e5l p\u00e5 ny corner for \u00e5 fullf\u00f8re hattricket. Det er brasilianeres f\u00f8rste trem\u00e5lskamp p\u00e5 249 kamper i Arsenal-tr\u00f8ya.<\/strong><\/p>\n<p class=\"_paragraph_o9xde_4 _paragraph_xtcu6_10 layout-component text-serif-m layout-normal text-serif-m layout-padded\">\u2013 Martinelli kan ha hatt noen vanskelige dager med \u00e5 komme seg etter kritikken i forbindelse med Conor Bradley-episoden, men han vil nok f\u00f8le seg litt bedre med seg selv n\u00e5, skriver Sky Sports-journalist Sam Blitz.<\/p>\n","protected":false},"excerpt":{"rendered":"Arsenal br\u00f8t en vond trend med 4\u20131-seier borte mot Portsmouth s\u00f8ndag. Gabriel Martinelli benyttet anledningen til \u00e5 komme&hellip;\n","protected":false},"author":2,"featured_media":134756,"comment_status":"","ping_status":"","sticky":false,"template":"","format":"standard","meta":{"footnotes":""},"categories":[5],"tags":[328,20,21,15395,24,25,92,15,19,22,23,17,18,13,30,28,29,14,16,15497,26,27],"class_list":{"0":"post-134755","1":"post","2":"type-post","3":"status-publish","4":"format-standard","5":"has-post-thumbnail","7":"category-overskrifter","8":"tag-arsenal","9":"tag-breaking-news","10":"tag-breakingnews","11":"tag-fa-cupen","12":"tag-featured-news","13":"tag-featurednews","14":"tag-fotball","15":"tag-headlines","16":"tag-hovedoppslag","17":"tag-latest-news","18":"tag-latestnews","19":"tag-main-news","20":"tag-mainnews","21":"tag-news","22":"tag-no","23":"tag-norge","24":"tag-norway","25":"tag-nyheter","26":"tag-overskrifter","27":"tag-portsmouth-fc","28":"tag-top-stories","29":"tag-topstories"},"share_on_mastodon":{"url":"https:\/\/pubeurope.com\/@no\/115877436790620953","error":""},"_links":{"self":[{"href":"https:\/\/www.europesays.com\/no\/wp-json\/wp\/v2\/posts\/134755","targetHints":{"allow":["GET"]}}],"collection":[{"href":"https:\/\/www.europesays.com\/no\/wp-json\/wp\/v2\/posts"}],"about":[{"href":"https:\/\/www.europesays.com\/no\/wp-json\/wp\/v2\/types\/post"}],"author":[{"embeddable":true,"href":"https:\/\/www.europesays.com\/no\/wp-json\/wp\/v2\/users\/2"}],"replies":[{"embeddable":true,"href":"https:\/\/www.europesays.com\/no\/wp-json\/wp\/v2\/comments?post=134755"}],"version-history":[{"count":0,"href":"https:\/\/www.europesays.com\/no\/wp-json\/wp\/v2\/posts\/134755\/revisions"}],"wp:featuredmedia":[{"embeddable":true,"href":"https:\/\/www.europesays.com\/no\/wp-json\/wp\/v2\/media\/134756"}],"wp:attachment":[{"href":"https:\/\/www.europesays.com\/no\/wp-json\/wp\/v2\/media?parent=134755"}],"wp:term":[{"taxonomy":"category","embeddable":true,"href":"https:\/\/www.europesays.com\/no\/wp-json\/wp\/v2\/categories?post=134755"},{"taxonomy":"post_tag","embeddable":true,"href":"https:\/\/www.europesays.com\/no\/wp-json\/wp\/v2\/tags?post=134755"}],"curies":[{"name":"wp","href":"https:\/\/api.w.org\/{rel}","templated":true}]}}