{"id":134759,"date":"2026-01-11T16:39:10","date_gmt":"2026-01-11T16:39:10","guid":{"rendered":"https:\/\/www.europesays.com\/no\/134759\/"},"modified":"2026-01-11T16:39:10","modified_gmt":"2026-01-11T16:39:10","slug":"dramatiske-scener","status":"publish","type":"post","link":"https:\/\/www.europesays.com\/no\/134759\/","title":{"rendered":"Dramatiske scener"},"content":{"rendered":"<p class=\"kicker \" style=\"\">Iran<\/p>\n<p>    Et voldsregime st\u00e5r foran undergangen n\u00e5r soldater ikke lenger adlyder ordre. Fordi ogs\u00e5 de har familie. Kan det skje i Iran?<\/p>\n<p>\n    BRANN OG OPPR\u00d8R: Volsomme demonstrasjoner i Teheran og i andre iranske byer truer presteregimet. Foto: REUTERS \/ NTB\n  <\/p>\n<p>Ti-tusener demonstrerer i gatene i hovedstaden Teheran og roper\u00a0\u00abd\u00f8d over Khamenei\u00bb og\u00a0\u00ablenge leve sjahen\u00bb. Myndighetene skrudde i helga av internett, for at demonstranter ikke lenger skulle kommunisere med hverandre, og for at de ikke lenger skulle kunne sende videoer til utlandet.\u00a0<\/p>\n<p>        IRAN: Uroen som har preget Iran siden 28. desember har f\u00e5tt dramatiske konsekvenser. Video: X. Reporter: Trond Markus Gravdal<\/p>\n<p>Ansatte ved sykehus i Teheran rapporterer likevel om at de har sett hundrevis av hardt skadede som har blitt skutt i ansiktet, og presteregimet sier at demonstranter vil bli tiltalt for\u00a0\u00abforbrytelser mot Gud\u00bb, som nesten automatisk inneb\u00e6rer d\u00f8dsstraff. Demonstrasjonene og myndighetenes terror har spredd seg til 180 byer over store deler av landet. Flere enn 200 skal v\u00e6re drept, if\u00f8lge HRANA. Det virkelige tallet trolig er mye h\u00f8yere. Hvordan kunne det ha seg?<\/p>\n<p>    <a itemprop=\"url\" href=\"https:\/\/www.dagbladet.no\/nyheter\/vil-velte-prestestyret-lenge-leve-sjahen\/84082314\" rel=\"nofollow noopener\" target=\"_blank\"><\/p>\n<p>        <img loading=\"lazy\" decoding=\"async\" src=\"https:\/\/www.europesays.com\/no\/wp-content\/uploads\/2026\/01\/1768149548_345_84082662.webp.webp\" width=\"980\" height=\"441\" title=\"Vil velte prestestyret: \u00abLenge leve sjahen\u00bb\" alt=\"\" class=\"lazyload\" style=\"--aspect-ratio-image: 2.22; \"\/><\/p>\n<p>        Vil velte prestestyret: \u00abLenge leve sjahen\u00bb<\/p>\n<p>    <\/a><\/p>\n<p>Makta er grunnleggende korrumpert i Iran. Landet er p\u00e5 flere omr\u00e5der i ferd med \u00e5 kollapse. I juni ble landet bombet av Israel, som s\u00e5 ut til \u00e5 ha full oversikt over hvor Irans milit\u00e6re ledere til enhver tid befant seg, og traff disse m\u00e5lene med generalene p\u00e5 plass med stor presisjon. Presteregimet var avkledd som nakent og ynkelig, mens lederen, den 86 \u00e5r gamle Ayatollah Ali Khamenei gjemte seg i en bunker. Men siden en ulykke sjelden kommer alene st\u00e5r landet ogs\u00e5 foran en \u00f8konomisk kollaps og et \u00f8kologisk sammenbrudd, siden blant annet hovedstaden Teheran med sine nesten ni millioner innbyggere er i ferd med \u00e5 g\u00e5 tom for vann.<\/p>\n<p>        <img loading=\"lazy\" decoding=\"async\" src=\"https:\/\/www.europesays.com\/no\/wp-content\/uploads\/2026\/01\/84079775.webp.webp\" width=\"667\" height=\"381\" title=\"IRANS \u00d8VERSTE LEDER: Ayatollah Ali Khamenei. Foto: KHAMENEI.IR \/ AFP \/ NTB.\" alt=\"\" class=\"\" style=\"--aspect-ratio-image: 1.75; \"\/><\/p>\n<p>\n        IRANS \u00d8VERSTE LEDER: Ayatollah Ali Khamenei. Foto: KHAMENEI.IR \/ AFP \/ NTB.\n    <\/p>\n<p>Det er den perfekte storm, med sterkt \u00f8kende fattigdom, galopperende arbeidsledighet, og brutal politisk undertrykkelse, som m\u00f8ter presteregimet. Denne gangen var det ikke revolusjon\u00e6re oppviglere som startet urolighetene, det var elektronikk-forhandlere i basarene i Teheran som la ned arbeidet i protest mot uoversiktlig inflasjon som gjorde det vanskelig \u00e5 drive forretning. Inflasjonen det siste \u00e5ret er p\u00e5 47 prosent. Streiken blant el-forhandlerne startet 28. desember. S\u00e5 spredte uroen seg, fra bransje til bransje, og fra by til by. Uten at den sedvanlig brutale regime-volden har greid \u00e5 stanse den.<\/p>\n<p>    <a itemprop=\"url\" href=\"https:\/\/www.dagbladet.no\/nyheter\/iranere-er-modigere-na\/84078784\" rel=\"nofollow noopener\" target=\"_blank\"><\/p>\n<p>        <img loading=\"lazy\" decoding=\"async\" src=\"https:\/\/www.europesays.com\/no\/wp-content\/uploads\/2026\/01\/84078823.webp.webp\" width=\"980\" height=\"441\" title=\"- Iranere er modigere n\u00e5\" alt=\"\" class=\"lazyload\" style=\"--aspect-ratio-image: 2.22; \"\/><\/p>\n<p>        &#8211; Iranere er modigere n\u00e5<\/p>\n<p>    <\/a><\/p>\n<p>Det er livsfarlig for et voldsregime n\u00e5r middelklassen snur seg mot det. Og det er spesielt farlig n\u00e5r en h\u00e6r av arbeidsledige unge menn ikke har noe annet \u00e5 miste enn sine lenker. I Iran er den offisielle arbeidsledigheten p\u00e5 rett i underkant av 10 prosent, mens den for unge menn er p\u00e5 opptil 23 prosent. Dette er en gruppe som har v\u00e6rt lett for regimet \u00e5 forlede med religi\u00f8s retorikk, men den ser n\u00e5 ut til \u00e5 v\u00e6re i fremste rekke mot regimets voldsapparat.<\/p>\n<p>        <img loading=\"lazy\" decoding=\"async\" src=\"https:\/\/www.europesays.com\/no\/wp-content\/uploads\/2026\/01\/84083994.webp.webp\" width=\"980\" height=\"559\" title=\"HER STARTET DET: Oppr\u00f8ret startet f\u00f8rst blant butikkeiere p\u00e5 basarene i Teheran, som stengte ned butikkene sine i protest. Foto: AP Photo \/ Vahid Salemi \/ NTB.\" alt=\"\" class=\"\" style=\"--aspect-ratio-image: 1.75; \"\/><\/p>\n<p>\n        HER STARTET DET: Oppr\u00f8ret startet f\u00f8rst blant butikkeiere p\u00e5 basarene i Teheran, som stengte ned butikkene sine i protest. Foto: AP Photo \/ Vahid Salemi \/ NTB.\n    <\/p>\n<p>Iran er en trykkoker, og landet har med jevne mellomrom kokt over. Sist gang var i 2022, da Mahsa Jina Amini, ei 22 \u00e5r gammel kurdisk kvinne ble mishandlet til d\u00f8de i moralpolitiets varetekt, fordi hun ikke hadde skjult h\u00e5ret sitt tilstrekkelig. Protestene var typiske for Iran. De var for\u00e5rsaket av et brutalt drap, var plutselige og voldsomme. Og de var uten ledelse, og derfor lettere \u00e5 sl\u00e5 ned. Det er typisk for de iranske b\u00f8lgene med oppr\u00f8r. Utgangspunktet er brutale drap, stj\u00e5lne valg, eller en kollapset \u00f8konomi. Alt p\u00e5 grunn av et religi\u00f8st, selvrekrutterende, korrumpert regime, med stadig mindre legitimitet i folket.<\/p>\n<p>    <a itemprop=\"url\" href=\"https:\/\/www.dagbladet.no\/nyheter\/internett-nede-i-hele-landet\/84074685\" rel=\"nofollow noopener\" target=\"_blank\"><\/p>\n<p>        <img loading=\"lazy\" decoding=\"async\" src=\"https:\/\/www.europesays.com\/no\/wp-content\/uploads\/2026\/01\/1768149549_10_84074739.webp.webp\" width=\"980\" height=\"441\" title=\"Internett nede i hele landet\" alt=\"\" class=\"lazyload\" style=\"--aspect-ratio-image: 2.22; \"\/><\/p>\n<p>        Internett nede i hele landet<\/p>\n<p>    <\/a><\/p>\n<p>Men noe kan v\u00e6re annerledes denne gangen. Det ene er at protestene ble startet av middelklassen i basarene, det perfekte sentrum for spredning av ideer og holdningsdannelse, og ikke av studenter eller arbeidsl\u00f8s ungdom. Det andre kan v\u00e6re at protestene har en lederskikkelse, om ikke enn\u00e5 noen egentlig leder. Han heter\u00a0<a href=\"https:\/\/www.dagbladet.no\/nyheter\/vil-velte-prestestyret-lenge-leve-sjahen\/84082314\" rel=\"nofollow noopener\" target=\"_blank\">Reza Pahlavi, er s\u00f8nn av den siste sjahen<\/a>\u00a0Mohammad Reza Pahlavi, som ble styrtet i revolusjonen i 1979. Dagens Reza bor i Washington, og det er hans navn. demonstrantene roper. Han ba demonstrantene bruke l\u00f8rdagen og s\u00f8ndagen til \u00e5 ta kontroll over byer.<\/p>\n<p>        <img loading=\"lazy\" decoding=\"async\" src=\"https:\/\/www.europesays.com\/no\/wp-content\/uploads\/2026\/01\/1768149550_591_84082657.webp.webp\" width=\"980\" height=\"559\" title=\"\u00abKRONPRINS\u00bb: Reza Pahlavi er s\u00f8nn av Irans siste monark. Revolusjonen i 1979 markerte slutten p\u00e5 over 2500 \u00e5r med monarki i Iran. Pahlavi lever n\u00e5 i eksil i USA. Foto: AP Photo\/Thomas Padilla\/NTB.\" alt=\"\" class=\"\" style=\"--aspect-ratio-image: 1.75; \"\/><\/p>\n<p>\n        \u00abKRONPRINS\u00bb: Reza Pahlavi er s\u00f8nn av Irans siste monark. Revolusjonen i 1979 markerte slutten p\u00e5 over 2500 \u00e5r med monarki i Iran. Pahlavi lever n\u00e5 i eksil i USA. Foto: AP Photo\/Thomas Padilla\/NTB.\n    <\/p>\n<p>USAs president Donald Trump har truet med nye angrep mot Iran hvis myndighetene skyter mot demonstrantene.\u00a0\u00abDere gj\u00f8r best i ikke \u00e5 starte \u00e5 skyte, for da vil vi ogs\u00e5 begynne \u00e5 skyte\u00bb, sier han i sakens anledning. Og denne typisk trumpske, passe upresis trusselen, har blitt plukket opp av regimet, og brukt som bevis p\u00e5 at demonstrantene spiller sammen med fremmede makter, med USA, ogs\u00e5 kalt Den store satan.<\/p>\n<p>        Under bes\u00f8ket med Israels president Benjamin Netanyahu kom president Donald Trump med sterke ord mot Iran. Video: Reuters. Reporter: Mariel Sand Nwosu\/Dagbladet TV<\/p>\n<p>Hva skjer n\u00e5? Demonstrasjonene har spredd seg som ild i t\u00f8rt gress. Og det er voldsapparatets soliditet som vil avgj\u00f8re om ogs\u00e5 Khamenei m\u00e5 dra i eksil, kanskje til Moskva? Soldatene i sikkerhetstjenesten har ogs\u00e5 s\u00f8stre og br\u00f8dre som demonstrerer, eller familie som driver butikk i basarene. Det er voldsapparatets lojalitet som vil avgj\u00f8re utfallet av denne dramatiske kampen.<\/p>\n","protected":false},"excerpt":{"rendered":"Iran Et voldsregime st\u00e5r foran undergangen n\u00e5r soldater ikke lenger adlyder ordre. Fordi ogs\u00e5 de har familie. Kan&hellip;\n","protected":false},"author":2,"featured_media":134760,"comment_status":"","ping_status":"","sticky":false,"template":"","format":"standard","meta":{"footnotes":""},"categories":[12],"tags":[20,21,24,25,92,15,22,23,13,30,28,29,14,16,83,26,27,42,14208,43,44,45],"class_list":{"0":"post-134759","1":"post","2":"type-post","3":"status-publish","4":"format-standard","5":"has-post-thumbnail","7":"category-verden","8":"tag-breaking-news","9":"tag-breakingnews","10":"tag-featured-news","11":"tag-featurednews","12":"tag-fotball","13":"tag-headlines","14":"tag-latest-news","15":"tag-latestnews","16":"tag-news","17":"tag-no","18":"tag-norge","19":"tag-norway","20":"tag-nyheter","21":"tag-overskrifter","22":"tag-sport","23":"tag-top-stories","24":"tag-topstories","25":"tag-verden","26":"tag-west-ham","27":"tag-world","28":"tag-world-news","29":"tag-worldnews"},"share_on_mastodon":{"url":"https:\/\/pubeurope.com\/@no\/115877456315307632","error":""},"_links":{"self":[{"href":"https:\/\/www.europesays.com\/no\/wp-json\/wp\/v2\/posts\/134759","targetHints":{"allow":["GET"]}}],"collection":[{"href":"https:\/\/www.europesays.com\/no\/wp-json\/wp\/v2\/posts"}],"about":[{"href":"https:\/\/www.europesays.com\/no\/wp-json\/wp\/v2\/types\/post"}],"author":[{"embeddable":true,"href":"https:\/\/www.europesays.com\/no\/wp-json\/wp\/v2\/users\/2"}],"replies":[{"embeddable":true,"href":"https:\/\/www.europesays.com\/no\/wp-json\/wp\/v2\/comments?post=134759"}],"version-history":[{"count":0,"href":"https:\/\/www.europesays.com\/no\/wp-json\/wp\/v2\/posts\/134759\/revisions"}],"wp:featuredmedia":[{"embeddable":true,"href":"https:\/\/www.europesays.com\/no\/wp-json\/wp\/v2\/media\/134760"}],"wp:attachment":[{"href":"https:\/\/www.europesays.com\/no\/wp-json\/wp\/v2\/media?parent=134759"}],"wp:term":[{"taxonomy":"category","embeddable":true,"href":"https:\/\/www.europesays.com\/no\/wp-json\/wp\/v2\/categories?post=134759"},{"taxonomy":"post_tag","embeddable":true,"href":"https:\/\/www.europesays.com\/no\/wp-json\/wp\/v2\/tags?post=134759"}],"curies":[{"name":"wp","href":"https:\/\/api.w.org\/{rel}","templated":true}]}}