{"id":134765,"date":"2026-01-11T16:46:57","date_gmt":"2026-01-11T16:46:57","guid":{"rendered":"https:\/\/www.europesays.com\/no\/134765\/"},"modified":"2026-01-11T16:46:57","modified_gmt":"2026-01-11T16:46:57","slug":"socialdemokraternas-leder-apner-for-a-sende-svenske-soldater-til-gronland","status":"publish","type":"post","link":"https:\/\/www.europesays.com\/no\/134765\/","title":{"rendered":"Socialdemokraternas leder \u00e5pner for \u00e5 sende svenske soldater til Gr\u00f8nland"},"content":{"rendered":"\n<p data-testid=\"textWithMarkup-markup\" data-v-62d58f52=\"\"> Det melder avisa <a href=\"https:\/\/www.etc.se\/inrikes\/magdalena-andersson-oeppnar-foer-svenska-soldater-paa-groenland?utm_source=sdrn%3Avg%3Aarticle%3APdR4Gp\" rel=\"noopener nofollow\" target=\"_blank\">Dagens ETC,<\/a> som har intervjuet Andersson p\u00e5 en konferanse arrangert av foreningen Folk och F\u00f6rsvar i S\u00e4len.<\/p>\n<p data-testid=\"textWithMarkup-markup\" data-v-62d58f52=\"\"> Bakgrunnen for at sp\u00f8rsm\u00e5let kommer opp, er at partiets ungdomsorganisasjon SSU har <a href=\"https:\/\/www.expressen.se\/nyheter\/politik\/ssu-skicka-eu-soldater-for-att-forsvara-gronland\/\" rel=\"noopener nofollow\" target=\"_blank\">foresl\u00e5tt<\/a> \u00e5 sende soldater fra EU-land til Gr\u00f8nland for \u00e5 avskrekke USAs president Donald Trump.<\/p>\n<p data-testid=\"textWithMarkup-text\" data-v-81d7dc2b=\"\" data-v-62d58f52=\"\">\u2013 Norden og EU m\u00e5 naturligvis ha en dialog med Danmark om hvilken st\u00f8tte de vil ha fra sine venner, sier Andersson i intervjuet.<\/p>\n<p>Flere muligheter<\/p>\n<p data-testid=\"textWithMarkup-text\" data-v-81d7dc2b=\"\" data-v-62d58f52=\"\">Partilederen nevner ulike muligheter, som tettere samarbeid med EU, st\u00f8rre private investeringer p\u00e5 Gr\u00f8nland \u2013 eller \u00f8kt milit\u00e6rt n\u00e6rv\u00e6r. Andersson sier hun \u00abikke er fremmed\u00bb for noe av dette.<\/p>\n<p data-testid=\"textWithMarkup-text\" data-v-81d7dc2b=\"\" data-v-62d58f52=\"\">En forutsetning er at Danmark og Gr\u00f8nland ettersp\u00f8r denne typen st\u00f8tte.<\/p>\n<p data-testid=\"textWithMarkup-text\" data-v-81d7dc2b=\"\" data-v-62d58f52=\"\">P\u00e5 direkte sp\u00f8rsm\u00e5l om det kan v\u00e6re aktuelt \u00e5 sende svenske soldater til Gr\u00f8nland, svarer hun slik:<\/p>\n<p data-testid=\"textWithMarkup-text\" data-v-81d7dc2b=\"\" data-v-62d58f52=\"\">\u2013 Selvsagt, sammen med andre.<\/p>\n<p data-testid=\"textWithMarkup-text\" data-v-81d7dc2b=\"\" data-v-62d58f52=\"\">Gr\u00f8nland, som har stor grad av selvstyre, er en del av kongeriket Danmark. USAs president Donald Trump har flere ganger gitt uttrykk for at Gr\u00f8nland i stedet b\u00f8r bli en del av USA.<\/p>\n<p>Norske st\u00f8tter Danmark<\/p>\n<p data-testid=\"textWithMarkup-text\" data-v-81d7dc2b=\"\" data-v-62d58f52=\"\">P\u00e5 sp\u00f8rsm\u00e5l om det er aktuelt for Norge \u00e5 sende norske soldater til Gr\u00f8ndal, gitt at Danmark og Gr\u00f8nland ber om det, svarer statssekret\u00e6r Eivind Vad Petersson (Ap) i Utenriksdepartementet f\u00f8lgende:<\/p>\n<p data-testid=\"textWithMarkup-text\" data-v-81d7dc2b=\"\" data-v-62d58f52=\"\">\u2013 Gr\u00f8nland er en del av Kongeriket Danmark. Vi st\u00f8tter den danske regjeringens uttalelser og h\u00e5ndtering, sier han til NTB.<\/p>\n<p data-testid=\"textWithMarkup-text\" data-v-81d7dc2b=\"\" data-v-62d58f52=\"\">Statssekret\u00e6ren p\u00e5peker at norske styrker rutinemessig trener med soldater p\u00e5 Gr\u00f8nland, senest med heimevernssoldater i september i fjor.<\/p>\n<p>\u2013 Burde takke Danmark<\/p>\n<p data-testid=\"textWithMarkup-text\" data-v-81d7dc2b=\"\" data-v-62d58f52=\"\">Andersson var Sveriges statsminister fra 2021 til 2022. P\u00e5 konferansen i S\u00e4len deltar ogs\u00e5 sittende statsminister Ulf Kristersson, og han kritiserte s\u00f8ndag det han kalte USAs truende retorikk mot Danmark og Gr\u00f8nland.<\/p>\n<p data-testid=\"textWithMarkup-text\" data-v-81d7dc2b=\"\" data-v-62d58f52=\"\">\u2013 USA burde tvert imot takke Danmark, som gjennom \u00e5rene har v\u00e6rt en sv\u00e6rt lojal alliert, sa Kristersson.<\/p>\n<p data-testid=\"textWithMarkup-text\" data-v-81d7dc2b=\"\" data-v-62d58f52=\"\">Han advarte ogs\u00e5 om at sm\u00e5 land er s\u00e5rbare i en situasjon der den regelbaserte verdensordenen er under press. <\/p>\n<p data-testid=\"textWithMarkup-text\" data-v-81d7dc2b=\"\" data-v-62d58f52=\"\">\u2013 Det er farlig p\u00e5 flere m\u00e5ter. Risikoen for store konflikter \u00f8ker, men ogs\u00e5 risikoen for at mindre nasjoner ofres p\u00e5 veien. For et land som Sverige er dette veldig alvorlig, sa statsministeren.<\/p>\n","protected":false},"excerpt":{"rendered":"Det melder avisa Dagens ETC, som har intervjuet Andersson p\u00e5 en konferanse arrangert av foreningen Folk och F\u00f6rsvar&hellip;\n","protected":false},"author":2,"featured_media":134766,"comment_status":"","ping_status":"","sticky":false,"template":"","format":"standard","meta":{"footnotes":""},"categories":[12],"tags":[20,21,24,25,15,22,23,13,30,28,29,14,16,26,27,42,43,44,45],"class_list":{"0":"post-134765","1":"post","2":"type-post","3":"status-publish","4":"format-standard","5":"has-post-thumbnail","7":"category-verden","8":"tag-breaking-news","9":"tag-breakingnews","10":"tag-featured-news","11":"tag-featurednews","12":"tag-headlines","13":"tag-latest-news","14":"tag-latestnews","15":"tag-news","16":"tag-no","17":"tag-norge","18":"tag-norway","19":"tag-nyheter","20":"tag-overskrifter","21":"tag-top-stories","22":"tag-topstories","23":"tag-verden","24":"tag-world","25":"tag-world-news","26":"tag-worldnews"},"share_on_mastodon":{"url":"https:\/\/pubeurope.com\/@no\/115877487827244916","error":""},"_links":{"self":[{"href":"https:\/\/www.europesays.com\/no\/wp-json\/wp\/v2\/posts\/134765","targetHints":{"allow":["GET"]}}],"collection":[{"href":"https:\/\/www.europesays.com\/no\/wp-json\/wp\/v2\/posts"}],"about":[{"href":"https:\/\/www.europesays.com\/no\/wp-json\/wp\/v2\/types\/post"}],"author":[{"embeddable":true,"href":"https:\/\/www.europesays.com\/no\/wp-json\/wp\/v2\/users\/2"}],"replies":[{"embeddable":true,"href":"https:\/\/www.europesays.com\/no\/wp-json\/wp\/v2\/comments?post=134765"}],"version-history":[{"count":0,"href":"https:\/\/www.europesays.com\/no\/wp-json\/wp\/v2\/posts\/134765\/revisions"}],"wp:featuredmedia":[{"embeddable":true,"href":"https:\/\/www.europesays.com\/no\/wp-json\/wp\/v2\/media\/134766"}],"wp:attachment":[{"href":"https:\/\/www.europesays.com\/no\/wp-json\/wp\/v2\/media?parent=134765"}],"wp:term":[{"taxonomy":"category","embeddable":true,"href":"https:\/\/www.europesays.com\/no\/wp-json\/wp\/v2\/categories?post=134765"},{"taxonomy":"post_tag","embeddable":true,"href":"https:\/\/www.europesays.com\/no\/wp-json\/wp\/v2\/tags?post=134765"}],"curies":[{"name":"wp","href":"https:\/\/api.w.org\/{rel}","templated":true}]}}