{"id":134767,"date":"2026-01-11T16:48:07","date_gmt":"2026-01-11T16:48:07","guid":{"rendered":"https:\/\/www.europesays.com\/no\/134767\/"},"modified":"2026-01-11T16:48:07","modified_gmt":"2026-01-11T16:48:07","slug":"tenkte-at-livet-mitt-er-odelagt-nrk-ostfold-lokale-nyheter-tv-og-radio","status":"publish","type":"post","link":"https:\/\/www.europesays.com\/no\/134767\/","title":{"rendered":"\u2013 Tenkte at livet mitt er \u00f8delagt \u2013 NRK \u00d8stfold \u2013 Lokale nyheter, TV og radio"},"content":{"rendered":"<p>Saken oppsummert:<\/p>\n<ul>\n<li>\u2022Marie Veland (27) fikk et alvorlig nakkebrudd da en vaier r\u00f8k p\u00e5 et treningssenter i Moss.<\/li>\n<li>Forbrukerr\u00e5det advarer om at treningssentre befinner seg i en juridisk gr\u00e5sone med f\u00e5 rettigheter for brukerne.<\/li>\n<li>Senteret tar fullt ansvar for hendelsen, men understreker at slike uhell er sjeldne.<\/li>\n<li>Veland har politianmeldt treningssenteret og er kritisk til vedlikeholdet av utstyret.<\/li>\n<li>Forbrukerjurist p\u00e5peker at forbrukere mangler tilstrekkelig vern p\u00e5 treningssentre sammenlignet med andre tjenester.<\/li>\n<li>Marie st\u00e5r foran en lang opptreningsperiode og har m\u00e5ttet sette dr\u00f8mmen om fitnesskonkurranse p\u00e5 vent.<\/li>\n<\/ul>\n<p>Oppsummeringen er laget av en KI-tjeneste fra OpenAI. Innholdet er kvalitetssikret av NRKs journalister f\u00f8r publisering.<\/p>\n<p><strong>\u2013 Jeg h\u00f8rte bare et kraftig smell, og skj\u00f8nte ikke helt hva som skjedde.<\/strong><\/p>\n<p>Slik beskriver Marie Veland \u00f8yeblikket som snudde livet p\u00e5 hodet for en uke siden.<\/p>\n<p>27-\u00e5ringen var p\u00e5 treningssenteret Sporty i Moss og gjennomf\u00f8rte en mage\u00f8velse i et kabelapparat da utstyret sviktet totalt.<\/p>\n<p>Idet hun dro i treningsapparatet, r\u00f8k en vaier som falt over henne.<\/p>\n<p><strong>\u2013 Jeg f\u00e5r det over meg, og p\u00e5 det tauet er det en type metallklump. Jeg tror jeg har f\u00e5tt den i nakken, forklarer Veland til NRK.<\/strong><\/p>\n<p><img decoding=\"async\"   src=\"data:image\/gif;base64,R0lGODlhAQABAIAAAAAAAP\/\/\/yH5BAEAAAAALAAAAAABAAEAAAIBRAA7\" loading=\"eager\" alt=\"en kvinne ligger p\u00e5 bakken og f\u00e5r hjelp av n\u00f8detatene\" title=\"Foto: Privat\"\/><\/p>\n<p class=\"\">Her ligger Veland og f\u00e5r hjelp bare minutter etter ulykken som f\u00f8rte til at hun brakk nakken.<\/p>\n<p>Foto: Privat<\/p>\n<p>Senterleder ved Sporty i Moss, Sissal Bjerke Hansen, bekrefter hendelsesforl\u00f8pet.<\/p>\n<p>\u2013 Kabelen r\u00f8k i feste mellom kabel og h\u00e5ndtak. Det er veldig beklagelig at kabelen r\u00f8k, og at dette f\u00f8rte til en slik stor skade.<\/p>\n<p>Forbrukerr\u00e5dets r\u00e5d til deg som trener:<\/p>\n<p>Forbrukerjurist Thomas Iversen har f\u00f8lgende r\u00e5d for \u00e5 ivareta sikkerheten og rettighetene dine p\u00e5 treningssenter:<\/p>\n<ul>\n<li><strong>V\u00e6r observant:<\/strong> Ser du et apparat som virker slitt eller ikke fungerer som det skal? Ikke bruk det.<\/li>\n<li><strong>Si ifra:<\/strong> Varsle betjeningen eller bruk feilmelding-systemet umiddelbart. Ikke anta at andre gj\u00f8r det.<\/li>\n<li><strong>Vurder forsikring:<\/strong> En ulykkesforsikring kan v\u00e6re lurt, da skader p\u00e5 trening ofte faller inn under \u00abdagliglivets risiko\u00bb og ikke automatisk dekkes av senteret.<\/li>\n<li><strong>Krav p\u00e5 erstatning:<\/strong> For \u00e5 kreve erstatning m\u00e5 du kunne dokumentere et \u00f8konomisk tap (f.eks. tapt inntekt eller utgifter til behandling).<\/li>\n<li><strong>Ingen \u00abfasit\u00bb:<\/strong> Det finnes ingen spesifikk lov for treningssentre, s\u00e5 hver sak vurderes individuelt.<\/li>\n<\/ul>\n<p>Fryktet lammelse<\/p>\n<p>Slaget var s\u00e5 kraftig at Veland, som selv er sykepleier, forsto alvoret umiddelbart da hun ble liggende p\u00e5 gulvet.<\/p>\n<p><strong>\u2013 Jeg sa vel egentlig h\u00f8yt: \u00abOK, jeg tror jeg brakk nakken\u00bb. Som sykepleier tenker jeg det verste med en gang: \u00abShit, jeg kan bli lam\u00bb og f\u00e5 hele livet mitt \u00f8delagt.<\/strong><\/p>\n<p>P\u00e5 sykehuset ble marerittet bekreftet. Marie hadde p\u00e5dratt seg et ustabilt brudd i den \u00f8verste nakkevirvelen.<\/p>\n<p>\u2013 Da hylgriner jeg. For det er det verste som kan skje meg, sier 27-\u00e5ringen.<\/p>\n<p><a href=\"https:\/\/www.moss-avis.no\/marie-27-brakk-nakken-under-treningsokt-jeg-er-kjemperedd\/s\/5-67-2282227\" ec-id=\"https:\/\/www.moss-avis.no\/marie-27-brakk-nakken-under-treningsokt-jeg-er-kjemperedd\/s\/5-67-2282227\" ec-name=\"Moss Avis\" rel=\"nofollow noopener\" target=\"_blank\">Moss Avis<\/a> omtalte historien hennes f\u00f8rst.<\/p>\n<p>    <img alt=\"En kvinne i en sykehusseng med nakkekrage\"  loading=\"lazy\"\/><img alt=\"En kvinne ligger p\u00e5 en b\u00e5re med masse st\u00f8tteutstyr rundt nakken\"  loading=\"lazy\"\/><\/p>\n<p>Marie ble kj\u00f8rt til sykehuset og fikk der p\u00e5st\u00e5tt brudd i den \u00f8verste nakkevirvelen.<\/p>\n<p>Ingrid M Langvik \/ NRK<\/p>\n<p>\u2013 Skal ikke m\u00e5tte sjekke utstyret<\/p>\n<p>Veland har trent p\u00e5 det samme senteret siden 2017. Hun reagerer kraftig p\u00e5 at utstyr kan svikte p\u00e5 denne m\u00e5ten og stiller sp\u00f8rsm\u00e5l ved vedlikeholdet.<\/p>\n<p><img decoding=\"async\"   src=\"data:image\/gif;base64,R0lGODlhAQABAIAAAAAAAP\/\/\/yH5BAEAAAAALAAAAAABAAEAAAIBRAA7\" loading=\"eager\" alt=\"Kvinne med nakkekrage viser en trenings\u00f8velse med hendene over hodet\" title=\"Foto: Ingrid M Langvik \/ NRK\"\/><\/p>\n<p class=\"\">Her viser Veland frem \u00f8velsen hun gjorde da vaieren r\u00f8k og brakk nakken hennes.<\/p>\n<p>Foto: Ingrid M Langvik \/ NRK<\/p>\n<p><strong>\u2013 Jeg forventer jo n\u00e5r jeg betaler penger p\u00e5 et treningssenter at ting er i orden. Jeg skal ikke m\u00e5tte sjekke utstyret, sier hun.<\/strong><\/p>\n<p>Hun hevder ogs\u00e5 \u00e5 ha sett slitasje tidligere.<\/p>\n<p>\u2013 Det er jo flere av kabelmaskinene som har v\u00e6rt i ustand den siste tida.<\/p>\n<p>Senterleder Hansen opplyser at de hadde gjennomgang av utstyret f\u00f8r jul p\u00e5 treningssenteret, og at eksterne serviceteknikere utf\u00f8rte vedlikehold i b\u00e5de november og desember.<\/p>\n<p><img decoding=\"async\"   src=\"data:image\/gif;base64,R0lGODlhAQABAIAAAAAAAP\/\/\/yH5BAEAAAAALAAAAAABAAEAAAIBRAA7\" loading=\"eager\" alt=\"En person som ligger i sengen med en nakkekrage (Bildebeskrivelsen er laget av en KI-tjeneste)\" title=\"Foto: Ingrid M Langvik \/ NRK\"\/><\/p>\n<p class=\"\">Veland som tidligere var veldig aktiv, bruker n\u00e5 mest tid p\u00e5 \u00e5 hvile.<\/p>\n<p>Foto: Ingrid M Langvik \/ NRK<\/p>\n<p>Ikke samme rettigheter<\/p>\n<p>Selv om kunder forventer at utstyret er trygt, forklarer forbrukerjurist Thomas Iversen i Forbrukerr\u00e5det at treningssentre befinner seg i en juridisk gr\u00e5sone.<\/p>\n<p><strong>\u2013 Treningssenter er p\u00e5 mange m\u00e5ter et litt mer \u00ablovtomt rom\u00bb enn andre steder, sier Iversen.<\/strong><\/p>\n<p>Han trekker frem forskjellen p\u00e5 \u00e5 kj\u00f8pe en vare og det \u00e5 trene p\u00e5 et senter:<\/p>\n<p><strong>\u2013 Hvis du kj\u00f8per en bruktbil og opplever at den ikke er som avtalt, s\u00e5 har man jo klare rettigheter etter forbrukerkj\u00f8psloven. Samme type rettigheter har du ikke i lovverket for treningssenter, sier Iversen.<\/strong><\/p>\n<p><img decoding=\"async\"   src=\"data:image\/gif;base64,R0lGODlhAQABAIAAAAAAAP\/\/\/yH5BAEAAAAALAAAAAABAAEAAAIBRAA7\" loading=\"eager\" alt=\"En mann med skjegg foran det sn\u00f8dekte operataket i Oslo.\" title=\"Foto: Andrea Holm Tander\u00f8 \/ NRK\"\/><\/p>\n<p class=\"\">Forbrukerjurist Thomas Iversen mener man burde v\u00e6re like godt beskyttet p\u00e5 treningssenter som andre steder.<\/p>\n<p>Foto: Andrea Holm Tander\u00f8 \/ NRK<\/p>\n<p>\u2013 Treningssenteret vil kunne bli ansvarlig dersom de har fors\u00f8mt vedlikehold av utstyret, men i de aller fleste tilfellene er det et uhell. Alts\u00e5 at det er en materialsvikt som ingen kunne forutsett, forklarer juristen.<\/p>\n<p>Iversen viser til en <a href=\"https:\/\/www.nrk.no\/norge\/spinningulykke-havner-i-hoyesterett-1.14086938\" ec-id=\"pp:article:1.14086938\" ec-name=\"tidligere dom\" rel=\"nofollow noopener\" target=\"_blank\">tidligere dom<\/a> i H\u00f8yesterett ang\u00e5ende en spinningsykkel som knakk.<\/p>\n<p>Dommen plasserte ansvaret for \u00abdagliglivets risiko\u00bb hos brukeren, med mindre senteret har opptr\u00e5dt grovt uaktsomt.<\/p>\n<p><strong>\u2013 Du og jeg er selv ansvarlige der dagliglivets risiko sl\u00e5r ut. S\u00e5 blir sp\u00f8rsm\u00e5let: Hvor langt utafor dagliglivets risiko er dette? sp\u00f8r Iversen.<\/strong><\/p>\n<p>Han mener forbrukere burde v\u00e6rt bedre vernet.<\/p>\n<p>\u2013 Man burde jo v\u00e6rt like godt beskytta p\u00e5 treningssenter som ellers.<\/p>\n<p><img decoding=\"async\"   src=\"data:image\/gif;base64,R0lGODlhAQABAIAAAAAAAP\/\/\/yH5BAEAAAAALAAAAAABAAEAAAIBRAA7\" loading=\"eager\" alt=\"Kvinne med nakkekrage ser i kameraet\" title=\"Foto: Ingrid M Langvik \/ NRK\"\/><\/p>\n<p class=\"\">For Veland har livet endret seg totalt etter ulykken.<\/p>\n<p>Foto: Ingrid M Langvik \/ NRK<\/p>\n<p>\u2013 Tar fullt ansvar<\/p>\n<p>Til tross for det juridiske bakteppet, er senterleder Sissal Bjerke Hansen ved Sporty Moss tydelig p\u00e5 hvem som har skylden i denne konkrete saken.<\/p>\n<p><strong>\u2013 Vi har det fulle ansvaret for at utstyret er trygt og i forsvarlig stand, sier Hansen.<\/strong><\/p>\n<p>Likevel innr\u00f8mmer hun at uhell skjer.<\/p>\n<p><img decoding=\"async\"   src=\"data:image\/gif;base64,R0lGODlhAQABAIAAAAAAAP\/\/\/yH5BAEAAAAALAAAAAABAAEAAAIBRAA7\" loading=\"eager\" alt=\"En kvinne viser frem ulike nakkekrager\" title=\"Foto: Ingrid M Langvik \/ NRK\"\/><\/p>\n<p class=\"\">27-\u00e5ringen viser frem de ulike nakkekragene hun m\u00e5 bruke etter ulykken.<\/p>\n<p>Foto: Ingrid M Langvik \/ NRK<\/p>\n<p>\u2013 Kabler har r\u00f8ket f\u00f8r, men det er heldigvis sjeldent, og har ikke et slikt skadeomfang som Marie har opplevd. Sporty tar n\u00e5 en full gjennomgang av vedlikeholdsrutiner b\u00e5de lokalt og sentralt, sier Hansen.<\/p>\n<p><strong>Hun legger til at apparatet n\u00e5 er tatt ut av drift, og at en ekstern tekniker har hatt en fullstendig gjennomgang av senteret for \u00e5 kryssjekke alt utstyr.<\/strong><\/p>\n<p>Politianmeldt<\/p>\n<p>Veland har n\u00e5 anmeldt treningssenteret. Hun opplevde den f\u00f8rste kontakten med senteret som vag, og forteller at hun er bitter etter hendelsen.<\/p>\n<p>Senterleder Hansen sier p\u00e5 sin side at de har hatt god dialog med Marie i etterkant.<\/p>\n<p><img decoding=\"async\"   src=\"data:image\/gif;base64,R0lGODlhAQABAIAAAAAAAP\/\/\/yH5BAEAAAAALAAAAAABAAEAAAIBRAA7\" loading=\"eager\" alt=\"En kvinne som holder en telefon (Bildebeskrivelsen er laget av en KI-tjeneste)\" title=\"Foto: Ingrid M Langvik \/ NRK\"\/><\/p>\n<p class=\"\">Det har blitt mye tid p\u00e5 telefonen etter ulykken.<\/p>\n<p>Foto: Ingrid M Langvik \/ NRK<\/p>\n<p><strong>\u2013 Det er veldig beklagelig at hun har skadet seg, og v\u00e5re tanker g\u00e5r til Marie. Vi h\u00e5per hun kommer seg s\u00e5 raskt som mulig, sier Hansen.<\/strong><\/p>\n<p>For Marie handler fremtiden n\u00e5 om opptrening. Dr\u00f8mmen om \u00e5 stille i fitnesskonkurranse er satt p\u00e5 vent.<\/p>\n<p>\u2013 Akkurat n\u00e5 s\u00e5 er framtida veldig usikker. Jeg h\u00e5per jo at jeg kommer meg p\u00e5 beina igjen, men ting blir jo veldig utsatt. Men jeg er s\u00e5pass sta at planen min er \u00e5 komme p\u00e5 trening igjen s\u00e5 fort legene tillater det.<\/p>\n<p>Publisert<\/p>\n<p>11.01.2026, kl. 17.08<\/p>\n","protected":false},"excerpt":{"rendered":"Saken oppsummert: \u2022Marie Veland (27) fikk et alvorlig nakkebrudd da en vaier r\u00f8k p\u00e5 et treningssenter i Moss.&hellip;\n","protected":false},"author":2,"featured_media":134768,"comment_status":"","ping_status":"","sticky":false,"template":"","format":"standard","meta":{"footnotes":""},"categories":[10],"tags":[20,21,24,25,15,22,23,13,30,28,29,14,16,26,27],"class_list":{"0":"post-134767","1":"post","2":"type-post","3":"status-publish","4":"format-standard","5":"has-post-thumbnail","7":"category-norge","8":"tag-breaking-news","9":"tag-breakingnews","10":"tag-featured-news","11":"tag-featurednews","12":"tag-headlines","13":"tag-latest-news","14":"tag-latestnews","15":"tag-news","16":"tag-no","17":"tag-norge","18":"tag-norway","19":"tag-nyheter","20":"tag-overskrifter","21":"tag-top-stories","22":"tag-topstories"},"share_on_mastodon":{"url":"https:\/\/pubeurope.com\/@no\/115877491677161099","error":""},"_links":{"self":[{"href":"https:\/\/www.europesays.com\/no\/wp-json\/wp\/v2\/posts\/134767","targetHints":{"allow":["GET"]}}],"collection":[{"href":"https:\/\/www.europesays.com\/no\/wp-json\/wp\/v2\/posts"}],"about":[{"href":"https:\/\/www.europesays.com\/no\/wp-json\/wp\/v2\/types\/post"}],"author":[{"embeddable":true,"href":"https:\/\/www.europesays.com\/no\/wp-json\/wp\/v2\/users\/2"}],"replies":[{"embeddable":true,"href":"https:\/\/www.europesays.com\/no\/wp-json\/wp\/v2\/comments?post=134767"}],"version-history":[{"count":0,"href":"https:\/\/www.europesays.com\/no\/wp-json\/wp\/v2\/posts\/134767\/revisions"}],"wp:featuredmedia":[{"embeddable":true,"href":"https:\/\/www.europesays.com\/no\/wp-json\/wp\/v2\/media\/134768"}],"wp:attachment":[{"href":"https:\/\/www.europesays.com\/no\/wp-json\/wp\/v2\/media?parent=134767"}],"wp:term":[{"taxonomy":"category","embeddable":true,"href":"https:\/\/www.europesays.com\/no\/wp-json\/wp\/v2\/categories?post=134767"},{"taxonomy":"post_tag","embeddable":true,"href":"https:\/\/www.europesays.com\/no\/wp-json\/wp\/v2\/tags?post=134767"}],"curies":[{"name":"wp","href":"https:\/\/api.w.org\/{rel}","templated":true}]}}