{"id":134771,"date":"2026-01-11T16:55:10","date_gmt":"2026-01-11T16:55:10","guid":{"rendered":"https:\/\/www.europesays.com\/no\/134771\/"},"modified":"2026-01-11T16:55:10","modified_gmt":"2026-01-11T16:55:10","slug":"alta-folkehogskole-forst-i-landet-med-halvarskurs-pa-for-voksne-nrk-troms-og-finnmark","status":"publish","type":"post","link":"https:\/\/www.europesays.com\/no\/134771\/","title":{"rendered":"Alta folkeh\u00f8gskole f\u00f8rst i landet med halv\u00e5rskurs p\u00e5 for voksne \u2013 NRK Troms og Finnmark"},"content":{"rendered":"<p>\u2013 Flere burde gj\u00f8r dette, i stedet for \u00e5 sette seg ned foran TV-en n\u00e5r de blir pensjonister, sier Henrik Junker.<\/p>\n<p>Sammen med kj\u00e6resten Kari Jansson har 75-\u00e5ringen forlatt eneboligen i B\u00e6rum for \u00e5 oppleve et \u00e5r p\u00e5 Alta folkeh\u00f8gskole.<\/p>\n<p>N\u00e5 st\u00e5r de p\u00e5 skolekj\u00f8kkenet og pakker mat til en uke ute p\u00e5 Finnmarksvidda.<\/p>\n<p><img decoding=\"async\"   src=\"data:image\/gif;base64,R0lGODlhAQABAIAAAAAAAP\/\/\/yH5BAEAAAAALAAAAAABAAEAAAIBRAA7\" loading=\"eager\" alt=\"en mann og en kvinne som ser p\u00e5 hverandre (Bildebeskrivelsen er laget av en KI-tjeneste)\" title=\"Foto: Kristian S\u00f8nvisen Bye \/ NRK\"\/><\/p>\n<p class=\"\">Henrik Junker og Kari Jansson gleder seg til \u00e5 utforske Finnmark. <\/p>\n<p>Foto: Kristian S\u00f8nvisen Bye \/ NRK<\/p>\n<p>Svaret kommer lynkjapt n\u00e5r vi sp\u00f8r hva deres f\u00f8rste tanke var da de h\u00f8rte om folkeh\u00f8gskole for voksne:<\/p>\n<p><strong>\u2013 N\u00e5 har vi sjansen!<\/strong><\/p>\n<p>Alta folkeh\u00f8gskole er den eneste i landet med et halvt \u00e5rs tilbud for voksne over 40 \u00e5r. Gjennom flere samlinger skal elevene f\u00e5 oppleve det beste Finnmark har \u00e5 by p\u00e5.<\/p>\n<p>\u2013 Vi f\u00e5r oppleve en natur her oppe som vi ikke har p\u00e5 \u00f8stlandet, sier Junker.<\/p>\n<p>Han fastsl\u00e5r at prisen p\u00e5 kurset heller ikke er mer enn en sydentur for to.<\/p>\n<p>\u2013 Men mye bedre, f\u00f8yer kj\u00e6resten kjapt til.<\/p>\n<p>\u2013 Flinkere til \u00e5 f\u00f8lge dr\u00f8mmer<\/p>\n<p>Junker er den eldste p\u00e5 kurset og mener det er viktig \u00e5 ikke la seg stoppe av alderen.<\/p>\n<p>\u2013 Mange mener vi er s\u00e5 t\u00f8ffe, men jeg ser annerledes p\u00e5 det. Dette er jo en fantastisk mulighet til unike naturopplevelser, sier han.<\/p>\n<p>Ekteparet Anne Kristin Rolstad og Frank Oskar Buvarp er hjertens enig.<\/p>\n<p><strong>\u2013 Folk b\u00f8r kanskje bli litt flinkere til \u00e5 f\u00f8lge dr\u00f8mmer. Og ikke bruke s\u00e5 mye penger p\u00e5 alt mulig som bare blir st\u00e5ende i skap, sier Rolstad.<\/strong><\/p>\n<p>\u2013 Vi har for mye boder i Norge.<\/p>\n<p><img decoding=\"async\"   src=\"data:image\/gif;base64,R0lGODlhAQABAIAAAAAAAP\/\/\/yH5BAEAAAAALAAAAAABAAEAAAIBRAA7\" loading=\"eager\" alt=\"Et smilende og sprekt ektepar i seksti\u00e5rene sittende i en smal seng \" title=\"Foto: Kristian S\u00f8nvisen Bye \/ NRK\"\/><\/p>\n<p class=\"\">Forholdet til ekteparet Anne Kristin Rolstad og Frank Buvarp blomstrer p\u00e5 12 kvadratmeter p\u00e5 Alta folkeh\u00f8gskole. <\/p>\n<p>Foto: Kristian S\u00f8nvisen Bye \/ NRK<\/p>\n<p>Begge er over 60 \u00e5r, men n\u00e5 sitter de tett i tett p\u00e5 en smal seng p\u00e5 internatet ved Alta folkeh\u00f8gskole.<\/p>\n<p><strong>\u2013 Vi krangler jo aldri n\u00e5r vi er p\u00e5 tur.<\/strong><\/p>\n<p>\u2013 Kranglingen skjer jo mellom husets fire vegger. Om hvem som skal gj\u00f8re hva, sier Rolstad.<\/p>\n<p><img decoding=\"async\"   src=\"data:image\/gif;base64,R0lGODlhAQABAIAAAAAAAP\/\/\/yH5BAEAAAAALAAAAAABAAEAAAIBRAA7\" loading=\"eager\" alt=\"Voksne personer tar et \u00e5r p\u00e5 folkeh\u00f8gskole i Alta i Finnmark.\" title=\"Foto: Privat\"\/><\/p>\n<p class=\"\">Elevene f\u00e5r nyte arktisk natur gjennom alle \u00e5rstider i l\u00f8pet av flere samlinger. <\/p>\n<p>Foto: Privat<\/p>\n<p>Ekteparet har kommet n\u00e6rmere hverandre etter at de kom til skolen.<\/p>\n<p>Tidligere reiste gjerne hun ut i verden, mens han s\u00f8kte til fiskevann i Norge under ferier.<\/p>\n<p>\u2013 Men n\u00e5 gj\u00f8r vi noe sammen igjen, og vi ser jo at det tror jeg er veldig bra for forholdet, sier Rolstad.<\/p>\n<p>Ektemannen nikker. Han har jobbet som bonde hele livet og har m\u00e5ttet la b\u00e5de fisketang og hagle st\u00f8ve ned i mange \u00e5r.<\/p>\n<p>\u2013 N\u00e5 gj\u00f8r jeg et lite comeback, sier han glisende.<\/p>\n<p>\u2013 Misunnelig p\u00e5 datteren<\/p>\n<p>Kristin Toft fra Troms\u00f8 er nylig blitt pensjonist. 65-\u00e5ringen medgir at hun aldri hadde h\u00f8rt om at det eksisterte et slikt tilbud for voksne f\u00f8r.<\/p>\n<p><strong>\u2013 Men jeg har v\u00e6rt litt misunnelig p\u00e5 datteren min da hun gikk p\u00e5 folkeh\u00f8gskole. S\u00e5nn sett er det jo en dr\u00f8m dette, sier Toft.<\/strong><\/p>\n<p><img decoding=\"async\"   src=\"data:image\/gif;base64,R0lGODlhAQABAIAAAAAAAP\/\/\/yH5BAEAAAAALAAAAAABAAEAAAIBRAA7\" loading=\"eager\" alt=\"Voksne personer tar et \u00e5r p\u00e5 folkeh\u00f8gskole i Alta i Finnmark.\" title=\"Foto: Privat\"\/><\/p>\n<p class=\"\">Anne Kristin Rolstad, Inger Strand og Kristin Toft storkoser seg i teltet p\u00e5 Finnmarksvidda. <\/p>\n<p>Foto: Privat<\/p>\n<p>L\u00e6rer Lars Krempig, ogs\u00e5 kjent som pappa til Villmarksbarna fra TV-serien med samme navn, er kjempehappy.<\/p>\n<p>Han har over flere \u00e5r ruget p\u00e5 tanken om at skolen burde slippe til voksne. Under en villmarksmesse s\u00f8rp\u00e5 i fjor kom det en direkte foresp\u00f8rsel, og da tenkte han:<\/p>\n<p>\u2013 N\u00e5 er det p\u00e5 tide!<\/p>\n<p><img decoding=\"async\"   src=\"data:image\/gif;base64,R0lGODlhAQABAIAAAAAAAP\/\/\/yH5BAEAAAAALAAAAAABAAEAAAIBRAA7\" loading=\"eager\" alt=\"Lars Krempig p\u00e5 rypejakt.\" title=\"Foto: Privat\"\/><\/p>\n<p class=\"\">L\u00e6rer Lars Krempig mener det er lurt \u00e5 ha flere bein \u00e5 st\u00e5 p\u00e5. <\/p>\n<p>Foto: Privat<\/p>\n<p>Krempig har stor tro p\u00e5 \u00e5 la eldre og unge m\u00f8tes, og han mener det ikke er s\u00e5 mange justeringer som m\u00e5 til for \u00e5 ta imot folk som er litt opp i \u00e5rene.<\/p>\n<p>\u2013 Men det er klart; noen forholdsregler m\u00e5 man ta. Vi har jo folk som g\u00e5r p\u00e5 nitroglysering for hjertet, sier han med glimt i \u00f8yet.<\/p>\n<p><strong>Krempig understreker at kurset ikke betinger at man er i superduper form.<\/strong><\/p>\n<p>Og ikke minst beroliger han dem som liker tak over hodet:<\/p>\n<p>\u2013 P\u00e5 turene ligger vi noen ganger i telt, men stort sett tar vi inn p\u00e5 fjellstuer.<\/p>\n<p>Forebygger ensomhet og depresjon<\/p>\n<p>Daglige leder ved Nasjonalt senter for aldring og helse, Kari Midtb\u00f8 Kristiansen, mener det aldri er for sent \u00e5 l\u00e6re eller pr\u00f8ve noe nytt.<\/p>\n<p><strong>Hun sier at for \u00e5 forebygge ensomhet og depresjon, samt skr\u00f8pelighet og demens hos eldre, s\u00e5 er det viktig \u00e5 v\u00e6re sosialt aktiv, holde kroppen i funksjon og trene hjernen.<\/strong><\/p>\n<p>\u2013 Og alt dette tenker jeg at man f\u00e5r gjort p\u00e5 en fantastisk m\u00e5te gjennom et s\u00e5nt tiltak, sier Kristiansen.<\/p>\n<ul class=\"dhpg__gallery__list\">\n<li class=\"dhpg__gallery__listItem\"><img alt=\"en person med gr\u00f8nne briller (Bildebeskrivelsen er laget av en KI-tjeneste)\"  width=\"2400\" height=\"2400\" loading=\"lazy\"\/>Kari Midtb\u00f8 Kristiansen\n<ul>\n<li>Daglig leder Nasjonalt senter for aldring og helse<\/li>\n<\/ul>\n<\/li>\n<\/ul>\n<p>Hun synes det er s\u00e6rlig flott \u00e5 h\u00f8re at den voksne elevgruppa bor sammen med de unge p\u00e5 skolen.<\/p>\n<p>\u2013 Det er nettopp slik jeg tenker at vi b\u00f8r jobbe fremover. At vi skaper varme, gode, rause samfunn, hvor vi blir kjent med, og kan bidra for hverandre, p\u00e5 tvers av generasjoner.<\/p>\n<p><strong>\u2013 Jeg blir veldig glad av \u00e5 h\u00f8re om dette.<\/strong><\/p>\n<p>Anne Kristin Rolstad og Frank Buvarp merker at tiden flyr, og at de selv har begynt \u00e5 miste venner.<\/p>\n<p>\u2013 Som d\u00f8r, sier Rolstad.<\/p>\n<p>Ekteparet mener det er viktig \u00e5 ikke utsette ting.<\/p>\n<p><strong>\u2013 Det er mange som sier at de skal vente til de blir pensjonist. Men man kan ikke vente. Man m\u00e5 gj\u00f8re det s\u00e5 lenge man har helsa i behold, sier de samstemt.<\/strong><\/p>\n<p><img decoding=\"async\"   src=\"data:image\/gif;base64,R0lGODlhAQABAIAAAAAAAP\/\/\/yH5BAEAAAAALAAAAAABAAEAAAIBRAA7\" loading=\"eager\" alt=\"en kvinne som g\u00e5r opp et bratt fjell (Bildebeskrivelsen er laget av en KI-tjeneste)\" title=\"Foto: Privat\"\/><\/p>\n<p class=\"\">Anne Kristin Rolstad storkoser seg p\u00e5 friluftslinja i Finnmark. <\/p>\n<p>Foto: Privat<\/p>\n<p>Publisert<\/p>\n<p>11.01.2026, kl. 16.39<\/p>\n<p>Oppdatert<\/p>\n<p>11.01.2026, kl. 17.53<\/p>\n","protected":false},"excerpt":{"rendered":"\u2013 Flere burde gj\u00f8r dette, i stedet for \u00e5 sette seg ned foran TV-en n\u00e5r de blir pensjonister,&hellip;\n","protected":false},"author":2,"featured_media":134772,"comment_status":"","ping_status":"","sticky":false,"template":"","format":"standard","meta":{"footnotes":""},"categories":[10],"tags":[20,21,24,25,15,22,23,13,30,28,29,14,16,26,27],"class_list":{"0":"post-134771","1":"post","2":"type-post","3":"status-publish","4":"format-standard","5":"has-post-thumbnail","7":"category-norge","8":"tag-breaking-news","9":"tag-breakingnews","10":"tag-featured-news","11":"tag-featurednews","12":"tag-headlines","13":"tag-latest-news","14":"tag-latestnews","15":"tag-news","16":"tag-no","17":"tag-norge","18":"tag-norway","19":"tag-nyheter","20":"tag-overskrifter","21":"tag-top-stories","22":"tag-topstories"},"share_on_mastodon":{"url":"https:\/\/pubeurope.com\/@no\/115877519214043265","error":""},"_links":{"self":[{"href":"https:\/\/www.europesays.com\/no\/wp-json\/wp\/v2\/posts\/134771","targetHints":{"allow":["GET"]}}],"collection":[{"href":"https:\/\/www.europesays.com\/no\/wp-json\/wp\/v2\/posts"}],"about":[{"href":"https:\/\/www.europesays.com\/no\/wp-json\/wp\/v2\/types\/post"}],"author":[{"embeddable":true,"href":"https:\/\/www.europesays.com\/no\/wp-json\/wp\/v2\/users\/2"}],"replies":[{"embeddable":true,"href":"https:\/\/www.europesays.com\/no\/wp-json\/wp\/v2\/comments?post=134771"}],"version-history":[{"count":0,"href":"https:\/\/www.europesays.com\/no\/wp-json\/wp\/v2\/posts\/134771\/revisions"}],"wp:featuredmedia":[{"embeddable":true,"href":"https:\/\/www.europesays.com\/no\/wp-json\/wp\/v2\/media\/134772"}],"wp:attachment":[{"href":"https:\/\/www.europesays.com\/no\/wp-json\/wp\/v2\/media?parent=134771"}],"wp:term":[{"taxonomy":"category","embeddable":true,"href":"https:\/\/www.europesays.com\/no\/wp-json\/wp\/v2\/categories?post=134771"},{"taxonomy":"post_tag","embeddable":true,"href":"https:\/\/www.europesays.com\/no\/wp-json\/wp\/v2\/tags?post=134771"}],"curies":[{"name":"wp","href":"https:\/\/api.w.org\/{rel}","templated":true}]}}