{"id":134773,"date":"2026-01-11T17:04:17","date_gmt":"2026-01-11T17:04:17","guid":{"rendered":"https:\/\/www.europesays.com\/no\/134773\/"},"modified":"2026-01-11T17:04:17","modified_gmt":"2026-01-11T17:04:17","slug":"nyheter-brann-nina-ble-vitne-til-at-nabohuset-brant-ned-det-er-helt-uvirkelig-telemarksavisa","status":"publish","type":"post","link":"https:\/\/www.europesays.com\/no\/134773\/","title":{"rendered":"Nyheter, Brann | Nina ble vitne til at nabohuset brant ned: \u2013 Det er helt uvirkelig &#8211; Telemarksavisa"},"content":{"rendered":"<ol>\n<li><a href=\"https:\/\/news.google.com\/rss\/articles\/CBMinAFBVV95cUxPdXhsaXlNSXR6d2xKYi10RTN4SDZUV1V3ZE91TG9PX3BUT1B3SE4wcDRXQndGNzNsZVZkTmJ0dnltMW1RNTlVM0JsMi1rSzlqUVBJSWRMd2hIdHVMQlEtUzJVNmF4aWQzTlIwcC1GVmVsOXZOUEhzbTRoWlk2RHl6aF9zRl9PeTZ5WFliNldRU0oyM2xuWFJ6dG9GQjg?oc=5\" target=\"_blank\" rel=\"nofollow noopener\">Nyheter, Brann | Nina ble vitne til at nabohuset brant ned: \u2013 Det er helt uvirkelig<\/a>&nbsp;&nbsp;Telemarksavisa<\/li>\n<li><a href=\"https:\/\/news.google.com\/rss\/articles\/CBMiqgFBVV95cUxOSnAwQ1JmWHoyVTRsTkhfQ3JIamZHMVZxcUtJZ3c1Ulo2ajFObmhBT0ppcHhnN3YySzJ0ZDFOYWZMSnhIcDkwcUc0bVhnc3NNY01oSWtpdUxKbGs0UExyM0pfNG53bUxUQmhrR2xyR2ZZYTZsenRQU3RabmdSdlhRREh5RUZvYWRmVDFOdkw1UDZYbG9qenJ0TDFRUHMtOGx2clJDdTVjN3ZOZw?oc=5\" target=\"_blank\" rel=\"nofollow noopener\">Enebolig fullstendig nedbrent. Slik ser branntomta ut<\/a>&nbsp;&nbsp;varden.no<\/li>\n<li><a href=\"https:\/\/news.google.com\/rss\/articles\/CBMidEFVX3lxTE1RUENaVnBaZzJBSXpRcXFtbnItRVpwRTZPMlh6aURlTzQxNldvaGNZOXMxTkhWZlVJaFctU29XS1ZuNm5MaEluQXVTRkVnUTNzcjRfOGFJOEtwb2RFV3cxZlBxcFp1NkVfakQ5MWJRMzA0MzNJ?oc=5\" target=\"_blank\" rel=\"nofollow noopener\">Enebolig totalskadet i brann \u2013 Siste nytt<\/a>&nbsp;&nbsp;NRK<\/li>\n<li><a href=\"https:\/\/news.google.com\/rss\/articles\/CBMisAFBVV95cUxNZnN2Z001SGdrVkdDeTNraUd4cVRMNHdBd3YwbWdSY1dHOTFkT3FPOUFNTV8zb3RWdk5DRG5CY0QxMzRXYm1ZbEZmREhTSGlyMHZyeEZIWVhLdTZ2SXJuMVRJblZGYlNIZ0lLSW10LU5paVJ4ZXRMVFRPdW5tNjZoZGF6REU3djI0UEtOdUJ5R2dMRnZJQ2Z6M28xWlZJMVVWR1VXTldxM3RNenJtc3pOeA?oc=5\" target=\"_blank\" rel=\"nofollow noopener\">Brann herjer bolig i Brevik \u2013 huset er totalskadet, slukking p\u00e5g\u00e5r utover s\u00f8ndag morgen<\/a>&nbsp;&nbsp;Porsgrunns Dagblad<\/li>\n<li><a href=\"https:\/\/news.google.com\/rss\/articles\/CBMisgFBVV95cUxOVm13TW53YkduenpFaENFZmZ6a2RSM0lZZ1RhblVCMnVYam5tTlpJTkQ5ZVFUNjN0SExmVTNERXZBNFQ3aXFSUE1Zcmd2LXYzcmtoVHdSLTRLT1dDUUpsU1N6djZQMll1eWtmaHFVRTJOa3NuMnlESmktYXdrcE5obTZaa3VMVVJOc2xFYl8zdGJYSkJiVjI2MDhySm9GckRvRTVpQWlUWmlZMmdxNWhuVzhB?oc=5\" target=\"_blank\" rel=\"nofollow noopener\">(+) Kraftig r\u00f8ykutvikling i bolig i Telemark \u2013 to personer i god behold<\/a>&nbsp;&nbsp;folkebladet.no<\/li>\n<\/ol>\n","protected":false},"excerpt":{"rendered":"Nyheter, Brann | Nina ble vitne til at nabohuset brant ned: \u2013 Det er helt uvirkelig&nbsp;&nbsp;Telemarksavisa Enebolig fullstendig&hellip;\n","protected":false},"author":2,"featured_media":134774,"comment_status":"","ping_status":"","sticky":false,"template":"","format":"standard","meta":{"footnotes":""},"categories":[10],"tags":[20,21,24,25,15,22,23,13,30,28,29,14,16,26,27],"class_list":{"0":"post-134773","1":"post","2":"type-post","3":"status-publish","4":"format-standard","5":"has-post-thumbnail","7":"category-norge","8":"tag-breaking-news","9":"tag-breakingnews","10":"tag-featured-news","11":"tag-featurednews","12":"tag-headlines","13":"tag-latest-news","14":"tag-latestnews","15":"tag-news","16":"tag-no","17":"tag-norge","18":"tag-norway","19":"tag-nyheter","20":"tag-overskrifter","21":"tag-top-stories","22":"tag-topstories"},"share_on_mastodon":{"url":"https:\/\/pubeurope.com\/@no\/115877554727095345","error":""},"_links":{"self":[{"href":"https:\/\/www.europesays.com\/no\/wp-json\/wp\/v2\/posts\/134773","targetHints":{"allow":["GET"]}}],"collection":[{"href":"https:\/\/www.europesays.com\/no\/wp-json\/wp\/v2\/posts"}],"about":[{"href":"https:\/\/www.europesays.com\/no\/wp-json\/wp\/v2\/types\/post"}],"author":[{"embeddable":true,"href":"https:\/\/www.europesays.com\/no\/wp-json\/wp\/v2\/users\/2"}],"replies":[{"embeddable":true,"href":"https:\/\/www.europesays.com\/no\/wp-json\/wp\/v2\/comments?post=134773"}],"version-history":[{"count":0,"href":"https:\/\/www.europesays.com\/no\/wp-json\/wp\/v2\/posts\/134773\/revisions"}],"wp:featuredmedia":[{"embeddable":true,"href":"https:\/\/www.europesays.com\/no\/wp-json\/wp\/v2\/media\/134774"}],"wp:attachment":[{"href":"https:\/\/www.europesays.com\/no\/wp-json\/wp\/v2\/media?parent=134773"}],"wp:term":[{"taxonomy":"category","embeddable":true,"href":"https:\/\/www.europesays.com\/no\/wp-json\/wp\/v2\/categories?post=134773"},{"taxonomy":"post_tag","embeddable":true,"href":"https:\/\/www.europesays.com\/no\/wp-json\/wp\/v2\/tags?post=134773"}],"curies":[{"name":"wp","href":"https:\/\/api.w.org\/{rel}","templated":true}]}}