{"id":134777,"date":"2026-01-11T17:07:16","date_gmt":"2026-01-11T17:07:16","guid":{"rendered":"https:\/\/www.europesays.com\/no\/134777\/"},"modified":"2026-01-11T17:07:16","modified_gmt":"2026-01-11T17:07:16","slug":"jennifer-garner-om-skilsmissen-med-ben-affleck","status":"publish","type":"post","link":"https:\/\/www.europesays.com\/no\/134777\/","title":{"rendered":"Jennifer Garner om skilsmissen med Ben Affleck:"},"content":{"rendered":"<p class=\"kicker \" style=\"\">Jennifer Garner og Ben Affleck:<\/p>\n<p>    I en sjelden uttalelse tar skuespilleren bladet fra munnen om det smertefulle bruddet med Hollywood-stjernen.\u00a0<\/p>\n<p>\n    2014: Ben Affleck and Jennifer Garner kom sammen h\u00e5nd i h\u00e5nd p\u00e5 den \u00e5rlige Oscar-utdelingen i 2014. Ett \u00e5r senere r\u00f8per de skilsmissen. Foto: David Fisher\/REX\/NTB\n  <\/p>\n<p>Blant de aller mest ikoniske stjerneparene fra 2000-tallet finner man blant andre Jennifer Garner (53) og Ben Affleck (53). Men det var tilsynelatende ikke kj\u00e6rlighet ved f\u00f8rste \u00f8yekast for paret som m\u00f8ttes i 2000 under innspillingen av \u00abPearl Harbor\u00bb.<\/p>\n<p>Riktignok tok det fire \u00e5r f\u00f8r romantikken blomstret mellom duoen. Jennifer var nemlig gift med Scott Foley (53) fra 2000 til 2004,\u00a0samtidig som Ben ble forlovet med navnes\u00f8steren Jennifer Lopez (56). <\/p>\n<p>        &#8211; EKLE: Chrissy Teigen kritiserer Ben Affleck og Matthew Perry etter at disse videoen av dem sirkulerer p\u00e5 nettet. Video: Privat. Reporter: Elias Kr. Zahl-Pettersen<\/p>\n<p>Skilt etter ti \u00e5r\t<\/p>\n<p>Tre \u00e5r etter deres f\u00f8rste m\u00f8te ble de f\u00f8rst sammen igjen under innspillingen av\u00a0\u00abDaredevil\u00bb, og det p\u00e5f\u00f8lgende \u00e5ret gjorde skuespiller-paret sin f\u00f8rste offentlige debut som kj\u00e6rester under en Red Sox World Series-kamp i 2004.\u00a0<\/p>\n<p>Samme \u00e5r br\u00f8t Ben og J.Lo forlovelsen, og Jennifer og Scott separerte seg i april i 2003.<\/p>\n<p>        <img loading=\"lazy\" decoding=\"async\" src=\"https:\/\/www.europesays.com\/no\/wp-content\/uploads\/2026\/01\/84073805.webp.webp\" width=\"667\" height=\"848\" title=\"ROMANSE: Skuespillerne gikk fra \u00e5 v\u00e6re kollegaer til kj\u00e6rester. Her er de avbildet sammen under \u00abDaredevil\u00bb-premieren i 2003. Foto: Bei\/REX\/NTB\" alt=\"\" class=\"\" style=\"--aspect-ratio-image: 0.79; \"\/><\/p>\n<p>\n        ROMANSE: Skuespillerne gikk fra \u00e5 v\u00e6re kollegaer til kj\u00e6rester. Her er de avbildet sammen under \u00abDaredevil\u00bb-premieren i 2003. Foto: Bei\/REX\/NTB\n    <\/p>\n<p>I 2005 ringte kirkeklokkene blant palmer og b\u00f8lgesus i Turks and Caicos, og med det var Jennifer og Ben endelig gift.\u00a0<\/p>\n<p>Men etter ti \u00e5r som par begynte ekteskapet \u00e5 sl\u00e5 sprekker, og dagen etter deres tiende bryllupsdag\u00a0bekreftet duoen selv at de skulle skilles.<\/p>\n<p>    <a itemprop=\"url\" href=\"https:\/\/www.seher.no\/kjendis\/deler-gladmelding-var-i-sjokk\/84068929\" rel=\"nofollow noopener\" target=\"_blank\"><\/p>\n<p>        <img loading=\"lazy\" decoding=\"async\" src=\"https:\/\/www.europesays.com\/no\/wp-content\/uploads\/2026\/01\/84068994.webp.webp\" width=\"980\" height=\"441\" title=\"Deler gladmelding: - Var i sjokk\" alt=\"\" class=\"lazyload\" style=\"--aspect-ratio-image: 2.22; \"\/><\/p>\n<p>        Deler gladmelding: &#8211; Var i sjokk<\/p>\n<p>    <\/a><\/p>\n<p>\u00abEtter n\u00f8ye vurdering har vi tatt den vanskelige beslutningen om \u00e5 skilles. Vi har fortsatt kj\u00e6rlighet og vennskap til hverandre, og en forpliktelse til \u00e5 oppdra barna v\u00e5re sammen\u00bb.<\/p>\n<p>\u00abVi ber om at barnas privatliv blir respektert i denne vanskelige tiden. Dette er v\u00e5r eneste kommentar om denne private familiesituasjonen. Takk for forst\u00e5elsen\u00bb, skrev de i en uttalelse, if\u00f8lge\u00a0<a href=\"http:\/\/www.people.com\/article\/ben-affleck-jennifer-garner-split\" rel=\"nofollow noopener\" target=\"_blank\">People<\/a>.<\/p>\n<p>        ROMANSERYKTER: Sondre Sundby har endelig f\u00e5tt seg kj\u00e6reste, men r\u00f8per at dama kan bli sjalu p\u00e5 forholdet hans til \u00abFarmen kjendis\u00bb-kollegaen. Reporter: Thea Hope\/Nora Skavhaug. Video: Sanne Holt\/ TV 2\/ R\u00f8d L\u00f8per<\/p>\n<p>&#8211; Det var vanskelig\t<\/p>\n<p>Den siste tiden av ekteskapet mellom Jennifer og Ben skal ha v\u00e6rt sv\u00e6rt turbulent, og spesielt utroskap knyttet til\u00a0sistnevnte\u00a0skapte store oppslag i avisene.<\/p>\n<p>Til tross for anklagene og spekulasjoner rundt bruddet, har det tidligere paret likevel vist igjen og igjen at de fortsatt har stor kj\u00e6rlighet for hverandre, og at de tre barna st\u00e5r sentralt i deres relasjon.\u00a0<\/p>\n<p>        <img loading=\"lazy\" decoding=\"async\" src=\"https:\/\/www.europesays.com\/no\/wp-content\/uploads\/2026\/01\/84073704.webp.webp\" width=\"686\" height=\"796\" title=\"2020: Trebarnsforeldrene har delt p\u00e5 omsorgen for barna etter at de gikk fra hverandre, og har ved flere tilfeller dukket opp sammen i offentligheten. Foto: Broadimage\/Shutterstock\/NTB\" alt=\"\" class=\"\" style=\"--aspect-ratio-image: 0.86; \"\/><\/p>\n<p>\n        2020: Trebarnsforeldrene har delt p\u00e5 omsorgen for barna etter at de gikk fra hverandre, og har ved flere tilfeller dukket opp sammen i offentligheten. Foto: Broadimage\/Shutterstock\/NTB\n    <\/p>\n<p>Nesten \u00e5tte \u00e5r etter at paret gikk hver til sitt, deler n\u00e5 Jennifer \u00e5penhjertig om bruddet i et nytt intervju med <a href=\"https:\/\/www.marieclaire.co.uk\/fashion\/jennifer-garner\" target=\"_blank\" rel=\"nofollow noopener\">Marie Claire U.K<\/a>. Her forteller 53-\u00e5ringen hvor tungt det var \u00e5 h\u00e5ndtere skilsmissen.<\/p>\n<p>&#8211; Du m\u00e5 tenke smart hva gjelder ting du klarer \u00e5 h\u00e5ndtere og ikke &#8211; og jeg klarte ikke \u00e5 h\u00e5ndtere det som fantes der ute. Men det som fantes der ute var ikke det som var vanskelig, forteller hun til magasinet, og legger til:<\/p>\n<p>    <a itemprop=\"url\" href=\"https:\/\/www.seher.no\/kjendis\/full-forvirring-etter-brude-bilde\/84072233\" rel=\"nofollow noopener\" target=\"_blank\"><\/p>\n<p>        <img loading=\"lazy\" decoding=\"async\" src=\"https:\/\/www.europesays.com\/no\/wp-content\/uploads\/2026\/01\/1768151233_696_84072550.webp.webp\" width=\"980\" height=\"441\" title=\"Full forvirring etter \u00abbrude\u00bb-bilde\" alt=\"\" class=\"lazyload\" style=\"--aspect-ratio-image: 2.22; \"\/><\/p>\n<p>        Full forvirring etter \u00abbrude\u00bb-bilde<\/p>\n<p>    <\/a><\/p>\n<p>&#8211; Det at familien ble splittet var vanskelig. \u00c5 miste en ekte partner og et vennskap var vanskelig.\u00a0<\/p>\n<p>&#8211; Tiden leger alle s\u00e5r\t<\/p>\n<p>I dag samarbeider de tidligere ektefellene om de tre barna deres, Violet (20), Seraphina (17) og Samuel (13). <\/p>\n<p>        <img loading=\"lazy\" decoding=\"async\" src=\"https:\/\/www.europesays.com\/no\/wp-content\/uploads\/2026\/01\/84073772.webp.webp\" width=\"686\" height=\"762\" title=\"TREBARNSMAMMA: Jennifer er tydelig p\u00e5 hvor viktige barna er i livet hennes. Her med d\u00f8trene Violet og Seraphina, og s\u00f8nnen Samuel i armene. Foto: NTB Scanpix\" alt=\"\" class=\"\" style=\"--aspect-ratio-image: 0.90; \"\/><\/p>\n<p>\n        TREBARNSMAMMA: Jennifer er tydelig p\u00e5 hvor viktige barna er i livet hennes. Her med d\u00f8trene Violet og Seraphina, og s\u00f8nnen Samuel i armene. Foto: NTB Scanpix\n    <\/p>\n<p>Garner og Affleck har de siste \u00e5rene opprettholdt relasjonen til fordel for deres barn, som de har felles omsorg for. Affleck har p\u00e5 denne tiden b\u00e5de giftet seg og senere skilt seg fra sin tidligere forlovede, Jennifer Lopez.\u00a0<\/p>\n<p>Parets turbulente forhold har naturlig nok ogs\u00e5 g\u00e5tt sin seiersgang i mediene, men Garner innr\u00f8mmer at hun holder seg unna sladder og rykter om sitt privatliv.<\/p>\n<p>    <a itemprop=\"url\" href=\"https:\/\/www.seher.no\/kjendis\/greys-anatomy-stjerne-roper-sjelden-diagnose\/84061072\" rel=\"nofollow noopener\" target=\"_blank\"><\/p>\n<p>        <img loading=\"lazy\" decoding=\"async\" src=\"https:\/\/www.europesays.com\/no\/wp-content\/uploads\/2026\/01\/1768151236_270_84061627.webp.webp\" width=\"980\" height=\"441\" title=\"\u00abGrey's Anatomy\u00bb-stjerne r\u00f8per sjelden diagnose\" alt=\"\" class=\"lazyload\" style=\"--aspect-ratio-image: 2.22; \"\/><\/p>\n<p>        \u00abGrey&#8217;s Anatomy\u00bb-stjerne r\u00f8per sjelden diagnose<\/p>\n<p>    <\/a><\/p>\n<p>Hun\u00a0 forklarer at hun unng\u00e5r \u00e5 lese nyheter og sladder om seg selv, og peker p\u00e5 at det verken tjener henne eller barna.\u00a0<\/p>\n<p>\u00abMen tiden leger alle s\u00e5r\u00bb, mener Garner, og deler et tydelig budskap til kvinner som sliter med lignende opplevelser:<\/p>\n<p>        KREVENDE INNSPILLING: David Eriksen \u00e5pner seg om hvordan det var \u00e5 spille inn \u00abAlle elsker David\u00bb samtidig som Tone Damlis s\u00f8ster gikk bort. Reporter: Nora Skavhaug. Video: Sanne Holt\/ R\u00f8d L\u00f8per\/ TV 2<\/p>\n<p>&#8211; Det er viktig for kvinner \u00e5 vite, n\u00e5r de tenker \u00ab\u00c5, jeg kommer aldri til \u00e5 se det, jeg kommer aldri til \u00e5 ha den f\u00f8lelsen, jeg kommer aldri til \u00e5 v\u00e6re venner med denne personen igjen\u00bb, at tiden leger alle s\u00e5r, sier hun til Marie Claire UK.<\/p>\n<p>Skuespilleren understreker at hun alltid har prioritert barna, selv med en travel Hollywood-karriere.\u00a0<\/p>\n","protected":false},"excerpt":{"rendered":"Jennifer Garner og Ben Affleck: I en sjelden uttalelse tar skuespilleren bladet fra munnen om det smertefulle bruddet&hellip;\n","protected":false},"author":2,"featured_media":134778,"comment_status":"","ping_status":"","sticky":false,"template":"","format":"standard","meta":{"footnotes":"","_share_on_mastodon":"0"},"categories":[58],"tags":[7454,4104,71,14194,479,30,28,29,4031,14525,72],"class_list":["post-134777","post","type-post","status-publish","format-standard","has-post-thumbnail","category-underholdning","tag-ben-affleck","tag-eksklusivt","tag-entertainment","tag-jennifer-garner","tag-kjendis","tag-no","tag-norge","tag-norway","tag-skilsmisse","tag-snakker-ut","tag-underholdning"],"share_on_mastodon":{"url":"https:\/\/pubeurope.com\/@no\/115877566468112716","error":""},"_links":{"self":[{"href":"https:\/\/www.europesays.com\/no\/wp-json\/wp\/v2\/posts\/134777","targetHints":{"allow":["GET"]}}],"collection":[{"href":"https:\/\/www.europesays.com\/no\/wp-json\/wp\/v2\/posts"}],"about":[{"href":"https:\/\/www.europesays.com\/no\/wp-json\/wp\/v2\/types\/post"}],"author":[{"embeddable":true,"href":"https:\/\/www.europesays.com\/no\/wp-json\/wp\/v2\/users\/2"}],"replies":[{"embeddable":true,"href":"https:\/\/www.europesays.com\/no\/wp-json\/wp\/v2\/comments?post=134777"}],"version-history":[{"count":0,"href":"https:\/\/www.europesays.com\/no\/wp-json\/wp\/v2\/posts\/134777\/revisions"}],"wp:featuredmedia":[{"embeddable":true,"href":"https:\/\/www.europesays.com\/no\/wp-json\/wp\/v2\/media\/134778"}],"wp:attachment":[{"href":"https:\/\/www.europesays.com\/no\/wp-json\/wp\/v2\/media?parent=134777"}],"wp:term":[{"taxonomy":"category","embeddable":true,"href":"https:\/\/www.europesays.com\/no\/wp-json\/wp\/v2\/categories?post=134777"},{"taxonomy":"post_tag","embeddable":true,"href":"https:\/\/www.europesays.com\/no\/wp-json\/wp\/v2\/tags?post=134777"}],"curies":[{"name":"wp","href":"https:\/\/api.w.org\/{rel}","templated":true}]}}