{"id":134779,"date":"2026-01-11T17:09:09","date_gmt":"2026-01-11T17:09:09","guid":{"rendered":"https:\/\/www.europesays.com\/no\/134779\/"},"modified":"2026-01-11T17:09:09","modified_gmt":"2026-01-11T17:09:09","slug":"vart-beste-ar-noen-gang-e24","status":"publish","type":"post","link":"https:\/\/www.europesays.com\/no\/134779\/","title":{"rendered":"\u2013 V\u00e5rt beste \u00e5r noen gang \u2013 E24"},"content":{"rendered":"<p class=\"fullWidthDesktop hyperion-css-71ztg2\" data-test-tag=\"lead-text\">Atle Brynestad forteller om bedre tider for Christiania Glasmagasin, etter to \u00e5r med store tap. <\/p>\n<p><img decoding=\"async\" class=\"image-asset hyperion-css-u06ts1\" data-test-tag=\"image-asset\" src=\"https:\/\/www.europesays.com\/no\/wp-content\/uploads\/2026\/01\/6fa18f98-7864-4c0b-adfa-6d55c636c002.jpeg\"  alt=\"RINGREV: P\u00e5 slutten av 80-tallet var Atle Brynestad en av landets rikeste. Kapital har ham n\u00e5 utenfor topp 400, men beregner fremdeles en milliardformue. \"  loading=\"eager\" fetchpriority=\"high\" style=\"aspect-ratio:1900 \/ 1267\"\/>RINGREV: P\u00e5 slutten av 80-tallet var Atle Brynestad en av landets rikeste. Kapital har ham n\u00e5 utenfor topp 400, men beregner fremdeles en milliardformue. Foto: Skjalg B\u00f8hmer Vold \/ E24Publisert: Publisert: <\/p>\n<p>For mindre enn 30 minutter siden<\/p>\n<p>Kortversjonen<\/p>\n<ul class=\"hyperion-css-pkq1ci\" data-test-tag=\"list\">\n<li class=\"hyperion-css-12h2ush\">Etter flere \u00e5r med store tap melder Atle Brynestad om kraftig opptur for Christiania Glasmagasin.<\/li>\n<li class=\"hyperion-css-12h2ush\">Antall butikk-nedleggelser er redusert og betalingsanmerkninger er slettet, sier han.<\/li>\n<li class=\"hyperion-css-12h2ush\">Regnskapet er ikke klart enn\u00e5, men Brynestad sier \u00abdet ser veldig bra ut\u00bb. <\/li>\n<\/ul>\n<p class=\"hyperion-css-10lbhat\">Oppsummeringen er laget av AI-verkt\u00f8yet ChatGPT og kvalitetssikret av E24s journalister<\/p>\n<p>Vis mer <\/p>\n<ul class=\"hyperion-css-pte5x0\">\n<li aria-label=\"link\" class=\"narrow-button hyperion-css-1sz7d3n\">Kopier lenke<\/li>\n<li aria-label=\"link\" class=\"wide-button hyperion-css-1sz7d3n\">Kopier lenke<\/li>\n<li aria-label=\"facebook\" class=\"narrow-button hyperion-css-1sz7d3n\">Del p\u00e5 Facebook<\/li>\n<li aria-label=\"facebook\" class=\"wide-button hyperion-css-1sz7d3n\">Del p\u00e5 Facebook<\/li>\n<li aria-label=\"email\" class=\"narrow-button hyperion-css-1sz7d3n\">Del med e-post<\/li>\n<li aria-label=\"email\" class=\"wide-button hyperion-css-1sz7d3n\">Del med e-post<\/li>\n<\/ul>\n<p class=\"hyperion-css-1lemvax\">Mange husker ham nok best som grunnlegger av varehuskjeden Smart Club. Andre forbinder ham kanskje f\u00f8rst og fremst med fotballklubben Lyn, som han eide p\u00e5 starten av tusentallet. <\/p>\n<p class=\"hyperion-css-1lemvax\">N\u00e5 er det cruise og porselen som opptar Atle Brynestad (72). <\/p>\n<p class=\"hyperion-css-1lemvax\">Gjennom konsernet 3 Norske eier milliard\u00e6ren blant annet rederiet SeaDream, produksjonsbedriften Hadeland Glassverk og butikkjeden Christiania Glasmagasin.<\/p>\n<p class=\"hyperion-css-1lemvax\">Det har v\u00e6rt noen t\u00f8ffe \u00e5r, s\u00e6rlig for sistnevnte virksomhet. De siste tilgjengelige regnskapene viser samlet underskudd p\u00e5 67 millioner kroner for Christiania Glasmagasin i 2023 og 2024, av en omsetning p\u00e5 640 millioner totalt. <\/p>\n<p class=\"hyperion-css-1lemvax\">For \u00e5 snu trenden har en rekke butikker blitt lagt ned de siste \u00e5rene, men langt p\u00e5 n\u00e6r s\u00e5 mange som f\u00f8rst forespeilet. Da 2023-regnskapet ble levert, s\u00e5 de for seg \u00e5 kutte inntil 17 av 43. <\/p>\n<p class=\"hyperion-css-1lemvax\">Men utviklingen har \u00absnudd veldig\u00bb, if\u00f8lge Brynestad. 17 nedleggelser har blitt nedjustert til syv, og i T\u00f8nsberg har de bygget en ny og tre ganger s\u00e5 stor butikk. <\/p>\n<p>Hundre prosent ajour<\/p>\n<p class=\"hyperion-css-1lemvax\">Samtidig har det v\u00e6rt tegn til betydelige likviditetsproblemer de siste \u00e5rene. For et \u00e5r siden var det registrert over 60 betalingsanmerkninger p\u00e5 Christiania Glasmagasin. <\/p>\n<p class=\"hyperion-css-1lemvax\">Brynestad forklarte det med at \u00f8konomiavdelingen rett og slett ikke hadde hatt tid til \u00e5 slette sakene, men at alt var betalt. <\/p>\n<p class=\"hyperion-css-1lemvax\">Da E24 m\u00f8tte ham p\u00e5 NHOs \u00e5rskonferanse onsdag denne uken var det fremdeles mange betalingsanmerkninger registrert \u2013 40 i tallet. Kreditor var stort sett kj\u00f8pesenterselskapet Citycon.<\/p>\n<p class=\"hyperion-css-1lemvax\">Ogs\u00e5 dette var gamle saker som bare ikke var blitt slettet, forklarte investoren. <\/p>\n<p class=\"hyperion-css-1lemvax\">\u2013 Christiania Glasmagasin skylder ingen husleie noe sted. Vi er hundre prosent ajour med alt. <\/p>\n<p class=\"hyperion-css-1lemvax\">Dagen etter var betalingsanmerkningene borte. <\/p>\n<p>Kraftig fremgang<\/p>\n<p class=\"hyperion-css-1lemvax\">Det er gjennomg\u00e5ende gode tider om dagen, b\u00e5de innen reiseliv og varehandel, fremholder Brynestad.<\/p>\n<p class=\"hyperion-css-1lemvax\">\u2013 Str\u00f8mkrisen er over, vi har f\u00e5tt kontroll p\u00e5 energikostnadene v\u00e5re. Og s\u00e5 har varehandelen begynt \u00e5 ta seg opp igjen etter covid, sier han.<\/p>\n<p><img decoding=\"async\" class=\"image-asset hyperion-css-u06ts1\" data-test-tag=\"image-asset\" src=\"https:\/\/www.europesays.com\/no\/wp-content\/uploads\/2026\/01\/df71f2ca-ab84-42b6-89dd-d967e91865b3.jpeg\"  alt=\"Atle Brynestad grunnla Smart Club p\u00e5 90-tallet. Kjeden finnes ikke lenger. \"  loading=\"eager\" fetchpriority=\"high\" style=\"aspect-ratio:1900 \/ 1267\"\/>Atle Brynestad grunnla Smart Club p\u00e5 90-tallet. Kjeden finnes ikke lenger. Foto: Trond Solberg \/ VG \/ NTB<\/p>\n<p class=\"hyperion-css-1lemvax\">Regnskapet for 2025 er ikke klart, men Brynestad forteller at det ble en \u00abkraftig resultatfremgang\u00bb. <\/p>\n<p class=\"hyperion-css-1lemvax\">\u2013 Det har faktisk g\u00e5tt bedre enn vi trodde. Det er nok v\u00e5rt beste \u00e5r noen gang. <\/p>\n<p class=\"hyperion-css-1lemvax\">\u2013 Ble det overskudd? <\/p>\n<p class=\"hyperion-css-1lemvax\">\u2013 Det ser veldig bra ut. <\/p>\n<p class=\"hyperion-css-1lemvax\">Han forteller at fokus har v\u00e6rt p\u00e5 produktutvikling og innovasjon. <\/p>\n<p class=\"hyperion-css-1lemvax\">\u2013 Vi har blant annet tatt en mye sterkere posisjon innen kj\u00f8kken og gaver. <\/p>\n<p class=\"hyperion-css-1lemvax\">\u2013 Hva er n\u00f8kkelen for \u00e5 lykkes innen varehandel om dagen? <\/p>\n<p class=\"hyperion-css-1lemvax\">\u2013 F\u00f8rst og fremst at du m\u00e5 ha gode varer, s\u00e5 kommer alt det andre i tillegg. <\/p>\n<p class=\"hyperion-css-1lemvax\">Brynestad forteller om et polarisert marked, der mange kj\u00f8per billigvarer p\u00e5 nett fra andre land, samtidig som en annen stor gruppe velger \u00abkvalitetsvarer med godt design\u00bb. <\/p>\n<p class=\"hyperion-css-1lemvax\">Landskapet midt i mellom er et farlig sted \u00e5 v\u00e6re, fremholder han. <\/p>\n<p class=\"hyperion-css-1lemvax\">\u2013 Hvis du ikke har en tydelig profil s\u00e5 er det veldig vanskelig. Det vil ogs\u00e5 forvirre kundene. <\/p>\n","protected":false},"excerpt":{"rendered":"Atle Brynestad forteller om bedre tider for Christiania Glasmagasin, etter to \u00e5r med store tap. RINGREV: P\u00e5 slutten&hellip;\n","protected":false},"author":2,"featured_media":134780,"comment_status":"","ping_status":"","sticky":false,"template":"","format":"standard","meta":{"footnotes":""},"categories":[56],"tags":[60,61,62,30,28,29],"class_list":{"0":"post-134779","1":"post","2":"type-post","3":"status-publish","4":"format-standard","5":"has-post-thumbnail","7":"category-naeringsliv","8":"tag-business","9":"tag-economy","10":"tag-naeringsliv","11":"tag-no","12":"tag-norge","13":"tag-norway"},"share_on_mastodon":{"url":"https:\/\/pubeurope.com\/@no\/115877574298090472","error":""},"_links":{"self":[{"href":"https:\/\/www.europesays.com\/no\/wp-json\/wp\/v2\/posts\/134779","targetHints":{"allow":["GET"]}}],"collection":[{"href":"https:\/\/www.europesays.com\/no\/wp-json\/wp\/v2\/posts"}],"about":[{"href":"https:\/\/www.europesays.com\/no\/wp-json\/wp\/v2\/types\/post"}],"author":[{"embeddable":true,"href":"https:\/\/www.europesays.com\/no\/wp-json\/wp\/v2\/users\/2"}],"replies":[{"embeddable":true,"href":"https:\/\/www.europesays.com\/no\/wp-json\/wp\/v2\/comments?post=134779"}],"version-history":[{"count":0,"href":"https:\/\/www.europesays.com\/no\/wp-json\/wp\/v2\/posts\/134779\/revisions"}],"wp:featuredmedia":[{"embeddable":true,"href":"https:\/\/www.europesays.com\/no\/wp-json\/wp\/v2\/media\/134780"}],"wp:attachment":[{"href":"https:\/\/www.europesays.com\/no\/wp-json\/wp\/v2\/media?parent=134779"}],"wp:term":[{"taxonomy":"category","embeddable":true,"href":"https:\/\/www.europesays.com\/no\/wp-json\/wp\/v2\/categories?post=134779"},{"taxonomy":"post_tag","embeddable":true,"href":"https:\/\/www.europesays.com\/no\/wp-json\/wp\/v2\/tags?post=134779"}],"curies":[{"name":"wp","href":"https:\/\/api.w.org\/{rel}","templated":true}]}}