{"id":134783,"date":"2026-01-11T17:12:46","date_gmt":"2026-01-11T17:12:46","guid":{"rendered":"https:\/\/www.europesays.com\/no\/134783\/"},"modified":"2026-01-11T17:12:46","modified_gmt":"2026-01-11T17:12:46","slug":"mira-deler-sine-erfaringer-i-nrk-serien-tabu-nrk-sorlandet-lokale-nyheter-tv-og-radio","status":"publish","type":"post","link":"https:\/\/www.europesays.com\/no\/134783\/","title":{"rendered":"Mira deler sine erfaringer i NRK-serien \u00abTabu\u00bb \u2013 NRK S\u00f8rlandet \u2013 Lokale nyheter, TV og radio"},"content":{"rendered":"<p>Saken oppsummert:<\/p>\n<ul>\n<li>Mira Lillemor Hildebrandt deltar i NRK-serien \u00abTabu\u00bb for \u00e5 vise mangfoldet i hvordan Tourettes syndrom kan oppleves.<\/li>\n<li>Hun \u00f8nsker \u00e5 bryte stigmaet rundt diagnosen og vise at man kan leve et godt liv med Tourettes.<\/li>\n<li>Mira opplever det som slitsomt n\u00e5r folk alltid kommenterer eller gj\u00f8r en greie ut av hennes tics, men mener det er lov \u00e5 le i passende situasjoner.<\/li>\n<li>Tidligere har hun opplevd ubehagelige situasjoner med voksne som gjorde narr av henne, noe som har motivert henne til \u00e5 jobbe med barn og \u00f8ke forst\u00e5elsen for diagnosen.<\/li>\n<li>Hun studerer til \u00e5 bli barnehagel\u00e6rer og \u00f8nsker \u00e5 bruke sine erfaringer til \u00e5 hjelpe barn med \u00e5 f\u00f8le seg mindre alene.<\/li>\n<li>Mira er stolt og takknemlig for \u00e5 ha deltatt i serien, som hun mener bruker humor p\u00e5 en vennlig m\u00e5te.<\/li>\n<\/ul>\n<p>Oppsummeringen er laget av en KI-tjeneste fra OpenAI. Innholdet er kvalitetssikret av NRKs journalister f\u00f8r publisering. <\/p>\n<p><strong>\u2013 Det er s\u00e5 viktig med \u00e5penhet rundt det. Det er s\u00e5 mye stigma rundt hvordan Tourettes syndrom ser ut.<\/strong><\/p>\n<p>Det sier 23 \u00e5r gamle Mira Lillemor Hildebrandt fra Vennesla til NRK.<\/p>\n<p>Hun har diagnosen Tourettes syndrom, og er en av deltagerne man blir kjent med i den nye NRK-serien \u00abTabu\u00bb.<\/p>\n<p>I programmet tar komiker Lars Berrum med gjester som representerer ulike samfunnstabuer p\u00e5 hyttetur.<\/p>\n<p>Gjennom \u00e5pne samtaler deler de personlige historier og utfordringer, som senere blir utgangspunkt for Berrums humoristiske show, med gjestene p\u00e5 f\u00f8rste rad.<\/p>\n<p><img decoding=\"async\"   src=\"data:image\/gif;base64,R0lGODlhAQABAIAAAAAAAP\/\/\/yH5BAEAAAAALAAAAAABAAEAAAIBRAA7\" loading=\"eager\" alt=\"en gruppe mennesker som poserer for et bilde p\u00e5 en \u00e5ker (Bildebeskrivelsen er laget av en KI-tjeneste)\" title=\"Foto: Vidar Josdal \/ NRK\"\/><\/p>\n<p class=\"\">Mira Lillemor Hildebrandt fra Vennesla (til venstre) er med i den f\u00f8rste episoden av den nye NRK-serien \u00abTabu\u00bb, sammen med tre andre med Tourettes syndrom. <\/p>\n<p>Foto: Vidar Josdal \/ NRK<\/p>\n<p>Mira forteller at hun ble med i programmet for \u00e5 vise at det finnes forskjellige typer Tourettes syndrom, og alle sidene ved det.<\/p>\n<p><strong>\u2013 Man kan fortsatt ha et greit liv selv om man har Tourettes. Det er lov \u00e5 k\u00f8dde med det, men man m\u00e5 ogs\u00e5 snakke om det, sier Mira.<\/strong><\/p>\n<p>\u2013 Slitsomt<\/p>\n<p>Vennd\u00f8len forteller at hun har tics der hun blant annet kan plystre, banne, blunke og riste.<\/p>\n<p>Hun sier det verste er n\u00e5r noen gj\u00f8r en \u00abgreie\u00bb ut av det hver gang hun f\u00e5r tics.<\/p>\n<p><strong>\u2013 At det alltid skal v\u00e6re g\u00f8y og p\u00e5pekes er veldig slitsomt.<\/strong><\/p>\n<p>Mira mener det er lov \u00e5 le og tulle med det hvis det er noe som er veldig g\u00f8y, eller hvis man ikke er vant med tics.<\/p>\n<p>Noen ganger kan latter ogs\u00e5 gj\u00f8re situasjonen mer komfortabel for b\u00e5de henne og de rundt.<\/p>\n<p>\u2013 Hvis jeg begynner \u00e5 le av meg selv, kan andre forst\u00e5 at det er lov \u00e5 le innimellom.<\/p>\n<p>Hun legger til:<\/p>\n<p><strong>\u2013 Men hvis det kommer en reaksjon hver gang jeg f\u00e5r tics, blir jeg stresset over at jeg tar mye oppmerksomhet.<\/strong><\/p>\n<p><img decoding=\"async\"   src=\"data:image\/gif;base64,R0lGODlhAQABAIAAAAAAAP\/\/\/yH5BAEAAAAALAAAAAABAAEAAAIBRAA7\" loading=\"eager\" alt=\"Touretts-button\" title=\"Foto: Tom-Richard Hanssen Olsen \/ NRK\"\/><\/p>\n<p class=\"\">Mira syns det er greit \u00e5 le av ting hun sier innimellom, men at det kan bli slitsomt hvis det p\u00e5pekes for ofte.<\/p>\n<p>Foto: Tom-Richard Hanssen Olsen \/ NRK<\/p>\n<p>Noen \u00e5r tilbake jobbet Mira i Dyreparken i Kristiansand. Hun forteller at hun opplevde at voksne mennesker kommenterte og ga henne blikk.<\/p>\n<p><strong>\u2013 Voksne stod og pekte p\u00e5 meg. De hvisket til ungene sine at de skulle se p\u00e5 meg, og gjorde narr, forteller Mira.<\/strong><\/p>\n<p>At barn skal forst\u00e5, og bli kjent med diagnosen hennes er noe Mira brenner for.<\/p>\n<p>23-\u00e5ringen studerer n\u00e5 til \u00e5 bli barnehagel\u00e6rer p\u00e5 Universitetet i Agder.<\/p>\n<p>\u2013 Min motivasjon er \u00e5 kunne bruke egne erfaringer til \u00e5 forst\u00e5 og hjelpe barn som kanskje f\u00f8ler seg alene, sier Mira.<\/p>\n<p>Stolt og takknemlig<\/p>\n<p>At det blir laget et humoristisk show av hennes og de andre deltagernes personlige historier og utfordringer, syns Mira er artig.<\/p>\n<p>\u2013 Det er jo bare tull, og det er veldig vennlig.<\/p>\n<p>Mira har gode ord om \u00e5 ha v\u00e6rt med som deltager i serien.<\/p>\n<p><strong>\u2013 Jeg blir veldig stolt og takknemlig over \u00e5 ha v\u00e6rt med. Jeg sitter igjen med takknemlighet.<\/strong><\/p>\n<ul>\n<li>F\u00f8rste episode med Mira og tre andre med Tourettes syndrom kan du se her:<\/li>\n<\/ul>\n<p>Hvordan f\u00f8les det \u00e5 alltid m\u00e5tte si det som ikke er lov? Lars Berrum m\u00f8ter fire personer med Tourettes syndrom.<\/p>\n<p>Publisert<\/p>\n<p>10.01.2026, kl. 10.24<\/p>\n","protected":false},"excerpt":{"rendered":"Saken oppsummert: Mira Lillemor Hildebrandt deltar i NRK-serien \u00abTabu\u00bb for \u00e5 vise mangfoldet i hvordan Tourettes syndrom kan&hellip;\n","protected":false},"author":2,"featured_media":134784,"comment_status":"","ping_status":"","sticky":false,"template":"","format":"standard","meta":{"footnotes":""},"categories":[5],"tags":[20,21,24,25,15,19,22,23,17,18,13,30,28,29,14,16,26,27],"class_list":{"0":"post-134783","1":"post","2":"type-post","3":"status-publish","4":"format-standard","5":"has-post-thumbnail","7":"category-overskrifter","8":"tag-breaking-news","9":"tag-breakingnews","10":"tag-featured-news","11":"tag-featurednews","12":"tag-headlines","13":"tag-hovedoppslag","14":"tag-latest-news","15":"tag-latestnews","16":"tag-main-news","17":"tag-mainnews","18":"tag-news","19":"tag-no","20":"tag-norge","21":"tag-norway","22":"tag-nyheter","23":"tag-overskrifter","24":"tag-top-stories","25":"tag-topstories"},"share_on_mastodon":{"url":"https:\/\/pubeurope.com\/@no\/115877589998477509","error":""},"_links":{"self":[{"href":"https:\/\/www.europesays.com\/no\/wp-json\/wp\/v2\/posts\/134783","targetHints":{"allow":["GET"]}}],"collection":[{"href":"https:\/\/www.europesays.com\/no\/wp-json\/wp\/v2\/posts"}],"about":[{"href":"https:\/\/www.europesays.com\/no\/wp-json\/wp\/v2\/types\/post"}],"author":[{"embeddable":true,"href":"https:\/\/www.europesays.com\/no\/wp-json\/wp\/v2\/users\/2"}],"replies":[{"embeddable":true,"href":"https:\/\/www.europesays.com\/no\/wp-json\/wp\/v2\/comments?post=134783"}],"version-history":[{"count":0,"href":"https:\/\/www.europesays.com\/no\/wp-json\/wp\/v2\/posts\/134783\/revisions"}],"wp:featuredmedia":[{"embeddable":true,"href":"https:\/\/www.europesays.com\/no\/wp-json\/wp\/v2\/media\/134784"}],"wp:attachment":[{"href":"https:\/\/www.europesays.com\/no\/wp-json\/wp\/v2\/media?parent=134783"}],"wp:term":[{"taxonomy":"category","embeddable":true,"href":"https:\/\/www.europesays.com\/no\/wp-json\/wp\/v2\/categories?post=134783"},{"taxonomy":"post_tag","embeddable":true,"href":"https:\/\/www.europesays.com\/no\/wp-json\/wp\/v2\/tags?post=134783"}],"curies":[{"name":"wp","href":"https:\/\/api.w.org\/{rel}","templated":true}]}}