{"id":134789,"date":"2026-01-11T17:18:08","date_gmt":"2026-01-11T17:18:08","guid":{"rendered":"https:\/\/www.europesays.com\/no\/134789\/"},"modified":"2026-01-11T17:18:08","modified_gmt":"2026-01-11T17:18:08","slug":"vaeret-snur-na-blir-det-sludd-regn-og-plussgrader-i-oslo","status":"publish","type":"post","link":"https:\/\/www.europesays.com\/no\/134789\/","title":{"rendered":"V\u00e6ret snur \u2013 n\u00e5 blir det sludd, regn og plussgrader i Oslo"},"content":{"rendered":"<p class=\"extendedContent hyperion-css-eyn926\" data-test-tag=\"lead-text\">Regn, regn og atter regn. Plussgradene er p\u00e5 trappene, og det er en gr\u00e5 uke i vente for Oslo og deler av \u00d8stlandet.<\/p>\n<p><img decoding=\"async\" class=\"image-asset hyperion-css-u06ts1\" data-test-tag=\"image-asset\" src=\"https:\/\/www.europesays.com\/no\/wp-content\/uploads\/2026\/01\/eb2194f9-925b-4f47-a920-63835a2c8d19.jpeg\"  alt=\"L\u00f8rdag var det gode forhold for skitur i Oslo. Det var folksomt i l\u00f8ypene p\u00e5 Frognerseteren, der dette bildet er tatt.\"  loading=\"eager\" fetchpriority=\"high\" style=\"aspect-ratio:2048 \/ 1366\"\/>L\u00f8rdag var det gode forhold for skitur i Oslo. Det var folksomt i l\u00f8ypene p\u00e5 Frognerseteren, der dette bildet er tatt. Foto: Marte Gundersen <\/p>\n<p>Publisert: 11.01.2026 17:44<\/p>\n<p class=\"paywall hyperion-css-1j42uic\">Til glede for oslofolk har helgen imidlertid bydd p\u00e5 det som trolig er sesongens f\u00f8rste skihelg i hovedstaden. Det har v\u00e6rt tett i tett med langrennsl\u00f8pere i de mest popul\u00e6re skil\u00f8ypene.<\/p>\n<p class=\"paywall hyperion-css-1j42uic\">Men gleden blir dessverre kortvarig, skal vi tro v\u00e6rmeldingene. B\u00e5de Yr og Storm viser plussgrader og regn i Oslo de neste ukene.<\/p>\n<p class=\"hyperion-css-1qm9e9t\">Les hele saken med abonnement<\/p>\n<p>Allerede abonnent? Logg inn<\/p>\n","protected":false},"excerpt":{"rendered":"Regn, regn og atter regn. Plussgradene er p\u00e5 trappene, og det er en gr\u00e5 uke i vente for&hellip;\n","protected":false},"author":2,"featured_media":134790,"comment_status":"","ping_status":"","sticky":false,"template":"","format":"standard","meta":{"footnotes":""},"categories":[10],"tags":[20,21,24,25,15,22,23,13,30,28,29,14,16,26,27],"class_list":{"0":"post-134789","1":"post","2":"type-post","3":"status-publish","4":"format-standard","5":"has-post-thumbnail","7":"category-norge","8":"tag-breaking-news","9":"tag-breakingnews","10":"tag-featured-news","11":"tag-featurednews","12":"tag-headlines","13":"tag-latest-news","14":"tag-latestnews","15":"tag-news","16":"tag-no","17":"tag-norge","18":"tag-norway","19":"tag-nyheter","20":"tag-overskrifter","21":"tag-top-stories","22":"tag-topstories"},"share_on_mastodon":{"url":"https:\/\/pubeurope.com\/@no\/115877609735293331","error":""},"_links":{"self":[{"href":"https:\/\/www.europesays.com\/no\/wp-json\/wp\/v2\/posts\/134789","targetHints":{"allow":["GET"]}}],"collection":[{"href":"https:\/\/www.europesays.com\/no\/wp-json\/wp\/v2\/posts"}],"about":[{"href":"https:\/\/www.europesays.com\/no\/wp-json\/wp\/v2\/types\/post"}],"author":[{"embeddable":true,"href":"https:\/\/www.europesays.com\/no\/wp-json\/wp\/v2\/users\/2"}],"replies":[{"embeddable":true,"href":"https:\/\/www.europesays.com\/no\/wp-json\/wp\/v2\/comments?post=134789"}],"version-history":[{"count":0,"href":"https:\/\/www.europesays.com\/no\/wp-json\/wp\/v2\/posts\/134789\/revisions"}],"wp:featuredmedia":[{"embeddable":true,"href":"https:\/\/www.europesays.com\/no\/wp-json\/wp\/v2\/media\/134790"}],"wp:attachment":[{"href":"https:\/\/www.europesays.com\/no\/wp-json\/wp\/v2\/media?parent=134789"}],"wp:term":[{"taxonomy":"category","embeddable":true,"href":"https:\/\/www.europesays.com\/no\/wp-json\/wp\/v2\/categories?post=134789"},{"taxonomy":"post_tag","embeddable":true,"href":"https:\/\/www.europesays.com\/no\/wp-json\/wp\/v2\/tags?post=134789"}],"curies":[{"name":"wp","href":"https:\/\/api.w.org\/{rel}","templated":true}]}}