{"id":134797,"date":"2026-01-11T17:25:27","date_gmt":"2026-01-11T17:25:27","guid":{"rendered":"https:\/\/www.europesays.com\/no\/134797\/"},"modified":"2026-01-11T17:25:27","modified_gmt":"2026-01-11T17:25:27","slug":"mann-gikk-gjennom-isen-i-alver","status":"publish","type":"post","link":"https:\/\/www.europesays.com\/no\/134797\/","title":{"rendered":"Mann gikk gjennom isen i Alver"},"content":{"rendered":"<p class=\"extendedContent hyperion-css-p6op2h\" data-test-tag=\"lead-text\">Brannvesenet advarer mot ferdsel p\u00e5 utrygg is. <\/p>\n<ol class=\"hyperion-css-v28fi1\">\n<li class=\"hyperion-css-0\">\n<ul class=\"hyperion-css-w8vnca\">\n<li aria-label=\"link\" class=\"narrow-button hyperion-css-1sz7d3n\">bt-linkKopier lenke<\/li>\n<li aria-label=\"link\" class=\"wide-button hyperion-css-1sz7d3n\">bt-linkKopier lenke<\/li>\n<\/ul>\n<\/li>\n<li class=\"hyperion-css-0\"\/><\/ol>\n<p>Publisert: Publisert: <\/p>\n<p>I dag 12:59<\/p>\n<p class=\"hyperion-css-zwo8lj\">En mann i 60-\u00e5rene gikk s\u00f8ndag formiddag gjennom isen ved Breivika p\u00e5 Tveitavannet i Alver kommune. Det opplyste Vest politidistrikt, som fikk melding om ulykken kl. 12.40 s\u00f8ndag.<\/p>\n<p class=\"hyperion-css-zwo8lj\">Personen har f\u00e5tt hjelp av andre og har kommet seg opp av isen.<\/p>\n<p class=\"hyperion-css-zwo8lj\">\u2013 Vedkommende som har v\u00e6rt i vannet er v\u00e5ken og bevisst, skrev operasjonsleder Knut Dahl-Michelsen i Vest politidistrikt i f\u00f8rste melding.<\/p>\n<p class=\"hyperion-css-zwo8lj\">Personen skal ha v\u00e6rt i vannet i 10-15 minutter, if\u00f8lge politiet.<\/p>\n<p class=\"hyperion-css-zwo8lj\">\u2013 Det er en mann i 60-\u00e5rene. Han er v\u00e5t og nedkj\u00f8lt, men g\u00e5r p\u00e5 egne bein, sier Dahl-Michelsen til BT i 13.30-tiden. <\/p>\n<p class=\"hyperion-css-zwo8lj\">Da ulykken var ute, fikk mannen ropt etter hjelp, forklarer han. <\/p>\n<p class=\"hyperion-css-zwo8lj\">\u2013 Han har v\u00e6rt p\u00e5 isen sammen med andre, som fikk hjulpet ham opp, sier Dahl-Michelsen.<\/p>\n<p>Brannvesenet advarer<\/p>\n<p class=\"hyperion-css-zwo8lj\">\u2013 N\u00e5r det er v\u00e6romslag og blir mildt, frar\u00e5der vi \u00e5 g\u00e5 ut p\u00e5 is hvis man ikke har m\u00e5lt selv, helst p\u00e5 flere steder. Folk m\u00e5 v\u00e6re varsomme. Har de ikke peiling, b\u00f8r de la v\u00e6re \u00e5 g\u00e5 ut p\u00e5 isen, sier vaktleder Stian Kvam ved 110-sentralen Vest .<\/p>\n<p class=\"hyperion-css-zwo8lj\">Han r\u00e5der til ekstra aktsomhet n\u00e5r det er plussgrader.<\/p>\n<p class=\"hyperion-css-zwo8lj\">\u2013 V\u00e6romslag med mildere v\u00e6r er ikke positivt for istykkelsen. Det har kjappere innvirkning p\u00e5 sj\u00f8 enn p\u00e5 vann.<\/p>\n<p class=\"hyperion-css-zwo8lj\"><a aria-label=\"Her\" class=\"default hyperion-css-1raymq9\" href=\"https:\/\/www.bergen.kommune.no\/innbyggerhjelpen\/natur-klima-miljo\/natur\/vassdrag\/rad-for-en-sikrere-ferdsel-pa-is#2\" rel=\"noopener nofollow noreferrer\" data-test-tag=\"external-link\" target=\"_blank\">Her<\/a> kan du lese Bergen kommunes r\u00e5d om ferdsel p\u00e5 isen.<\/p>\n<p>\u2013 Folk m\u00e5 vurdere selv<\/p>\n<p class=\"hyperion-css-zwo8lj\">Politiets operasjonsleder forteller at det gjennom helgen har kommet bekymringsmeldinger om folk p\u00e5 isen i hele Vest politidistrikt. <\/p>\n<p class=\"hyperion-css-zwo8lj\">\u2013 Er dere bekymret, n\u00e5 som temperaturen stiger?<\/p>\n<p class=\"hyperion-css-zwo8lj\">\u2013 Ja og nei, sier Dahl-Michelsen.<\/p>\n<p class=\"hyperion-css-zwo8lj\">\u2013 Det er opp til folk selv \u00e5 gj\u00f8re risikovurderinger f\u00f8r de g\u00e5r utp\u00e5. N\u00e5 har det v\u00e6rt kaldt lenge, s\u00e5 mange steder vil nok v\u00e6re trygg enn\u00e5. Men s\u00e5 f\u00e5r du situasjoner som denne, der noen g\u00e5r gjennom og det ikke var s\u00e5 trygt likevel, sier han.<\/p>\n<p class=\"hyperion-css-zwo8lj\">\u2013 S\u00e5 folk m\u00e5 vurdere selv, gjerne ikke g\u00e5 ut alene \u2013 og voksne m\u00e5 ta f\u00f8lge med barn. <\/p>\n<p>Publisert: <\/p>\n<p>Publisert: 11. januar 2026 12:59<\/p>\n<p>Oppdatert: 11. januar 2026 16:16<\/p>\n","protected":false},"excerpt":{"rendered":"Brannvesenet advarer mot ferdsel p\u00e5 utrygg is. bt-linkKopier lenke bt-linkKopier lenke Publisert: Publisert: I dag 12:59 En mann&hellip;\n","protected":false},"author":2,"featured_media":8101,"comment_status":"","ping_status":"","sticky":false,"template":"","format":"standard","meta":{"footnotes":""},"categories":[10],"tags":[20,21,24,25,15,22,23,13,30,28,29,14,16,26,27],"class_list":{"0":"post-134797","1":"post","2":"type-post","3":"status-publish","4":"format-standard","5":"has-post-thumbnail","7":"category-norge","8":"tag-breaking-news","9":"tag-breakingnews","10":"tag-featured-news","11":"tag-featurednews","12":"tag-headlines","13":"tag-latest-news","14":"tag-latestnews","15":"tag-news","16":"tag-no","17":"tag-norge","18":"tag-norway","19":"tag-nyheter","20":"tag-overskrifter","21":"tag-top-stories","22":"tag-topstories"},"share_on_mastodon":{"url":"https:\/\/pubeurope.com\/@no\/115877637159059068","error":""},"_links":{"self":[{"href":"https:\/\/www.europesays.com\/no\/wp-json\/wp\/v2\/posts\/134797","targetHints":{"allow":["GET"]}}],"collection":[{"href":"https:\/\/www.europesays.com\/no\/wp-json\/wp\/v2\/posts"}],"about":[{"href":"https:\/\/www.europesays.com\/no\/wp-json\/wp\/v2\/types\/post"}],"author":[{"embeddable":true,"href":"https:\/\/www.europesays.com\/no\/wp-json\/wp\/v2\/users\/2"}],"replies":[{"embeddable":true,"href":"https:\/\/www.europesays.com\/no\/wp-json\/wp\/v2\/comments?post=134797"}],"version-history":[{"count":0,"href":"https:\/\/www.europesays.com\/no\/wp-json\/wp\/v2\/posts\/134797\/revisions"}],"wp:featuredmedia":[{"embeddable":true,"href":"https:\/\/www.europesays.com\/no\/wp-json\/wp\/v2\/media\/8101"}],"wp:attachment":[{"href":"https:\/\/www.europesays.com\/no\/wp-json\/wp\/v2\/media?parent=134797"}],"wp:term":[{"taxonomy":"category","embeddable":true,"href":"https:\/\/www.europesays.com\/no\/wp-json\/wp\/v2\/categories?post=134797"},{"taxonomy":"post_tag","embeddable":true,"href":"https:\/\/www.europesays.com\/no\/wp-json\/wp\/v2\/tags?post=134797"}],"curies":[{"name":"wp","href":"https:\/\/api.w.org\/{rel}","templated":true}]}}