{"id":134800,"date":"2026-01-11T17:30:16","date_gmt":"2026-01-11T17:30:16","guid":{"rendered":"https:\/\/www.europesays.com\/no\/134800\/"},"modified":"2026-01-11T17:30:16","modified_gmt":"2026-01-11T17:30:16","slug":"tesla-kan-miste-navnet-cybercab","status":"publish","type":"post","link":"https:\/\/www.europesays.com\/no\/134800\/","title":{"rendered":"Tesla kan miste navnet \u00abCybercab\u00bb"},"content":{"rendered":"<p>Den tiende oktober i 2024 avduket Elon Musk storsatsingen Cybercab, men f\u00f8rst i november fikk selskapet somlet seg til \u00e5 registrere varemerket.\u00a0<\/p>\n<p class=\"font-weight-bold m-font-weight-bold\" data-lab-font_weight=\"font-weight-bold\">I mellomtiden s\u00e5 et annet selskap sitt snitt til \u00e5 kapre navnet.<\/p>\n<p>Unibev, en fransk produsent av drikkevarer, leverte sin s\u00f8knad den 28. oktober.<\/p>\n<p>Det er litt ekstra garnityr i denne drinken: Tesla og Unibev har nemlig v\u00e6rt i tottene p\u00e5 hverandre tidligere. Tesla ville bruke navnet \u00abTeslaquila\u00bb p\u00e5 en alkoholholdig drikk, men kom ogs\u00e5 da for sent til bordet. Unibev satt allerede p\u00e5 rettighetene.<\/p>\n<p class=\"font-weight-bold m-font-weight-bold\" data-lab-font_weight=\"font-weight-bold\">Det h\u00f8rer med til historien at Tesla innledningsvis fors\u00f8kte \u00e5 varemerke\u00adregistrere navnet \u00abRobotaxi\u00bb.\u00a0<\/p>\n<p>Denne s\u00f8knaden ble ogs\u00e5 avsl\u00e5tt, men av andre grunner. Navnet ble rett og slett vurdert som for allment og allerede i bruk, som et mer eller mindre vanlig ord.\u00a0<\/p>\n<p>Hva som skjer videre, er i det bl\u00e5. Det kan bli rettssak, kanskje en forhandling \u2013 noe som vanligvis involverer en pengesum \u2013 eller nytt navn.<\/p>\n<p class=\"italic m-italic\" data-lab-italic=\"italic\">Kilde: <a href=\"https:\/\/electrek.co\/2026\/01\/05\/tesla-hits-trademark-roadblock-for-cybercab-due-squatter-incompetence\/#carscoops.com\" target=\"_blank\" rel=\"nofollow noopener\">Electrek<\/a>, der du ogs\u00e5 kan se avslagsbrevet.<\/p>\n","protected":false},"excerpt":{"rendered":"Den tiende oktober i 2024 avduket Elon Musk storsatsingen Cybercab, men f\u00f8rst i november fikk selskapet somlet seg&hellip;\n","protected":false},"author":2,"featured_media":134801,"comment_status":"","ping_status":"","sticky":false,"template":"","format":"standard","meta":{"footnotes":""},"categories":[56],"tags":[60,61,62,30,28,29],"class_list":{"0":"post-134800","1":"post","2":"type-post","3":"status-publish","4":"format-standard","5":"has-post-thumbnail","7":"category-naeringsliv","8":"tag-business","9":"tag-economy","10":"tag-naeringsliv","11":"tag-no","12":"tag-norge","13":"tag-norway"},"share_on_mastodon":{"url":"https:\/\/pubeurope.com\/@no\/115877656797553674","error":""},"_links":{"self":[{"href":"https:\/\/www.europesays.com\/no\/wp-json\/wp\/v2\/posts\/134800","targetHints":{"allow":["GET"]}}],"collection":[{"href":"https:\/\/www.europesays.com\/no\/wp-json\/wp\/v2\/posts"}],"about":[{"href":"https:\/\/www.europesays.com\/no\/wp-json\/wp\/v2\/types\/post"}],"author":[{"embeddable":true,"href":"https:\/\/www.europesays.com\/no\/wp-json\/wp\/v2\/users\/2"}],"replies":[{"embeddable":true,"href":"https:\/\/www.europesays.com\/no\/wp-json\/wp\/v2\/comments?post=134800"}],"version-history":[{"count":0,"href":"https:\/\/www.europesays.com\/no\/wp-json\/wp\/v2\/posts\/134800\/revisions"}],"wp:featuredmedia":[{"embeddable":true,"href":"https:\/\/www.europesays.com\/no\/wp-json\/wp\/v2\/media\/134801"}],"wp:attachment":[{"href":"https:\/\/www.europesays.com\/no\/wp-json\/wp\/v2\/media?parent=134800"}],"wp:term":[{"taxonomy":"category","embeddable":true,"href":"https:\/\/www.europesays.com\/no\/wp-json\/wp\/v2\/categories?post=134800"},{"taxonomy":"post_tag","embeddable":true,"href":"https:\/\/www.europesays.com\/no\/wp-json\/wp\/v2\/tags?post=134800"}],"curies":[{"name":"wp","href":"https:\/\/api.w.org\/{rel}","templated":true}]}}