{"id":134812,"date":"2026-01-11T17:41:09","date_gmt":"2026-01-11T17:41:09","guid":{"rendered":"https:\/\/www.europesays.com\/no\/134812\/"},"modified":"2026-01-11T17:41:09","modified_gmt":"2026-01-11T17:41:09","slug":"leteaksjon-vestskogen-jeg-ville-ga-rundt-a-lete-jeg-har-kjent-henne-i-30-ar-tonsbergs-blad","status":"publish","type":"post","link":"https:\/\/www.europesays.com\/no\/134812\/","title":{"rendered":"Leteaksjon, Vestskogen | \u2013 Jeg ville g\u00e5 rundt \u00e5 lete. Jeg har kjent henne i 30 \u00e5r &#8211; T\u00f8nsbergs Blad"},"content":{"rendered":"<ol>\n<li><a href=\"https:\/\/news.google.com\/rss\/articles\/CBMijwFBVV95cUxQek11VzZRY3pWakNlZjh5M2ZFbDBfWjJXd08zOWloMkh2TFo0eS1iNFNSX3Q0bmtUZGdfZTEyVWZjdjlEdDdLOFZqaGtQQjhhMG8xVktpR1JFODEyb09IM0l0cWtNWDlyT0pyeVEweVA5RHBHXzB0eXlYMGc3NWhVT01LdXdBTDVKemN3NGw1cw?oc=5\" target=\"_blank\" rel=\"nofollow noopener\">Leteaksjon, Vestskogen | \u2013 Jeg ville g\u00e5 rundt \u00e5 lete. Jeg har kjent henne i 30 \u00e5r<\/a>&nbsp;&nbsp;T\u00f8nsbergs Blad<\/li>\n<li><a href=\"https:\/\/news.google.com\/rss\/articles\/CBMiugFBVV95cUxPWWR2SDhxSEtRenhMN002TFk4T2tzMkMtMmdWdWVudWI5cG5QWjJxbzlzSEJNandBdElqTW8wdzZYV1ljdk1TZ2NYWjc2dG1wOXBfNTRVUld6d1gwbFZjSW9ydTZuaTRjd0RoeTIyX19zQ1NBSlI1elUtZUVldHpZY2Frc1lRVnNKejdfNE9wbW45aGJWa090R0FlaElyRjRJOVducDNWRUJBS3FDTWRFTlVEbDBaMHdwNXc?oc=5\" target=\"_blank\" rel=\"nofollow noopener\">Nabolaget i Vestskogen er dypt preget etter funnet av savnende kvinnen: \u2013 Dette er tungt<\/a>&nbsp;&nbsp;T\u00f8nsbergs Blad<\/li>\n<li><a href=\"https:\/\/news.google.com\/rss\/articles\/CBMiiAFBVV95cUxPVjA0TXBMOGJIQWhFRlNKb3otT2NmYXp1N0NQZ2xiWkprREhFWDFNQlkwVXQ0aEZjOGhHUTVfRmhFajBGaE5ZOW81aGVIZlNYRjh6LVI4M3ZNcGVwYXlVYk9MUTFGUlZPZ3IxdmtSU1V0QkpkOGNrVUhmV2M2TmVCakNMRkRQZUFO?oc=5\" target=\"_blank\" rel=\"nofollow noopener\">Savnet, N\u00f8tter\u00f8y | Har funnet livl\u00f8s kvinne utend\u00f8rs etter tips<\/a>&nbsp;&nbsp;\u00d8yene<\/li>\n<li><a href=\"https:\/\/news.google.com\/rss\/articles\/CBMieEFVX3lxTE1Xb3J0T2xHemFUTWg0em1CWUJHU1lGUnpYcHlXdEprRXVRUVlDMlptR0p2eFh1LXBtOHUzYlQ0Ym51NFREUG42Zm5NcXRfcnBGV29DYjRrRHQzS2FqMmVYMkJaU0xBY2pTVGpFNzBaeEpnMFFqQTRHYQ?oc=5\" target=\"_blank\" rel=\"nofollow noopener\">Vestskogen, N\u00f8tter\u00f8y | Kvinne som passer til beskrivelsen av den savnede er funnet<\/a>&nbsp;&nbsp;T\u00f8nsbergs Blad<\/li>\n<\/ol>\n","protected":false},"excerpt":{"rendered":"Leteaksjon, Vestskogen | \u2013 Jeg ville g\u00e5 rundt \u00e5 lete. Jeg har kjent henne i 30 \u00e5r&nbsp;&nbsp;T\u00f8nsbergs Blad&hellip;\n","protected":false},"author":2,"featured_media":134813,"comment_status":"","ping_status":"","sticky":false,"template":"","format":"standard","meta":{"footnotes":""},"categories":[5],"tags":[20,21,24,25,15,19,22,23,17,18,13,30,28,29,14,16,26,27],"class_list":{"0":"post-134812","1":"post","2":"type-post","3":"status-publish","4":"format-standard","5":"has-post-thumbnail","7":"category-overskrifter","8":"tag-breaking-news","9":"tag-breakingnews","10":"tag-featured-news","11":"tag-featurednews","12":"tag-headlines","13":"tag-hovedoppslag","14":"tag-latest-news","15":"tag-latestnews","16":"tag-main-news","17":"tag-mainnews","18":"tag-news","19":"tag-no","20":"tag-norge","21":"tag-norway","22":"tag-nyheter","23":"tag-overskrifter","24":"tag-top-stories","25":"tag-topstories"},"share_on_mastodon":{"url":"https:\/\/pubeurope.com\/@no\/115877700371342559","error":""},"_links":{"self":[{"href":"https:\/\/www.europesays.com\/no\/wp-json\/wp\/v2\/posts\/134812","targetHints":{"allow":["GET"]}}],"collection":[{"href":"https:\/\/www.europesays.com\/no\/wp-json\/wp\/v2\/posts"}],"about":[{"href":"https:\/\/www.europesays.com\/no\/wp-json\/wp\/v2\/types\/post"}],"author":[{"embeddable":true,"href":"https:\/\/www.europesays.com\/no\/wp-json\/wp\/v2\/users\/2"}],"replies":[{"embeddable":true,"href":"https:\/\/www.europesays.com\/no\/wp-json\/wp\/v2\/comments?post=134812"}],"version-history":[{"count":0,"href":"https:\/\/www.europesays.com\/no\/wp-json\/wp\/v2\/posts\/134812\/revisions"}],"wp:featuredmedia":[{"embeddable":true,"href":"https:\/\/www.europesays.com\/no\/wp-json\/wp\/v2\/media\/134813"}],"wp:attachment":[{"href":"https:\/\/www.europesays.com\/no\/wp-json\/wp\/v2\/media?parent=134812"}],"wp:term":[{"taxonomy":"category","embeddable":true,"href":"https:\/\/www.europesays.com\/no\/wp-json\/wp\/v2\/categories?post=134812"},{"taxonomy":"post_tag","embeddable":true,"href":"https:\/\/www.europesays.com\/no\/wp-json\/wp\/v2\/tags?post=134812"}],"curies":[{"name":"wp","href":"https:\/\/api.w.org\/{rel}","templated":true}]}}