{"id":134821,"date":"2026-01-11T17:56:33","date_gmt":"2026-01-11T17:56:33","guid":{"rendered":"https:\/\/www.europesays.com\/no\/134821\/"},"modified":"2026-01-11T17:56:33","modified_gmt":"2026-01-11T17:56:33","slug":"nyheter-osl-stengte-rullebane-etter-dronemelding-romerikes-blad","status":"publish","type":"post","link":"https:\/\/www.europesays.com\/no\/134821\/","title":{"rendered":"Nyheter, OSL | Stengte rullebane etter dronemelding &#8211; Romerikes Blad"},"content":{"rendered":"<ol>\n<li><a href=\"https:\/\/news.google.com\/rss\/articles\/CBMiggFBVV95cUxOczVUaTRCVzRLZW1sQURabXJRUl81YXhkS0lRSzY4SVdVd2oxSHgxSnNocDFOand2NENzRFA3NVIyaEJHaEZJUXEtNFhiZUlwZmpWdHJfYndjZFpZTXBhLThucUppUDg2dWV2SW5rTk94bi1YMXUwdUEwVER4S3lzNmln?oc=5\" target=\"_blank\" rel=\"nofollow noopener\">Nyheter, OSL | Stengte rullebane etter dronemelding<\/a>&nbsp;&nbsp;Romerikes Blad<\/li>\n<li><a href=\"https:\/\/news.google.com\/rss\/articles\/CBMisAFBVV95cUxObVFBR0Z4MnFOMDhLRjVLSU5wOVVqMXFjeXpCRG54c0VJLWJzNTNuTG44RzBOTXAyNGtsa0tnbmZ2MkhfMUcwM09DbXpVMEE2NnJjMnJkbUNGVHRndDM3NHE2N212UjJTRDBDSWQ0bUNQQm50UldRQnFVZ19yUU81WEpKNzFLOWJZMWVJdjAxaTNhSlliY1l3MlZUME40cGdJWGJhVkFhc1l6ZWJodHVXaQ?oc=5\" target=\"_blank\" rel=\"nofollow noopener\">Avinor: Rullebane p\u00e5 Gardermoen \u00e5pnet igjen<\/a>&nbsp;&nbsp;TV2.no<\/li>\n<li><a href=\"https:\/\/news.google.com\/rss\/articles\/CBMirAFBVV95cUxOX2ZhOHFCY1EzbGF3QkRjLTh0Ql9hd29aTVVDWjQ0ckw5c0VsSHlfcFVIek53Yzg0Yl92YS1Mc2ZnLV83alpHUjE1amc3eHdyWm94ekpVM3d0SHlXeVJ1U3pEMm12MmVHMHRLVldwU0YyNHNmRmtKRklTdlRLT1BQZHJiUHRJSXU2a1BRWjZkUnkzTFNSR0cweF9Jd0JTZzJ5MGhpRUh6T3FnaDRV?oc=5\" target=\"_blank\" rel=\"nofollow noopener\">Rullebane p\u00e5 Gardermoen \u00e5pnet igjen etter mulig droneobservasjon<\/a>&nbsp;&nbsp;Aftenposten<\/li>\n<li><a href=\"https:\/\/news.google.com\/rss\/articles\/CBMikAFBVV95cUxOUTlHYVhqWFZvMnZQdmphT01WNDIyNWRwLWF1b0FZRG5aaUo1aVFpOXVqdDlMN29RNWFsT0ZENjA5b0c2bVdObEdndlpSLXMyOTc5Y0JkREVQclRzNTYtMlFXbzVveVk0cmZWQW13TF81V1NGczdFNkgxOEwxSFBPaXl1MFJoYXd5eUFpbjNNSWM?oc=5\" target=\"_blank\" rel=\"nofollow noopener\">Politiet: Rullebane p\u00e5 Gardermoen stengt etter mulig droneobservasjon<\/a>&nbsp;&nbsp;Radio Haugaland<\/li>\n<li><a href=\"https:\/\/news.google.com\/rss\/articles\/CBMilAFBVV95cUxNRWFLS1VWMUwyVy1IdjNVOUZ1SWNiZzlxWU9fOFpWXzQtcVloLWpqWVNfRjdMOGhiNjNrUmk2eTZWR3ozdDZMLW54bzFBSzA3X1d1aFpQLUs4MTJyaW9jYkxxZDIxamlZb3kyemNjcDBVdlZJUi1MczljcjItUmUzb0NSajZBVnpyWVhUN0JZeklQbGlC?oc=5\" target=\"_blank\" rel=\"nofollow noopener\">Politiet: Rullebane p\u00e5 Oslo lufthavn stengt etter mulig droneobservasjon<\/a>&nbsp;&nbsp;Radio Haugaland<\/li>\n<\/ol>\n","protected":false},"excerpt":{"rendered":"Nyheter, OSL | Stengte rullebane etter dronemelding&nbsp;&nbsp;Romerikes Blad Avinor: Rullebane p\u00e5 Gardermoen \u00e5pnet igjen&nbsp;&nbsp;TV2.no Rullebane p\u00e5 Gardermoen \u00e5pnet&hellip;\n","protected":false},"author":2,"featured_media":7393,"comment_status":"","ping_status":"","sticky":false,"template":"","format":"standard","meta":{"footnotes":""},"categories":[12],"tags":[20,21,24,25,15,22,23,13,30,28,29,14,16,26,27,42,43,44,45],"class_list":{"0":"post-134821","1":"post","2":"type-post","3":"status-publish","4":"format-standard","5":"has-post-thumbnail","7":"category-verden","8":"tag-breaking-news","9":"tag-breakingnews","10":"tag-featured-news","11":"tag-featurednews","12":"tag-headlines","13":"tag-latest-news","14":"tag-latestnews","15":"tag-news","16":"tag-no","17":"tag-norge","18":"tag-norway","19":"tag-nyheter","20":"tag-overskrifter","21":"tag-top-stories","22":"tag-topstories","23":"tag-verden","24":"tag-world","25":"tag-world-news","26":"tag-worldnews"},"share_on_mastodon":{"url":"https:\/\/pubeurope.com\/@no\/115877759138854651","error":""},"_links":{"self":[{"href":"https:\/\/www.europesays.com\/no\/wp-json\/wp\/v2\/posts\/134821","targetHints":{"allow":["GET"]}}],"collection":[{"href":"https:\/\/www.europesays.com\/no\/wp-json\/wp\/v2\/posts"}],"about":[{"href":"https:\/\/www.europesays.com\/no\/wp-json\/wp\/v2\/types\/post"}],"author":[{"embeddable":true,"href":"https:\/\/www.europesays.com\/no\/wp-json\/wp\/v2\/users\/2"}],"replies":[{"embeddable":true,"href":"https:\/\/www.europesays.com\/no\/wp-json\/wp\/v2\/comments?post=134821"}],"version-history":[{"count":0,"href":"https:\/\/www.europesays.com\/no\/wp-json\/wp\/v2\/posts\/134821\/revisions"}],"wp:featuredmedia":[{"embeddable":true,"href":"https:\/\/www.europesays.com\/no\/wp-json\/wp\/v2\/media\/7393"}],"wp:attachment":[{"href":"https:\/\/www.europesays.com\/no\/wp-json\/wp\/v2\/media?parent=134821"}],"wp:term":[{"taxonomy":"category","embeddable":true,"href":"https:\/\/www.europesays.com\/no\/wp-json\/wp\/v2\/categories?post=134821"},{"taxonomy":"post_tag","embeddable":true,"href":"https:\/\/www.europesays.com\/no\/wp-json\/wp\/v2\/tags?post=134821"}],"curies":[{"name":"wp","href":"https:\/\/api.w.org\/{rel}","templated":true}]}}