{"id":134824,"date":"2026-01-11T18:01:06","date_gmt":"2026-01-11T18:01:06","guid":{"rendered":"https:\/\/www.europesays.com\/no\/134824\/"},"modified":"2026-01-11T18:01:06","modified_gmt":"2026-01-11T18:01:06","slug":"mario-tennis-fever-har-fatt-dato","status":"publish","type":"post","link":"https:\/\/www.europesays.com\/no\/134824\/","title":{"rendered":"\u00abMario Tennis Fever\u00bb har f\u00e5tt dato"},"content":{"rendered":"<p>(PressFire.no): Nintendo har spikret lanseringsdatoen for sitt kommende \u00abMario Tennis Fever\u00bb til Switch 2.<\/p>\n<p>I en fersk oversiktstrailer avsl\u00f8res det at spillet ankommer butikkhyllene allerede 12. februar.<\/p>\n<p>Traileren viser ogs\u00e5 frem en ny spillmekanikk kalt \u00abFever Rackets\u00bb. Dette er spesialiserte racketer med unike egenskaper, som en is-variant som kan fryse deler av banen for \u00e5 gj\u00f8re livet surt for motstanderen.<\/p>\n<p>Ved \u00e5 fylle opp en egen m\u00e5ler kan man slippe l\u00f8s et kraftig \u00abFever Shot\u00bb, men er motstanderen kjapp nok kan de returnere slaget og snu effekten tilbake p\u00e5 avsenderen.<\/p>\n<p>Det loves ogs\u00e5 at spillet vil ha det st\u00f8rste persongalleriet i seriens historie.<\/p>\n<p>Ved siden av de vanlige fjesene som Mario, Luigi og Peach, f\u00e5r vi ogs\u00e5 noen mer uortodokse debutanter. B\u00e5de Goomba, Nabbit og en Piranha Plant trer p\u00e5 seg tennistrusene for f\u00f8rste gang, sammen med groteske baby-versjoner av Wario og Waluigi.<\/p>\n<p>Samme dag som spillet lanseres, 12. februar, vil Nintendo ogs\u00e5 slippe et nytt sett med Joy-Con 2-kontrollere.<\/p>\n<p>Dette blir de f\u00f8rste nye fargene til Switch 2-konsollen siden lanseringen i fjor, og kommer i en kombinasjon av lys lilla og lys gr\u00f8nn.<\/p>\n","protected":false},"excerpt":{"rendered":"(PressFire.no): Nintendo har spikret lanseringsdatoen for sitt kommende \u00abMario Tennis Fever\u00bb til Switch 2. I en fersk oversiktstrailer&hellip;\n","protected":false},"author":2,"featured_media":134825,"comment_status":"","ping_status":"","sticky":false,"template":"","format":"standard","meta":{"footnotes":""},"categories":[57],"tags":[30,28,29,65,63,64,66,70,69,67,68],"class_list":{"0":"post-134824","1":"post","2":"type-post","3":"status-publish","4":"format-standard","5":"has-post-thumbnail","7":"category-vitenskap-og-teknologi","8":"tag-no","9":"tag-norge","10":"tag-norway","11":"tag-science","12":"tag-science-and-technology","13":"tag-scienceandtechnology","14":"tag-technology","15":"tag-teknologi","16":"tag-vitenskap","17":"tag-vitenskap-og-teknologi","18":"tag-vitenskapteknologi"},"share_on_mastodon":{"url":"https:\/\/pubeurope.com\/@no\/115877778723190824","error":""},"_links":{"self":[{"href":"https:\/\/www.europesays.com\/no\/wp-json\/wp\/v2\/posts\/134824","targetHints":{"allow":["GET"]}}],"collection":[{"href":"https:\/\/www.europesays.com\/no\/wp-json\/wp\/v2\/posts"}],"about":[{"href":"https:\/\/www.europesays.com\/no\/wp-json\/wp\/v2\/types\/post"}],"author":[{"embeddable":true,"href":"https:\/\/www.europesays.com\/no\/wp-json\/wp\/v2\/users\/2"}],"replies":[{"embeddable":true,"href":"https:\/\/www.europesays.com\/no\/wp-json\/wp\/v2\/comments?post=134824"}],"version-history":[{"count":0,"href":"https:\/\/www.europesays.com\/no\/wp-json\/wp\/v2\/posts\/134824\/revisions"}],"wp:featuredmedia":[{"embeddable":true,"href":"https:\/\/www.europesays.com\/no\/wp-json\/wp\/v2\/media\/134825"}],"wp:attachment":[{"href":"https:\/\/www.europesays.com\/no\/wp-json\/wp\/v2\/media?parent=134824"}],"wp:term":[{"taxonomy":"category","embeddable":true,"href":"https:\/\/www.europesays.com\/no\/wp-json\/wp\/v2\/categories?post=134824"},{"taxonomy":"post_tag","embeddable":true,"href":"https:\/\/www.europesays.com\/no\/wp-json\/wp\/v2\/tags?post=134824"}],"curies":[{"name":"wp","href":"https:\/\/api.w.org\/{rel}","templated":true}]}}