{"id":134826,"date":"2026-01-11T18:03:09","date_gmt":"2026-01-11T18:03:09","guid":{"rendered":"https:\/\/www.europesays.com\/no\/134826\/"},"modified":"2026-01-11T18:03:09","modified_gmt":"2026-01-11T18:03:09","slug":"stikk-til-svigermor","status":"publish","type":"post","link":"https:\/\/www.europesays.com\/no\/134826\/","title":{"rendered":"Stikk til svigermor"},"content":{"rendered":"<p>Over lang tid har det tilsynelatende v\u00e6rt isfront innad i Beckham-familien.<\/p>\n<p>Ryktene om den kj\u00f8lige stemningen fikk bein \u00e5 g\u00e5 p\u00e5 da eldstes\u00f8nn\u00a0Brooklyn Beckham (26) og kona Nicola Peltz (31) avfulgte b\u00e5de Beckham-br\u00f8drene Romeo (23) og Cruz (20).<\/p>\n<p>N\u00e5 sender Nicola det som ser ut som et nytt stikk, og denne gangen i retning svigerforeldrene.<\/p>\n<p>    <a class=\"article__link\" data-ga-active-label=\"\" data-ga-active-label-animation=\"\" href=\"https:\/\/www.tv2.no\/underholdning\/dramaet-som-splittet-beckham-familien\/18257746\/\" rel=\"nofollow noopener\" target=\"_blank\"><\/p>\n<p>    <img class=\"image__img lazyload\" itemprop=\"image\" title=\"\" alt=\"\" width=\"978\" height=\"411\" bad-src=\"https:\/\/www.europesays.com\/no\/wp-content\/uploads\/2026\/01\/18265816.webp.jpeg\" fetchpriority=\"auto\" \/><\/p>\n<p>\n            Drama splitter<br \/>\nfamilien\n        <\/p>\n<p>    <\/a><\/p>\n<p>Slettet bilde<\/p>\n<p>If\u00f8lge <a href=\"https:\/\/pagesix.com\/2026\/01\/11\/celebrity-news\/nicola-peltz-sends-pointed-social-media-message-to-brooklyn-beckhams-estranged-family\/\" rel=\"nofollow noopener\" target=\"_blank\">Page Six<\/a> har Peltz slettet alle bilder av Beckham-familien p\u00e5 sin Instagram-profil, inkludert en bursdagshilsen i anledning Victoria Beckhams (51) 50-\u00e5rsdag i 2024.<\/p>\n<p>Den gang delte Peltz et bilde av seg selv, Brooklyn, David (50) og Victoria med teksten: \u00abGratulerer med dagen til min vakre svigermor. Jeg er s\u00e5 glad i meg og jeg elsker \u00e5 v\u00e6re din dansepartner for alltid\u00bb.<\/p>\n<p>I kommentarfeltet takket Victoria for gratulasjonen: \u00abJeg er s\u00e5 glad i deg! Kyss\u00bb.<\/p>\n<p>\u2013 La oss f\u00e5 fakta p\u00e5 bordet<\/p>\n<p>Stikket til svigermoren kommer f\u00e5 dager etter at <a href=\"https:\/\/www.dailymail.co.uk\/tvshowbiz\/article-15447271\/Brooklyn-Beckham-warned-parents-David-Victoria-contact-lawyers-height-family-feud.html\" rel=\"nofollow noopener\" target=\"_blank\">Daily Mail<\/a> meldte at Brooklyn skal ha bedt foreldrene ta kontakt gjennom sine advokater dersom de ville si noe til ham, gjennom et brev.<\/p>\n<p>Forrige m\u00e5ned var det flere overskrifter om at David og Victoria Beckham hadde tatt konflikten til et nytt steg, og avfulgt Brooklyn. Det fikk Beckham-bror Cruz til \u00e5 ta bladet fra munnen.<\/p>\n<p>        <img class=\"image__img lazyload\" itemprop=\"image\" title=\"Foto: Frazer Harrison \/ AFP \/ NTB\" alt=\"DEN GANG DA: Cruz, Nicola, Victoria og Brooklyn i 2024. Foto: Frazer Harrison \/ AFP \/ NTB\" width=\"675\" height=\"500\" bad-src=\"https:\/\/www.europesays.com\/no\/wp-content\/uploads\/2026\/01\/18453415.webp.jpeg\" fetchpriority=\"auto\" \/><\/p>\n<p>      DEN GANG DA: Cruz, Nicola, Victoria og Brooklyn i 2024.<br \/>\n         Foto: Frazer Harrison \/ AFP \/ NTB<\/p>\n<p>\u2013 Dette er ikke sant. Mine foreldre ville aldri avfulgt s\u00f8nnen sin. La oss f\u00e5 fakta p\u00e5 bordet. De v\u00e5knet opp og var blokkert, akkurat som meg, skrev han p\u00e5 Instagram Story, gjengitt av Page Six.<\/p>\n<p>Foreldrene har imidlertid fors\u00f8kt \u00e5 strekke ut en h\u00e5nd. P\u00e5 Instagram Story delte David Beckham et bilde av alle barna, inkludert Brooklyn, med teksten \u00abelsker dere alle s\u00e5 mye\u00bb.\u00a0<\/p>\n","protected":false},"excerpt":{"rendered":"Over lang tid har det tilsynelatende v\u00e6rt isfront innad i Beckham-familien. Ryktene om den kj\u00f8lige stemningen fikk bein&hellip;\n","protected":false},"author":2,"featured_media":134827,"comment_status":"","ping_status":"","sticky":false,"template":"","format":"standard","meta":{"footnotes":""},"categories":[12],"tags":[20,21,24,25,15,22,23,13,30,28,29,14,16,26,27,42,43,44,45],"class_list":{"0":"post-134826","1":"post","2":"type-post","3":"status-publish","4":"format-standard","5":"has-post-thumbnail","7":"category-verden","8":"tag-breaking-news","9":"tag-breakingnews","10":"tag-featured-news","11":"tag-featurednews","12":"tag-headlines","13":"tag-latest-news","14":"tag-latestnews","15":"tag-news","16":"tag-no","17":"tag-norge","18":"tag-norway","19":"tag-nyheter","20":"tag-overskrifter","21":"tag-top-stories","22":"tag-topstories","23":"tag-verden","24":"tag-world","25":"tag-world-news","26":"tag-worldnews"},"share_on_mastodon":{"url":"https:\/\/pubeurope.com\/@no\/115877786576063615","error":""},"_links":{"self":[{"href":"https:\/\/www.europesays.com\/no\/wp-json\/wp\/v2\/posts\/134826","targetHints":{"allow":["GET"]}}],"collection":[{"href":"https:\/\/www.europesays.com\/no\/wp-json\/wp\/v2\/posts"}],"about":[{"href":"https:\/\/www.europesays.com\/no\/wp-json\/wp\/v2\/types\/post"}],"author":[{"embeddable":true,"href":"https:\/\/www.europesays.com\/no\/wp-json\/wp\/v2\/users\/2"}],"replies":[{"embeddable":true,"href":"https:\/\/www.europesays.com\/no\/wp-json\/wp\/v2\/comments?post=134826"}],"version-history":[{"count":0,"href":"https:\/\/www.europesays.com\/no\/wp-json\/wp\/v2\/posts\/134826\/revisions"}],"wp:featuredmedia":[{"embeddable":true,"href":"https:\/\/www.europesays.com\/no\/wp-json\/wp\/v2\/media\/134827"}],"wp:attachment":[{"href":"https:\/\/www.europesays.com\/no\/wp-json\/wp\/v2\/media?parent=134826"}],"wp:term":[{"taxonomy":"category","embeddable":true,"href":"https:\/\/www.europesays.com\/no\/wp-json\/wp\/v2\/categories?post=134826"},{"taxonomy":"post_tag","embeddable":true,"href":"https:\/\/www.europesays.com\/no\/wp-json\/wp\/v2\/tags?post=134826"}],"curies":[{"name":"wp","href":"https:\/\/api.w.org\/{rel}","templated":true}]}}