{"id":134830,"date":"2026-01-11T18:12:08","date_gmt":"2026-01-11T18:12:08","guid":{"rendered":"https:\/\/www.europesays.com\/no\/134830\/"},"modified":"2026-01-11T18:12:08","modified_gmt":"2026-01-11T18:12:08","slug":"vindu-falt-ut-fra-14-etasje-i-hotell-kunne-endt-katastrofalt","status":"publish","type":"post","link":"https:\/\/www.europesays.com\/no\/134830\/","title":{"rendered":"Vindu falt ut fra 14. etasje i hotell: \u2013 Kunne endt katastrofalt"},"content":{"rendered":"<p class=\"extendedContent hyperion-css-eyn926\" data-test-tag=\"lead-text\">Et vindu falt l\u00f8rdag kveld ut av 14. etasje ved et hotell i Trondheim. N\u00e5 skal hotellet sjekke alle vinduene.<\/p>\n<p><img decoding=\"async\" class=\"image-asset hyperion-css-u06ts1\" data-test-tag=\"image-asset\" src=\"https:\/\/www.europesays.com\/no\/wp-content\/uploads\/2026\/01\/996ad9e3-2c8a-43d2-bd7e-ef2ee57c0778.jpeg\"  alt=\"Fra 14. etasje falt et vindu ut fra Scandic Lerkendal i Trondheim l\u00f8rdag kveld. N\u00e5 skal hotellet sjekke alle vinduene sine. \"  loading=\"eager\" fetchpriority=\"high\" style=\"aspect-ratio:2048 \/ 1365\"\/>Fra 14. etasje falt et vindu ut fra Scandic Lerkendal i Trondheim l\u00f8rdag kveld. N\u00e5 skal hotellet sjekke alle vinduene sine. Foto: Ole Martin Wold \/ NTB<\/p>\n<p>Publisert: 11.01.2026 18:33<\/p>\n<p class=\"paywall hyperion-css-1j42uic\"> Like f\u00f8r klokken 23 l\u00f8rdag kveld rykket politiet i Trondheim ut til Scandic Lerkendal. Der hadde et vindu falt ut fra 14. etasje i hotellet som har 21 etasjer, skriver <a aria-label=\"Adresseavisen\" class=\"default hyperion-css-1raymq9\" href=\"https:\/\/www.adressa.no\/nyheter\/trondheim\/i\/JOJQRX\/vindu-falt-ned-fra-14-etasje-ved-hotell-i-trondheim-kunne-endt-katastrofalt\" target=\"_blank\" rel=\"noopener nofollow noreferrer\" data-test-tag=\"external-link\">Adresseavisen<\/a>. <\/p>\n<p class=\"paywall hyperion-css-1j42uic\">\u2013 De har lekt seg og dyttet. De har kommet bort p\u00e5 vinduet, som da faller ut, sier operasjonsleder Anlaug Oseid, og legger til:<\/p>\n<p class=\"paywall hyperion-css-1j42uic\">\u2013 Jeg vil tro at hotellet m\u00e5 gj\u00f8re noen unders\u00f8kelser etter dette. Det kunne endt katastrofalt om noen hadde blitt truffet.<\/p>\n<p class=\"paywall hyperion-css-1j42uic\">Det skal ha v\u00e6rt noen ten\u00e5ringer som har lekt og dyttet hverandre p\u00e5 rommet, hvor de s\u00e5 har kommet bort p\u00e5 vinduet som har falt ut, if\u00f8lge politiet.<\/p>\n<p class=\"paywall hyperion-css-1j42uic\">Hotelldirekt\u00f8r Erik Fostervoll sier til Adressa at de tar hendelsen sv\u00e6rt alvorlig. Han sier vinduet var i enden av en korridor.<\/p>\n<p class=\"paywall hyperion-css-1j42uic\">\u2013 Vi er ekstremt glade for at ingen har kommet fysisk til skade. Det er det viktigste, sier han, og p\u00e5peker at \u00e5rsaken framst\u00e5r som et uhell.<\/p>\n<p class=\"paywall hyperion-css-1j42uic\">\u2013 Etter at dette skjedde, unders\u00f8ker vi n\u00e5 vinduer i samtlige etasjer, forsikrer han, og legger til at de i ettertid ogs\u00e5 vil ta kontakt med de som har v\u00e6rt direkte involvert for \u00e5 h\u00f8re hvordan de har det.<\/p>\n","protected":false},"excerpt":{"rendered":"Et vindu falt l\u00f8rdag kveld ut av 14. etasje ved et hotell i Trondheim. N\u00e5 skal hotellet sjekke&hellip;\n","protected":false},"author":2,"featured_media":134831,"comment_status":"","ping_status":"","sticky":false,"template":"","format":"standard","meta":{"footnotes":""},"categories":[10],"tags":[20,21,24,25,15,22,23,13,30,28,29,14,16,26,27],"class_list":{"0":"post-134830","1":"post","2":"type-post","3":"status-publish","4":"format-standard","5":"has-post-thumbnail","7":"category-norge","8":"tag-breaking-news","9":"tag-breakingnews","10":"tag-featured-news","11":"tag-featurednews","12":"tag-headlines","13":"tag-latest-news","14":"tag-latestnews","15":"tag-news","16":"tag-no","17":"tag-norge","18":"tag-norway","19":"tag-nyheter","20":"tag-overskrifter","21":"tag-top-stories","22":"tag-topstories"},"share_on_mastodon":{"url":"https:\/\/pubeurope.com\/@no\/115877822002162306","error":""},"_links":{"self":[{"href":"https:\/\/www.europesays.com\/no\/wp-json\/wp\/v2\/posts\/134830","targetHints":{"allow":["GET"]}}],"collection":[{"href":"https:\/\/www.europesays.com\/no\/wp-json\/wp\/v2\/posts"}],"about":[{"href":"https:\/\/www.europesays.com\/no\/wp-json\/wp\/v2\/types\/post"}],"author":[{"embeddable":true,"href":"https:\/\/www.europesays.com\/no\/wp-json\/wp\/v2\/users\/2"}],"replies":[{"embeddable":true,"href":"https:\/\/www.europesays.com\/no\/wp-json\/wp\/v2\/comments?post=134830"}],"version-history":[{"count":0,"href":"https:\/\/www.europesays.com\/no\/wp-json\/wp\/v2\/posts\/134830\/revisions"}],"wp:featuredmedia":[{"embeddable":true,"href":"https:\/\/www.europesays.com\/no\/wp-json\/wp\/v2\/media\/134831"}],"wp:attachment":[{"href":"https:\/\/www.europesays.com\/no\/wp-json\/wp\/v2\/media?parent=134830"}],"wp:term":[{"taxonomy":"category","embeddable":true,"href":"https:\/\/www.europesays.com\/no\/wp-json\/wp\/v2\/categories?post=134830"},{"taxonomy":"post_tag","embeddable":true,"href":"https:\/\/www.europesays.com\/no\/wp-json\/wp\/v2\/tags?post=134830"}],"curies":[{"name":"wp","href":"https:\/\/api.w.org\/{rel}","templated":true}]}}