{"id":134832,"date":"2026-01-11T18:17:46","date_gmt":"2026-01-11T18:17:46","guid":{"rendered":"https:\/\/www.europesays.com\/no\/134832\/"},"modified":"2026-01-11T18:17:46","modified_gmt":"2026-01-11T18:17:46","slug":"kundene-har-romt-fra-teslas-livsstil-restaurant","status":"publish","type":"post","link":"https:\/\/www.europesays.com\/no\/134832\/","title":{"rendered":"Kundene har r\u00f8mt fra Teslas livsstil-restaurant"},"content":{"rendered":"<p>\n        TOMT: Tesla Diner skulle vise oss hvordan framtidens ladeopplevelse skulle bli, det ser ikke ut til \u00e5 ha g\u00e5tt etter planen.<br \/>\n        SKJERMDUMP TESLA\n    <\/p>\n<p class=\"kicker t31 tm25 font-weight-bold m-font-weight-bold font-Roboto\" style=\"\">Merkevarebygging:<\/p>\n<p>    I sommer \u00e5pnet Tesla en restaurant i Los Angeles. Det var stor st\u00e5hei i starten, n\u00e5 er det helt stille.<\/p>\n<p>I juli \u00e5pnet Tesla en diner, alts\u00e5 en restaurant, i Los Angeles. Den skulle vise hvordan lading i av biler skulle bli i framtiden.<\/p>\n<p> I stedet for en enkel restaurant tilknyttet en Supercharger-stasjon, ble den presentert som et retro-futuristisk reisem\u00e5l som blandet amerikansk stil og elbilkultur.<\/p>\n<p>Seks m\u00e5neder senere har kundene, som flokket til stedet i starten, forsvunnet, melder <a href=\"https:\/\/www.autoblog.com\/news\/teslas-diner-went-from-viral-sensation-to-empty-pit-stop-in-six-months\" target=\"_blank\" rel=\"nofollow noopener\">Autoblog<\/a>.<\/p>\n<p>Opplevelse<\/p>\n<p>Stedet ble solgt inn som en opplevelse, ikke et spisested.\u00a0<\/p>\n<p class=\"font-weight-bold m-font-weight-bold\" data-lab-font_weight=\"font-weight-bold\">N\u00e5 beskriver kunder det som en n\u00e6rmest forlatt sted, med flere ansatte enn bes\u00f8kende. Flere av rettene i menyen er tatt vekk.<\/p>\n<p> Tidlige tilbakemeldinger var overveiende positive, nyere anmeldelser forteller en annen historie. Vanlige klager inkluderer treg service, h\u00f8ye priser, begrenset parkering for ikke-Tesla-eiere og mangel p\u00e5 noe som virkelig f\u00f8les futuristisk. <\/p>\n<p>Merkevarebygging<\/p>\n<p>Autoblog mener problemet er at det hele tiden har dreid seg mer om merkevarebygging enn mat, og det fikk en negativ innvirkning s\u00e5 fort nyhetens interesse sluknet.<\/p>\n<p> \u2013 Stedet er ikke rimelig nok til \u00e5 konkurrere med klassiske spisesteder, ikke innovativt nok til \u00e5 rettferdiggj\u00f8re l\u00f8ftene sine, og ikke im\u00f8tekommende nok for bes\u00f8kende utenfor Teslas \u00f8kosystem, skriver Autoblog.<\/p>\n<p class=\"font-weight-bold m-font-weight-bold\" data-lab-font_weight=\"font-weight-bold\">I tillegg trekker de fram at Elon Musks polariserende oppf\u00f8rsel spiller inn.<\/p>\n<p>Planen var at Teslas dinere skulle etableres i flere byer verden over, n\u00e5 sp\u00f8rs det om det skjer.<\/p>\n<p>            Her er de siste nyhetene vi har pr\u00f8vekj\u00f8rt:<\/p>\n","protected":false},"excerpt":{"rendered":"TOMT: Tesla Diner skulle vise oss hvordan framtidens ladeopplevelse skulle bli, det ser ikke ut til \u00e5 ha&hellip;\n","protected":false},"author":2,"featured_media":134833,"comment_status":"","ping_status":"","sticky":false,"template":"","format":"standard","meta":{"footnotes":""},"categories":[56],"tags":[60,61,62,30,28,29],"class_list":{"0":"post-134832","1":"post","2":"type-post","3":"status-publish","4":"format-standard","5":"has-post-thumbnail","7":"category-naeringsliv","8":"tag-business","9":"tag-economy","10":"tag-naeringsliv","11":"tag-no","12":"tag-norge","13":"tag-norway"},"share_on_mastodon":{"url":"https:\/\/pubeurope.com\/@no\/115877841635534827","error":""},"_links":{"self":[{"href":"https:\/\/www.europesays.com\/no\/wp-json\/wp\/v2\/posts\/134832","targetHints":{"allow":["GET"]}}],"collection":[{"href":"https:\/\/www.europesays.com\/no\/wp-json\/wp\/v2\/posts"}],"about":[{"href":"https:\/\/www.europesays.com\/no\/wp-json\/wp\/v2\/types\/post"}],"author":[{"embeddable":true,"href":"https:\/\/www.europesays.com\/no\/wp-json\/wp\/v2\/users\/2"}],"replies":[{"embeddable":true,"href":"https:\/\/www.europesays.com\/no\/wp-json\/wp\/v2\/comments?post=134832"}],"version-history":[{"count":0,"href":"https:\/\/www.europesays.com\/no\/wp-json\/wp\/v2\/posts\/134832\/revisions"}],"wp:featuredmedia":[{"embeddable":true,"href":"https:\/\/www.europesays.com\/no\/wp-json\/wp\/v2\/media\/134833"}],"wp:attachment":[{"href":"https:\/\/www.europesays.com\/no\/wp-json\/wp\/v2\/media?parent=134832"}],"wp:term":[{"taxonomy":"category","embeddable":true,"href":"https:\/\/www.europesays.com\/no\/wp-json\/wp\/v2\/categories?post=134832"},{"taxonomy":"post_tag","embeddable":true,"href":"https:\/\/www.europesays.com\/no\/wp-json\/wp\/v2\/tags?post=134832"}],"curies":[{"name":"wp","href":"https:\/\/api.w.org\/{rel}","templated":true}]}}