{"id":134834,"date":"2026-01-11T18:19:10","date_gmt":"2026-01-11T18:19:10","guid":{"rendered":"https:\/\/www.europesays.com\/no\/134834\/"},"modified":"2026-01-11T18:19:10","modified_gmt":"2026-01-11T18:19:10","slug":"troms-lyngen-lysobjekt-over-troms-i-hoy-hastighet-og-uten-lyd-nordlys","status":"publish","type":"post","link":"https:\/\/www.europesays.com\/no\/134834\/","title":{"rendered":"Troms, Lyngen | Lysobjekt over Troms: \u2013 I h\u00f8y hastighet og uten lyd &#8211; Nordlys"},"content":{"rendered":"<ol>\n<li><a href=\"https:\/\/news.google.com\/rss\/articles\/CBMijwFBVV95cUxNRlR1T0JFU1licWZKWFoxOHVxU3ktS2ZKc2NsdXUzSW5qNmJFLTZhZEk1TWhtLXhjOEpmTW9uZXg3UmVfdW1WTmc2LUJraHV5SlN5Z0NFRlVHNEY2emxZelljMVRETXV1ektqR0YwdHlGZ1FXY1V5YVZlUHRTMnNSVGFIMnpnVVNlY3hVNWJCRQ?oc=5\" target=\"_blank\" rel=\"nofollow noopener\">Troms, Lyngen | Lysobjekt over Troms: \u2013 I h\u00f8y hastighet og uten lyd<\/a>&nbsp;&nbsp;Nordlys<\/li>\n<li><a href=\"https:\/\/news.google.com\/rss\/articles\/CBMiowFBVV95cUxObUQyR0ZOQkd1MTNuQUItdXhsNFVYVUtZeUxIaVVxUEtMZHNiNzZnd3ZIaW9JTkw1TDVUeE5acjM4VlFETE9yc2xST2tKdENOTkFFV2U5aTZYVXVxcWM0R2xFMzZCNU1leTZfcVZ2aEoyVERET2RlbEczVWFtcGtRNUtDc19XU25LdFVUNmRwSDRtX0ZzM2dIaWpfdE9mLXpWV1Uw?oc=5\" target=\"_blank\" rel=\"nofollow noopener\">(+) S\u00e5 du fenomenet p\u00e5 himmelen i ettermiddag? Dette er forklaringen<\/a>&nbsp;&nbsp;vol.no<\/li>\n<li><a href=\"https:\/\/news.google.com\/rss\/articles\/CBMimgFBVV95cUxPRUVQVnFZcVRESFVzSUlyMWQtanNJbFA4amdWWXBUMXVGYWh3bk5WREp6NHpGSmRWQjh4ZXFhanFMLVQ1SUpHZUc3eXJfZnU4MlVQLXBYeVJCeXVELWZMQjhhRWZjV21fMDQyY1IyNWZwRlBfLXRiaUFrS19jVnJsUVVDX2JBcjN2RHF5SDBFY0JCWWtJTlNHY3Rn?oc=5\" target=\"_blank\" rel=\"nofollow noopener\">Hvitt lys over Kval\u00f8ya: \u2013 Som en komet som g\u00e5r feil vei<\/a>&nbsp;&nbsp;itromso.no<\/li>\n<li><a href=\"https:\/\/news.google.com\/rss\/articles\/CBMikgFBVV95cUxOTmRyQnAwQTYybjZaVkt1MnFUZUpYd0NSSmJxb3VPd2YwYmJVM2YwY0o4QkF6aTdvZGtabHNiNTJpMFNRZlFhOUJYRGNiWk1lNHBkQUVHeUtSUHpzRzJlY1pHY01GQ1p4dUdDQmJvQ3NyeXh2WVVHLVJzYkUxNGlPakZEMDlaVm95YmNXS3NWWlhTQQ?oc=5\" target=\"_blank\" rel=\"nofollow noopener\">Nord-Norge, Lysfenomen | Lysobjekt over Troms: \u2013 I h\u00f8y hastighet og uten lyd<\/a>&nbsp;&nbsp;iFinnmark<\/li>\n<\/ol>\n","protected":false},"excerpt":{"rendered":"Troms, Lyngen | Lysobjekt over Troms: \u2013 I h\u00f8y hastighet og uten lyd&nbsp;&nbsp;Nordlys (+) S\u00e5 du fenomenet p\u00e5&hellip;\n","protected":false},"author":2,"featured_media":134835,"comment_status":"","ping_status":"","sticky":false,"template":"","format":"standard","meta":{"footnotes":""},"categories":[10],"tags":[20,21,24,25,15,22,23,13,30,28,29,14,16,26,27],"class_list":{"0":"post-134834","1":"post","2":"type-post","3":"status-publish","4":"format-standard","5":"has-post-thumbnail","7":"category-norge","8":"tag-breaking-news","9":"tag-breakingnews","10":"tag-featured-news","11":"tag-featurednews","12":"tag-headlines","13":"tag-latest-news","14":"tag-latestnews","15":"tag-news","16":"tag-no","17":"tag-norge","18":"tag-norway","19":"tag-nyheter","20":"tag-overskrifter","21":"tag-top-stories","22":"tag-topstories"},"share_on_mastodon":{"url":"https:\/\/pubeurope.com\/@no\/115877849468925142","error":""},"_links":{"self":[{"href":"https:\/\/www.europesays.com\/no\/wp-json\/wp\/v2\/posts\/134834","targetHints":{"allow":["GET"]}}],"collection":[{"href":"https:\/\/www.europesays.com\/no\/wp-json\/wp\/v2\/posts"}],"about":[{"href":"https:\/\/www.europesays.com\/no\/wp-json\/wp\/v2\/types\/post"}],"author":[{"embeddable":true,"href":"https:\/\/www.europesays.com\/no\/wp-json\/wp\/v2\/users\/2"}],"replies":[{"embeddable":true,"href":"https:\/\/www.europesays.com\/no\/wp-json\/wp\/v2\/comments?post=134834"}],"version-history":[{"count":0,"href":"https:\/\/www.europesays.com\/no\/wp-json\/wp\/v2\/posts\/134834\/revisions"}],"wp:featuredmedia":[{"embeddable":true,"href":"https:\/\/www.europesays.com\/no\/wp-json\/wp\/v2\/media\/134835"}],"wp:attachment":[{"href":"https:\/\/www.europesays.com\/no\/wp-json\/wp\/v2\/media?parent=134834"}],"wp:term":[{"taxonomy":"category","embeddable":true,"href":"https:\/\/www.europesays.com\/no\/wp-json\/wp\/v2\/categories?post=134834"},{"taxonomy":"post_tag","embeddable":true,"href":"https:\/\/www.europesays.com\/no\/wp-json\/wp\/v2\/tags?post=134834"}],"curies":[{"name":"wp","href":"https:\/\/api.w.org\/{rel}","templated":true}]}}