{"id":134838,"date":"2026-01-11T18:30:08","date_gmt":"2026-01-11T18:30:08","guid":{"rendered":"https:\/\/www.europesays.com\/no\/134838\/"},"modified":"2026-01-11T18:30:08","modified_gmt":"2026-01-11T18:30:08","slug":"trafikk-tog-trobbel-pa-ostfoldbanen-det-var-veldig-forvirrende","status":"publish","type":"post","link":"https:\/\/www.europesays.com\/no\/134838\/","title":{"rendered":"Trafikk, Tog | Tr\u00f8bbel p\u00e5 \u00d8stfoldbanen: \u2013 Det var veldig forvirrende"},"content":{"rendered":"\n<p>Siste: Fra og med 17.46-avgangen fra Fredrikstad og 18.10-avgangen fra Oslo g\u00e5r togene p\u00e5 \u00d8stfoldbanen som normalt igjen.<\/p>\n<p>Nesten normalt, iallfall.<\/p>\n<p>\u2013 Feilen er rettet. Du m\u00e5 fortsatt regne med forsinkelser og innstillinger, opplyser Bane Nor.<\/p>\n<p>Tidligere p\u00e5 ettermiddagen m\u00e5tte man i noen timer belage seg p\u00e5 buss for tog mellom Moss og Ski. 16.12-toget fra Fredrikstad til Oslo s\u00f8ndag ettermiddag var helt innstilt.<\/p>\n<p>\u2013 Dette skyldes str\u00f8mproblemer. Bane Nor jobber med \u00e5 rette feilen, meldte Vy p\u00e5 sine nettsider s\u00f8ndag ettermiddag.<\/p>\n<p>M\u00e5 reise i flere etapper<\/p>\n<p><b>Det vil si at de som hadde tenkt seg til Oslo s\u00f8ndag ettermiddag eller kveld, m\u00e5tte belage seg p\u00e5 en reise p\u00e5 tre etapper: <\/b><\/p>\n<p>F\u00f8rst tog til Moss, deretter buss fra Moss til Ski \u2013 og deretter tog fra Ski igjen.<\/p>\n<p>Klokken 15.39-toget fra Fredrikstad til Oslo s\u00f8ndag ettermiddag gikk med buss for tog mellom Moss og Ski, fremg\u00e5r det av Vys nettsider.<\/p>\n<p>   <img decoding=\"async\" width=\"1536\" height=\"2048\" fetchpriority=\"low\"  loading=\"lazy\"  src=\"https:\/\/www.europesays.com\/no\/wp-content\/uploads\/2026\/01\/IMG_628811.JPG\" alt=\"\" class=\"brick-c-cFOWSL\" style=\"--brick-image-ratio: 1536 \/ 2048;\"\/><\/p>\n<p>      Ved 17-tiden ble de reisende mellom Oslo og \u00d8stfold-byene m\u00f8tt av denne infotavla i Ski.<br \/>\n      Foto: Kristin Ofstad\n    <\/p>\n<p>Det samme ble opplyst om avgangene klokken 16.43, 17.46 og 18.46. N\u00e5 er det klart at de to siste avgangene g\u00e5r som normalt.<\/p>\n<p>Passasjer: \u2013 Veldig forvirrende<\/p>\n<p>En av de reisende sendte melding til Fredriksstad Blad klokka 16:18:<\/p>\n<p>\u2013 Vi som skulle ta 15.14 toget fra Oslo til Fredrikstad m\u00e5tte finne veien til Ski selv. Det var veldig forvirrende.<\/p>\n<p>\u2013 Mer omfattende enn vi h\u00e5pet<\/p>\n<p>Moss Avis snakket tidligere i ettermiddag med pressevakt i Bane Nor, Harry Korslund. Han kunne da ikke si noe om om den bakenforliggende \u00e5rsaken til problemene.<\/p>\n<p>\u2013 Det tyder p\u00e5 at det er noe som er mer omfattende enn vi h\u00e5pet p\u00e5 i utgangspunktet. Mannskap er og har v\u00e6rt i sving en god stund. Vi holder fortsatt p\u00e5 i harde tak, sa han til Moss Avis ved 15-tiden.<\/p>\n<p>Vy fikk melding om feilen klokka 12.24.<\/p>\n<p>PS: Klokken 16.55 meldte Vy at det ogs\u00e5 var problemer mellom Sarpsborg og Halden:<\/p>\n<p>\u2013 Togene kj\u00f8rer saktere. Du m\u00e5 regne med forsinkelser. Dette skyldes en feil p\u00e5 sporet, meldte Vy.<\/p>\n","protected":false},"excerpt":{"rendered":"Siste: Fra og med 17.46-avgangen fra Fredrikstad og 18.10-avgangen fra Oslo g\u00e5r togene p\u00e5 \u00d8stfoldbanen som normalt igjen.&hellip;\n","protected":false},"author":2,"featured_media":134839,"comment_status":"","ping_status":"","sticky":false,"template":"","format":"standard","meta":{"footnotes":""},"categories":[5],"tags":[36,2532,20,21,24,25,15,19,22,23,17,18,13,30,28,29,14,16,5944,1510,1923,26,27,224,2396],"class_list":{"0":"post-134838","1":"post","2":"type-post","3":"status-publish","4":"format-standard","5":"has-post-thumbnail","7":"category-overskrifter","8":"tag-art","9":"tag-bane-nor","10":"tag-breaking-news","11":"tag-breakingnews","12":"tag-featured-news","13":"tag-featurednews","14":"tag-headlines","15":"tag-hovedoppslag","16":"tag-latest-news","17":"tag-latestnews","18":"tag-main-news","19":"tag-mainnews","20":"tag-news","21":"tag-no","22":"tag-norge","23":"tag-norway","24":"tag-nyheter","25":"tag-overskrifter","26":"tag-ostfoldbanen","27":"tag-story","28":"tag-tog","29":"tag-top-stories","30":"tag-topstories","31":"tag-trafikk","32":"tag-vy"},"share_on_mastodon":{"url":"https:\/\/pubeurope.com\/@no\/115877892786656445","error":""},"_links":{"self":[{"href":"https:\/\/www.europesays.com\/no\/wp-json\/wp\/v2\/posts\/134838","targetHints":{"allow":["GET"]}}],"collection":[{"href":"https:\/\/www.europesays.com\/no\/wp-json\/wp\/v2\/posts"}],"about":[{"href":"https:\/\/www.europesays.com\/no\/wp-json\/wp\/v2\/types\/post"}],"author":[{"embeddable":true,"href":"https:\/\/www.europesays.com\/no\/wp-json\/wp\/v2\/users\/2"}],"replies":[{"embeddable":true,"href":"https:\/\/www.europesays.com\/no\/wp-json\/wp\/v2\/comments?post=134838"}],"version-history":[{"count":0,"href":"https:\/\/www.europesays.com\/no\/wp-json\/wp\/v2\/posts\/134838\/revisions"}],"wp:featuredmedia":[{"embeddable":true,"href":"https:\/\/www.europesays.com\/no\/wp-json\/wp\/v2\/media\/134839"}],"wp:attachment":[{"href":"https:\/\/www.europesays.com\/no\/wp-json\/wp\/v2\/media?parent=134838"}],"wp:term":[{"taxonomy":"category","embeddable":true,"href":"https:\/\/www.europesays.com\/no\/wp-json\/wp\/v2\/categories?post=134838"},{"taxonomy":"post_tag","embeddable":true,"href":"https:\/\/www.europesays.com\/no\/wp-json\/wp\/v2\/tags?post=134838"}],"curies":[{"name":"wp","href":"https:\/\/api.w.org\/{rel}","templated":true}]}}