{"id":134842,"date":"2026-01-11T18:40:10","date_gmt":"2026-01-11T18:40:10","guid":{"rendered":"https:\/\/www.europesays.com\/no\/134842\/"},"modified":"2026-01-11T18:40:10","modified_gmt":"2026-01-11T18:40:10","slug":"et-slag-i-trynet","status":"publish","type":"post","link":"https:\/\/www.europesays.com\/no\/134842\/","title":{"rendered":"\u2013 Et slag i trynet"},"content":{"rendered":"\n<p class=\"_lead_o9xde_2 _lead_xtcu6_50 layout-component text-serif-m layout-normal text-serif-l layout-component layout-wide layout-padded _wide_17hqh_1 layout-padded\">Grusomt tap p\u00e5 Old Trafford.<\/p>\n<p><img alt=\" Foto: Scott Heppell \/ Reuters \/ NTB\" class=\"_image_qp4xg_65 layout-component layout-wide\" data-fullscreen- data-track-element-type=\"Article image fullscreen\" data-track-name=\"ImageFullscreen\" fetchpriority=\"high\" decoding=\"sync\" loading=\"eager\" height=\"2006\" itemprop=\"image\"  src=\"https:\/\/www.europesays.com\/no\/wp-content\/uploads\/2026\/01\/d78af764-3b60-43de-8ed3-ea7587e14dfe.jpeg\"  style=\"object-position:0% 0%\" width=\"3010\"\/> Foto: Scott Heppell \/ Reuters \/ NTB<\/p>\n<ul aria-hidden=\"true\" class=\"_images_ntbth_112\">\n<li><a class=\"_link_ntbth_117\" href=\"https:\/\/www.vg.no\/forfatter\/jostein-overvik\" style=\"z-index:1\" title=\"Jostein Overvik\" rel=\"nofollow noopener\" target=\"_blank\"><img alt=\"Bilde av Jostein Overvik\" class=\"_image_ntbth_93\" fetchpriority=\"low\" loading=\"lazy\" decoding=\"async\" itemprop=\"image\"  src=\"https:\/\/www.europesays.com\/no\/wp-content\/uploads\/2026\/01\/1768156808_815_9167fa6a-7320-4d6f-b3c9-6c4ecb8beb8c.jpeg\"  width=\"480\"\/><\/a><\/li>\n<\/ul>\n<p> Oppdatert s\u00f8ndag 11. januar kl. 19:37     <\/p>\n<p class=\"_paragraph_o9xde_4 _paragraph_xtcu6_10 layout-component text-serif-m layout-normal text-serif-m layout-padded\">United-kaptein Bruno Fernandes og resten av klubben fikk en vond slutt p\u00e5 en brutal uke.<\/p>\n<p class=\"_paragraph_o9xde_4 _paragraph_xtcu6_10 layout-component text-serif-m layout-normal text-serif-m layout-padded\"><strong class=\"_strong_o9xde_25\">I l\u00f8pet av syv dager har <a href=\"https:\/\/www.vg.no\/tag\/manchester-united?utm_source=vg-article&amp;utm_medium=auto-tagger&amp;utm_campaign=Rj9zjr\" class=\"_link_o9xde_39\" rel=\"nofollow noopener\" target=\"_blank\">Manchester United<\/a> sparket manageren, spilt uavgjort mot nedrykkstruede Burnley, og mistet sesongens siste mulighet til \u00e5 ta en tittel.<\/strong><\/p>\n<p class=\"_paragraph_o9xde_4 _paragraph_xtcu6_10 layout-component text-serif-m layout-normal text-serif-m layout-padded\">Protestene mot Uniteds minoritetseier Jim Ratcliffe var p\u00e5 plass.<\/p>\n<p><img alt=\"Foto: Martin Rickett \/ Pa Photos \/ NTB\" class=\"_image_qp4xg_65 layout-component layout-normal\" data-fullscreen- data-track-element-type=\"Article image fullscreen\" data-track-name=\"ImageFullscreen\" decoding=\"async\" loading=\"lazy\" height=\"4000\" itemprop=\"image\"  src=\"https:\/\/www.europesays.com\/no\/wp-content\/uploads\/2026\/01\/e92b91ec-8c6a-4932-863e-671ca27d2640.jpeg\"  style=\"object-position:0% 0%\" width=\"6000\"\/>Foto: Martin Rickett \/ Pa Photos \/ NTB<\/p>\n<p class=\"_paragraph_o9xde_4 _paragraph_xtcu6_10 layout-component text-serif-m layout-normal text-serif-m layout-padded\">For Ole Gunnar Solskj\u00e6r tar eventuelt over en klubb som slettes ikke lever opp til statusen som verdens mest kjente fotballklubb. Manchester United har ikke mer enn tre tap p\u00e5 de 16 siste kampene, men bare seks av matchene er vunnet.<\/p>\n<p class=\"_paragraph_o9xde_4 _paragraph_xtcu6_10 layout-component text-serif-m layout-normal text-serif-m layout-padded\">3. runde i FA-cupen kunne blitt et vendepunkt mot et Brighton med nykomponerte stopperpar og reservekeeperen i m\u00e5l. I stedet forsvant Manchester United med tretten titler ut av FA-cupen i f\u00f8rste fors\u00f8k for tredje gang p\u00e5 40 \u00e5r. Sist var under David Moyes i 2014.<\/p>\n<p><img alt=\"Foto: Martin Rickett \/ Pa Photos \/ NTB\" class=\"_image_qp4xg_65 layout-component layout-normal\" data-fullscreen- data-track-element-type=\"Article image fullscreen\" data-track-name=\"ImageFullscreen\" decoding=\"async\" loading=\"lazy\" height=\"1765\" itemprop=\"image\"  src=\"https:\/\/www.europesays.com\/no\/wp-content\/uploads\/2026\/01\/4547cbfd-6ecb-4b02-8a41-741f0ae073ff.png\"  style=\"object-position:0% 0%\" width=\"2639\"\/>Foto: Martin Rickett \/ Pa Photos \/ NTB<\/p>\n<p class=\"_paragraph_o9xde_4 _paragraph_xtcu6_10 layout-component text-serif-m layout-normal text-serif-m layout-padded\">Allerede etter to minutter kom Diogo Dalot alene med Brighton-keeperen etter fint spill. Men Jason Steele reddet godt. Han fortsatte med sikker opptreden i en 1. omgang som neppe gjorde midlertidige manager Darren Fletcher glad.<\/p>\n<p class=\"_paragraph_o9xde_4 _paragraph_xtcu6_10 layout-component text-serif-m layout-normal text-serif-m layout-padded\">Etter 12 minutter gikk det galt.<\/p>\n<p><img alt=\"Foto: PETER POWELL \/ AFP \/ NTB\" class=\"_image_qp4xg_65 layout-component layout-normal\" data-fullscreen- data-track-element-type=\"Article image fullscreen\" data-track-name=\"ImageFullscreen\" decoding=\"async\" loading=\"lazy\" height=\"2333\" itemprop=\"image\"  src=\"https:\/\/www.europesays.com\/no\/wp-content\/uploads\/2026\/01\/c1c9fdfd-fe3a-49da-8bf6-b59975ad11de.png\"  style=\"object-position:0% 0%\" width=\"3500\"\/>Foto: PETER POWELL \/ AFP \/ NTB<\/p>\n<ul class=\"_list_o9xde_3 _list_xtcu6_9 _unordered_o9xde_106 layout-component text-serif-m layout-normal text-serif-m layout-padded\">\n<li class=\"_item_o9xde_30\"><strong class=\"_strong_o9xde_25\">0\u20131: <\/strong>Brighton spilte fint opp p\u00e5 venstre. Danny Welbeck rykket seg fint fri inne i feltet og kom til innlegg. United-keeper Senne Lammens reddet Georginio Rutters heading, men Brajan Gruda satte inn returen.<\/li>\n<\/ul>\n<p class=\"_paragraph_o9xde_4 _paragraph_xtcu6_10 layout-component text-serif-m layout-normal text-serif-m layout-padded\">\u2013 Et slag i trynet, beskriver TV 2-ekspert Erik Thorstvedt.<\/p>\n<p class=\"_paragraph_o9xde_4 _paragraph_xtcu6_10 layout-component text-serif-m layout-normal text-serif-m layout-padded\">Lammens gjorde rett etterp\u00e5 en kjempebr\u00f8ler. M\u00e5lvakten serverte Welbeck ballen, men reddet skuddet fra den tidligere United-spissen.<\/p>\n<p class=\"_paragraph_o9xde_4 _paragraph_xtcu6_10 layout-component text-serif-m layout-normal text-serif-m layout-padded\">Brighton fikk etter hvert kontroll p\u00e5 Manchester United.<\/p>\n<p class=\"_paragraph_o9xde_4 _paragraph_xtcu6_10 layout-component text-serif-m layout-normal text-serif-m layout-padded\">Det fortsatte etter pause.<\/p>\n<p class=\"_paragraph_o9xde_4 _paragraph_xtcu6_10 layout-component text-serif-m layout-normal text-serif-m layout-padded\"><strong class=\"_strong_o9xde_25\">35-\u00e5ringen Danny Welbeck \u2013 ligamester med United i 2013 \u2013 var sammen med m\u00e5lscorer Gruda et konstant problem for United.<\/strong><\/p>\n<p class=\"_paragraph_o9xde_4 _paragraph_xtcu6_10 layout-component text-serif-m layout-normal text-serif-m layout-padded\">Etter at Welbeck hadde p\u00e5f\u00f8rt 20-\u00e5ringen Kobbie Mainoo gult kort i en l\u00f8psduell, satte Brighton-duoen et nytt gr\u00e5tt h\u00e5r i hodet p\u00e5 Fletcher.<\/p>\n<ul class=\"_list_o9xde_3 _list_xtcu6_9 _unordered_o9xde_106 layout-component text-serif-m layout-normal text-serif-m layout-padded\">\n<li class=\"_item_o9xde_30\"><strong class=\"_strong_o9xde_25\">0\u20132: <\/strong>Gruda finner Welbeck som hamrer ballen opp i Lammens h\u00f8yre hj\u00f8rne. En fantastisk scoring regissert og utf\u00f8rt av kampens to n\u00f8kkelspillere mot et United-forsvar \u00e5pent som en l\u00e5ved\u00f8r. Welbecks \u00e5ttende scoring mot gamleklubben.<\/li>\n<\/ul>\n<p><img alt=\"Foto: PETER POWELL \/ AFP \/ NTB\" class=\"_image_qp4xg_65 layout-component layout-normal\" data-fullscreen- data-track-element-type=\"Article image fullscreen\" data-track-name=\"ImageFullscreen\" decoding=\"async\" loading=\"lazy\" height=\"3254\" itemprop=\"image\"  src=\"https:\/\/www.europesays.com\/no\/wp-content\/uploads\/2026\/01\/4c7ea8c3-177a-498d-95c2-5726a52c92a1.png\"  style=\"object-position:0% 0%\" width=\"4881\"\/>Foto: PETER POWELL \/ AFP \/ NTB<\/p>\n<p class=\"_paragraph_o9xde_4 _paragraph_xtcu6_10 layout-component text-serif-m layout-normal text-serif-m layout-padded\">\u2013 Manchester United fremst\u00e5r som stresset, mens det oser ro av Brighton, beskriver TV 2-ekspert Simen Stams\u00f8 M\u00f8ller.<\/p>\n<p class=\"_paragraph_o9xde_4 _paragraph_xtcu6_10 layout-component text-serif-m layout-normal text-serif-m layout-padded\">Men Old Trafford fikk endelig noe \u00e5 juble for fem minutter f\u00f8r slutt. Harry Maguire var kommet p\u00e5 banen. En corner tente h\u00e5pet.<\/p>\n<ul class=\"_list_o9xde_3 _list_xtcu6_9 _unordered_o9xde_106 layout-component text-serif-m layout-normal text-serif-m layout-padded\">\n<li class=\"_item_o9xde_30\"><strong class=\"_strong_o9xde_25\">1\u20132:<\/strong> Bruno Fernandes la ballen p\u00e5 bakerste stolpe. Der sto \u00abt\u00e5rnene\u00bb Benjamin Sesko og Maguire. Sesko fikk kreditert scoringen p\u00e5 heading.<\/li>\n<\/ul>\n<p><img alt=\"Foto: PETER POWELL \/ AFP \/ NTB\" class=\"_image_qp4xg_65 layout-component layout-normal\" data-fullscreen- data-track-element-type=\"Article image fullscreen\" data-track-name=\"ImageFullscreen\" decoding=\"async\" loading=\"lazy\" height=\"2639\" itemprop=\"image\"  src=\"https:\/\/www.europesays.com\/no\/wp-content\/uploads\/2026\/01\/56bffc5d-3f31-4c36-956b-2dea46af5304.jpeg\"  style=\"object-position:0% 0%\" width=\"3958\"\/>Foto: PETER POWELL \/ AFP \/ NTB<\/p>\n<p class=\"_paragraph_o9xde_4 _paragraph_xtcu6_10 layout-component text-serif-m layout-normal text-serif-m layout-padded\">18-\u00e5rige Shea Lacey fikk gult kort to minutter etterp\u00e5. Tre minutter senere kastet Lacey ballen i bakken. Dommer Simon Hooper dro ub\u00f8nnh\u00f8rlig opp det gule kortet igjen da matchuret tikket mot full tid.<\/p>\n<p class=\"_paragraph_o9xde_4 _paragraph_xtcu6_10 layout-component text-serif-m layout-normal text-serif-m layout-padded\">\u2013 Utrolig synd, mener Stams\u00f8 M\u00f8ller.<\/p>\n<p class=\"_paragraph_o9xde_4 _paragraph_xtcu6_10 layout-component text-serif-m layout-normal text-serif-m layout-padded\">Hjemmelaget gjorde en helhjertet sluttspurt, men lykkes ikke.<\/p>\n<p class=\"_paragraph_o9xde_4 _paragraph_xtcu6_10 layout-component text-serif-m layout-normal text-serif-m layout-padded\"><strong class=\"_strong_o9xde_25\">Manchester United har aldri f\u00f8r tapt en FA cup-kamp mot Brighton. Rekken med seks strake seire \u2013 inkludert cupfinalen i 1983 \u2013 er brutt.<\/strong><\/p>\n","protected":false},"excerpt":{"rendered":"Grusomt tap p\u00e5 Old Trafford. Foto: Scott Heppell \/ Reuters \/ NTB Oppdatert s\u00f8ndag 11. januar kl. 19:37&hellip;\n","protected":false},"author":2,"featured_media":134843,"comment_status":"","ping_status":"","sticky":false,"template":"","format":"standard","meta":{"footnotes":""},"categories":[5],"tags":[20,21,2139,15395,24,25,92,15,19,22,23,17,18,158,13,30,28,29,14,16,26,27],"class_list":{"0":"post-134842","1":"post","2":"type-post","3":"status-publish","4":"format-standard","5":"has-post-thumbnail","7":"category-overskrifter","8":"tag-breaking-news","9":"tag-breakingnews","10":"tag-brighton-hove-albion-fc","11":"tag-fa-cupen","12":"tag-featured-news","13":"tag-featurednews","14":"tag-fotball","15":"tag-headlines","16":"tag-hovedoppslag","17":"tag-latest-news","18":"tag-latestnews","19":"tag-main-news","20":"tag-mainnews","21":"tag-manchester-united","22":"tag-news","23":"tag-no","24":"tag-norge","25":"tag-norway","26":"tag-nyheter","27":"tag-overskrifter","28":"tag-top-stories","29":"tag-topstories"},"share_on_mastodon":{"url":"https:\/\/pubeurope.com\/@no\/115877932154033169","error":""},"_links":{"self":[{"href":"https:\/\/www.europesays.com\/no\/wp-json\/wp\/v2\/posts\/134842","targetHints":{"allow":["GET"]}}],"collection":[{"href":"https:\/\/www.europesays.com\/no\/wp-json\/wp\/v2\/posts"}],"about":[{"href":"https:\/\/www.europesays.com\/no\/wp-json\/wp\/v2\/types\/post"}],"author":[{"embeddable":true,"href":"https:\/\/www.europesays.com\/no\/wp-json\/wp\/v2\/users\/2"}],"replies":[{"embeddable":true,"href":"https:\/\/www.europesays.com\/no\/wp-json\/wp\/v2\/comments?post=134842"}],"version-history":[{"count":0,"href":"https:\/\/www.europesays.com\/no\/wp-json\/wp\/v2\/posts\/134842\/revisions"}],"wp:featuredmedia":[{"embeddable":true,"href":"https:\/\/www.europesays.com\/no\/wp-json\/wp\/v2\/media\/134843"}],"wp:attachment":[{"href":"https:\/\/www.europesays.com\/no\/wp-json\/wp\/v2\/media?parent=134842"}],"wp:term":[{"taxonomy":"category","embeddable":true,"href":"https:\/\/www.europesays.com\/no\/wp-json\/wp\/v2\/categories?post=134842"},{"taxonomy":"post_tag","embeddable":true,"href":"https:\/\/www.europesays.com\/no\/wp-json\/wp\/v2\/tags?post=134842"}],"curies":[{"name":"wp","href":"https:\/\/api.w.org\/{rel}","templated":true}]}}