{"id":134846,"date":"2026-01-11T18:49:13","date_gmt":"2026-01-11T18:49:13","guid":{"rendered":"https:\/\/www.europesays.com\/no\/134846\/"},"modified":"2026-01-11T18:49:13","modified_gmt":"2026-01-11T18:49:13","slug":"nabolaget-i-vestskogen-er-dypt-preget-etter-funnet-av-savnende-kvinnen-dette-er-tungt-tonsbergs-blad","status":"publish","type":"post","link":"https:\/\/www.europesays.com\/no\/134846\/","title":{"rendered":"Nabolaget i Vestskogen er dypt preget etter funnet av savnende kvinnen: \u2013 Dette er tungt &#8211; T\u00f8nsbergs Blad"},"content":{"rendered":"<ol>\n<li><a href=\"https:\/\/news.google.com\/rss\/articles\/CBMiugFBVV95cUxPWWR2SDhxSEtRenhMN002TFk4T2tzMkMtMmdWdWVudWI5cG5QWjJxbzlzSEJNandBdElqTW8wdzZYV1ljdk1TZ2NYWjc2dG1wOXBfNTRVUld6d1gwbFZjSW9ydTZuaTRjd0RoeTIyX19zQ1NBSlI1elUtZUVldHpZY2Frc1lRVnNKejdfNE9wbW45aGJWa090R0FlaElyRjRJOVducDNWRUJBS3FDTWRFTlVEbDBaMHdwNXc?oc=5\" target=\"_blank\" rel=\"nofollow noopener\">Nabolaget i Vestskogen er dypt preget etter funnet av savnende kvinnen: \u2013 Dette er tungt<\/a>&nbsp;&nbsp;T\u00f8nsbergs Blad<\/li>\n<li><a href=\"https:\/\/news.google.com\/rss\/articles\/CBMieEFVX3lxTE1Xb3J0T2xHemFUTWg0em1CWUJHU1lGUnpYcHlXdEprRXVRUVlDMlptR0p2eFh1LXBtOHUzYlQ0Ym51NFREUG42Zm5NcXRfcnBGV29DYjRrRHQzS2FqMmVYMkJaU0xBY2pTVGpFNzBaeEpnMFFqQTRHYQ?oc=5\" target=\"_blank\" rel=\"nofollow noopener\">Vestskogen, N\u00f8tter\u00f8y | Kvinne som passer til beskrivelsen av den savnede er funnet<\/a>&nbsp;&nbsp;T\u00f8nsbergs Blad<\/li>\n<li><a href=\"https:\/\/news.google.com\/rss\/articles\/CBMiiAFBVV95cUxPVjA0TXBMOGJIQWhFRlNKb3otT2NmYXp1N0NQZ2xiWkprREhFWDFNQlkwVXQ0aEZjOGhHUTVfRmhFajBGaE5ZOW81aGVIZlNYRjh6LVI4M3ZNcGVwYXlVYk9MUTFGUlZPZ3IxdmtSU1V0QkpkOGNrVUhmV2M2TmVCakNMRkRQZUFO?oc=5\" target=\"_blank\" rel=\"nofollow noopener\">Savnet, N\u00f8tter\u00f8y | Har funnet livl\u00f8s kvinne utend\u00f8rs etter tips<\/a>&nbsp;&nbsp;\u00d8yene<\/li>\n<li><a href=\"https:\/\/news.google.com\/rss\/articles\/CBMijwFBVV95cUxQek11VzZRY3pWakNlZjh5M2ZFbDBfWjJXd08zOWloMkh2TFo0eS1iNFNSX3Q0bmtUZGdfZTEyVWZjdjlEdDdLOFZqaGtQQjhhMG8xVktpR1JFODEyb09IM0l0cWtNWDlyT0pyeVEweVA5RHBHXzB0eXlYMGc3NWhVT01LdXdBTDVKemN3NGw1cw?oc=5\" target=\"_blank\" rel=\"nofollow noopener\">Leteaksjon, Vestskogen | \u2013 Jeg ville g\u00e5 rundt \u00e5 lete. Jeg har kjent henne i 30 \u00e5r<\/a>&nbsp;&nbsp;T\u00f8nsbergs Blad<\/li>\n<\/ol>\n","protected":false},"excerpt":{"rendered":"Nabolaget i Vestskogen er dypt preget etter funnet av savnende kvinnen: \u2013 Dette er tungt&nbsp;&nbsp;T\u00f8nsbergs Blad Vestskogen, N\u00f8tter\u00f8y&hellip;\n","protected":false},"author":2,"featured_media":134847,"comment_status":"","ping_status":"","sticky":false,"template":"","format":"standard","meta":{"footnotes":""},"categories":[10],"tags":[20,21,24,25,15,22,23,13,30,28,29,14,16,26,27],"class_list":{"0":"post-134846","1":"post","2":"type-post","3":"status-publish","4":"format-standard","5":"has-post-thumbnail","7":"category-norge","8":"tag-breaking-news","9":"tag-breakingnews","10":"tag-featured-news","11":"tag-featurednews","12":"tag-headlines","13":"tag-latest-news","14":"tag-latestnews","15":"tag-news","16":"tag-no","17":"tag-norge","18":"tag-norway","19":"tag-nyheter","20":"tag-overskrifter","21":"tag-top-stories","22":"tag-topstories"},"share_on_mastodon":{"url":"https:\/\/pubeurope.com\/@no\/115877967540540531","error":""},"_links":{"self":[{"href":"https:\/\/www.europesays.com\/no\/wp-json\/wp\/v2\/posts\/134846","targetHints":{"allow":["GET"]}}],"collection":[{"href":"https:\/\/www.europesays.com\/no\/wp-json\/wp\/v2\/posts"}],"about":[{"href":"https:\/\/www.europesays.com\/no\/wp-json\/wp\/v2\/types\/post"}],"author":[{"embeddable":true,"href":"https:\/\/www.europesays.com\/no\/wp-json\/wp\/v2\/users\/2"}],"replies":[{"embeddable":true,"href":"https:\/\/www.europesays.com\/no\/wp-json\/wp\/v2\/comments?post=134846"}],"version-history":[{"count":0,"href":"https:\/\/www.europesays.com\/no\/wp-json\/wp\/v2\/posts\/134846\/revisions"}],"wp:featuredmedia":[{"embeddable":true,"href":"https:\/\/www.europesays.com\/no\/wp-json\/wp\/v2\/media\/134847"}],"wp:attachment":[{"href":"https:\/\/www.europesays.com\/no\/wp-json\/wp\/v2\/media?parent=134846"}],"wp:term":[{"taxonomy":"category","embeddable":true,"href":"https:\/\/www.europesays.com\/no\/wp-json\/wp\/v2\/categories?post=134846"},{"taxonomy":"post_tag","embeddable":true,"href":"https:\/\/www.europesays.com\/no\/wp-json\/wp\/v2\/tags?post=134846"}],"curies":[{"name":"wp","href":"https:\/\/api.w.org\/{rel}","templated":true}]}}